{"id":7725,"date":"2013-01-12T11:53:25","date_gmt":"2013-01-12T10:53:25","guid":{"rendered":"http:\/\/fa86.noblogs.org\/?p=7725"},"modified":"2013-01-14T09:05:15","modified_gmt":"2013-01-14T08:05:15","slug":"a-bas-les-accords-de-flexisecurite-a-bas-les-bureaucrates","status":"publish","type":"post","link":"https:\/\/fa86.noblogs.org\/?p=7725","title":{"rendered":"A bas les accords de \u00ab\u00a0flexis\u00e9curit\u00e9\u00a0\u00bb, \u00e0 bas les bureaucrates !"},"content":{"rendered":"<p style=\"text-align: justify\">Hier soir, les\u00a0organisations patronales (MEDEF en t\u00eate, avec CGPME et UPA) et les\u00a0trois bureaucraties syndicales les plus r\u00e9formardes du paysage syndical fran\u00e7ais\u00a0sinistr\u00e9 (CFDT en t\u00eate, mais aussi CFE-CGC et CFTC), se sont mises d&rsquo;accord pour un accord validant la mise en place d&rsquo;une \u00ab\u00a0flexis\u00e9curit\u00e9\u00a0\u00bb.<\/p>\n<p style=\"text-align: justify\">La CGT et FO rejettent vivement cet accord, qu&rsquo;elles estiment pr\u00e9judiciables aux salari\u00e9-e-s. Or le fait est que cet accord est permis par les lois sur la repr\u00e9sentativit\u00e9 syndicale, impuls\u00e9es par la CFDT, mais aussi la CGT, dans le but d&rsquo;acqu\u00e9rir une h\u00e9g\u00e9monie sur le syndicalisme fran\u00e7ais :\u00a0il suffit que trois syndicats sur cinq signent pour valider un accord, c&rsquo;est chose faite. L&rsquo;Etat envisage un projet de loi en mars, le passage au parlement en avril et au S\u00e9nat en mai, pour une promulgation fin mai.<\/p>\n<p style=\"text-align: justify\">En quoi consistent ces ridicules\u00a0\u00ab\u00a0avanc\u00e9es\u00a0\u00bb salu\u00e9es par ces trois syndicats pourris ? En une \u00ab\u00a0g\u00e9n\u00e9ralisation\u00a0\u00bb d&rsquo;une compl\u00e9mentaire sant\u00e9 mis\u00e9rable, en une \u00ab\u00a0limitation\u00a0\u00bb faiblarde d&rsquo;un temps partiel qui ne compensera \u00e9videmment pas l&rsquo;explosion de celui-ci cette derni\u00e8re d\u00e9cennie, et des droits \u00ab\u00a0rechargeables\u00a0\u00bb (clic-clic) \u00e0 l&rsquo;assurance-ch\u00f4mage, le patronat conc\u00e9dant une d\u00e9risoire augmentation des cotisations correspondantes, qui ne rattrappera \u00e9videmment pas la masse des d\u00e9fiscalisations accumul\u00e9es ces derni\u00e8res d\u00e9cennies. Ces droits rechargeables seront surtout l&rsquo;occasion de permettre aux patrons de payer encore moins les salari\u00e9-e-s \u00e0 l&#8217;embauche, sous pr\u00e9texte qu&rsquo;ils-elles continueront de percevoir des allocs&#8230;<\/p>\n<p style=\"text-align: justify\">Le patronat a quant \u00e0 lui des raisons d&rsquo;exulter. L&rsquo;accord consiste en effet, non seulement \u00e0 faciliter la baisse des salaires et du temps de travail en cas de \u00ab\u00a0difficult\u00e9s\u00a0\u00bb\u00a0pour les entreprises, mais aussi\u00a0\u00e0 faciliter les licenciements en les \u00ab\u00a0d\u00e9judiciarisant\u00a0\u00bb, et \u00e0 rendre obligatoire la \u00ab\u00a0mobilit\u00e9\u00a0\u00bb des salari\u00e9-e-s en cas de restructurations, qui se passeront d\u00e9sormais de plans sociaux et d&rsquo;indemnit\u00e9s ! Alors que dans les faits,\u00a0c&rsquo;est depuis de nombreuses ann\u00e9es le seul et dernier retranchement de lutte d\u00e9fensive chez les salari\u00e9-e-s, broy\u00e9-e-s par la logique du profit&#8230; Les bureaucrates syndicaux n&rsquo;auront m\u00eame plus besoin d&rsquo;\u00e9touffer et de l\u00e2cher leurs bases quand elles lutteront pour des indemnit\u00e9s lors de restructurations et de plans de\u00a0licenciements.<\/p>\n<p style=\"text-align: justify\">S&rsquo;il \u00e9tait encore besoin d&rsquo;argumenter pour foutre ces bureaucraties \u00e0 la poubelle, ce dernier accord ent\u00e9rine ce que nous disons depuis longtemps. Parisot ne s&rsquo;y trompe pas, voyant dans cet accord la cons\u00e9cration d&rsquo;une \u00ab\u00a0culture du compromis\u00a0\u00bb contre \u00ab\u00a0une philosophie de l&rsquo;antagonisme social\u00a0\u00bb&#8230; Quel camouflet \u00e0 la lutte de classe ! Depuis des ann\u00e9es que les capitalistes r\u00e9clament une \u00ab\u00a0flexibilisation\u00a0\u00bb des salari\u00e9-e-s afin de les presser un peu plus sous le joug de la \u00ab\u00a0comp\u00e9titivit\u00e9\u00a0\u00bb, il obtiennent cette victoire de plus, avec l&rsquo;aval d&rsquo;un gouvernement \u00ab\u00a0socialiste\u00a0\u00bb et de syndicats hostiles \u00e0 la lutte, nourris au biberon des subventions de l&rsquo;Etat et du Capital.<\/p>\n<p style=\"text-align: justify\">Assez du \u00ab\u00a0dialogue social\u00a0\u00bb bidon pour neutraliser les luttes ! Assez des \u00ab\u00a0compromis\u00a0\u00bb-sions avec capitalisme et Etat qui m\u00e9prisent les\u00a0prol\u00e9taires avec le dernier cynisme ! Assez de ces bureaucraties syndicales pourries, rouages de la machine \u00e0 d\u00e9poss\u00e9der !<\/p>\n<p style=\"text-align: justify\">Rien \u00e0 discuter, rien \u00e0 n\u00e9gocier : plus que jamais, construisons ensemble\u00a0la lutte\u00a0autonome et ind\u00e9pendante des domin\u00e9-e-s et des exploit\u00e9-e-s, contre la domination et la morgue de tous ces \u00ab\u00a0\u00e9lus\u00a0\u00bb qui pr\u00e9tendent nous \u00ab\u00a0repr\u00e9senter\u00a0\u00bb.\u00a0Pour en finir avec la d\u00e9possession \u00e9conomique et politique, il faut nous organiser sans chefs.<\/p>\n<p style=\"text-align: justify\">Nos vies ne leur appartiennent pas.<\/p>\n<p style=\"text-align: justify\"><em>Pavillon Noir, 12 janvier 2013<\/em><\/p>\n<p style=\"text-align: justify\"><strong><em>Mise \u00e0 jour 14 janvier : voir ces accords <a href=\"http:\/\/www.filoche.net\/2013\/01\/12\/rien-contre-le-chomage-le-medef-a-bloque-tout-avancee-pour-les-salaries-dans-cet-accord-axa-signe-par-une-minorite-syndicale\/\" target=\"_blank\">pass\u00e9s \u00e0 la moulinette par G. Filoche<\/a>.<\/em><\/strong><\/p>\n","protected":false},"excerpt":{"rendered":"<p>Hier soir, les\u00a0organisations patronales (MEDEF en t\u00eate, avec CGPME et UPA) et les\u00a0trois bureaucraties syndicales les plus r\u00e9formardes du paysage syndical fran\u00e7ais\u00a0sinistr\u00e9 (CFDT en t\u00eate, mais aussi CFE-CGC et CFTC), se sont mises d&rsquo;accord pour un accord validant la mise en place d&rsquo;une \u00ab\u00a0flexis\u00e9curit\u00e9\u00a0\u00bb. La CGT et FO rejettent vivement cet accord, qu&rsquo;elles estiment pr\u00e9judiciables &hellip; <a href=\"https:\/\/fa86.noblogs.org\/?p=7725\" class=\"more-link\">Continuer la lecture de <span class=\"screen-reader-text\">A bas les accords de \u00ab\u00a0flexis\u00e9curit\u00e9\u00a0\u00bb, \u00e0 bas les bureaucrates !<\/span> <span class=\"meta-nav\">&rarr;<\/span><\/a><\/p>\n","protected":false},"author":2691,"featured_media":0,"comment_status":"open","ping_status":"open","sticky":false,"template":"","format":"standard","meta":{"footnotes":""},"categories":[26,8,22,16],"tags":[],"class_list":["post-7725","post","type-post","status-publish","format-standard","hentry","category-construction-du-desert","category-ecrits","category-le-travail-tue","category-repression"],"_links":{"self":[{"href":"https:\/\/fa86.noblogs.org\/index.php?rest_route=\/wp\/v2\/posts\/7725","targetHints":{"allow":["GET"]}}],"collection":[{"href":"https:\/\/fa86.noblogs.org\/index.php?rest_route=\/wp\/v2\/posts"}],"about":[{"href":"https:\/\/fa86.noblogs.org\/index.php?rest_route=\/wp\/v2\/types\/post"}],"author":[{"embeddable":true,"href":"https:\/\/fa86.noblogs.org\/index.php?rest_route=\/wp\/v2\/users\/2691"}],"replies":[{"embeddable":true,"href":"https:\/\/fa86.noblogs.org\/index.php?rest_route=%2Fwp%2Fv2%2Fcomments&post=7725"}],"version-history":[{"count":7,"href":"https:\/\/fa86.noblogs.org\/index.php?rest_route=\/wp\/v2\/posts\/7725\/revisions"}],"predecessor-version":[{"id":7728,"href":"https:\/\/fa86.noblogs.org\/index.php?rest_route=\/wp\/v2\/posts\/7725\/revisions\/7728"}],"wp:attachment":[{"href":"https:\/\/fa86.noblogs.org\/index.php?rest_route=%2Fwp%2Fv2%2Fmedia&parent=7725"}],"wp:term":[{"taxonomy":"category","embeddable":true,"href":"https:\/\/fa86.noblogs.org\/index.php?rest_route=%2Fwp%2Fv2%2Fcategories&post=7725"},{"taxonomy":"post_tag","embeddable":true,"href":"https:\/\/fa86.noblogs.org\/index.php?rest_route=%2Fwp%2Fv2%2Ftags&post=7725"}],"curies":[{"name":"wp","href":"https:\/\/api.w.org\/{rel}","templated":true}]}}