{"id":7731,"date":"2013-01-12T17:56:10","date_gmt":"2013-01-12T16:56:10","guid":{"rendered":"http:\/\/fa86.noblogs.org\/?p=7731"},"modified":"2013-01-12T17:56:10","modified_gmt":"2013-01-12T16:56:10","slug":"poitiers-une-gaie-manif-pour-legalite-des-droits","status":"publish","type":"post","link":"https:\/\/fa86.noblogs.org\/?p=7731","title":{"rendered":"[Poitiers] Une gaie manif pour l&rsquo;\u00e9galit\u00e9 des droits"},"content":{"rendered":"<p style=\"text-align: justify\"><a href=\"http:\/\/www.lanouvellerepublique.fr\/Vienne\/Actualite\/24-Heures\/n\/Contenus\/Articles\/2013\/01\/12\/Pres-de-400-pour-le-mariage-pour-tous-a-Poitiers\" target=\"_blank\"><strong>Pr\u00e8s de 400 \u00ab\u00a0pour\u00a0\u00bb le mariage pour tous \u00e0 Poitiers<\/strong><\/p>\n<p><\/a><\/p>\n<p style=\"text-align: justify\"><img loading=\"lazy\" decoding=\"async\" class=\"alignnone\" alt=\"\" src=\"http:\/\/www.lanouvellerepublique.fr\/var\/nrv2\/storage\/images\/contenus\/articles\/2013\/01\/12\/pres-de-400-pour-le-mariage-pour-tous-a-poitiers\/24214673-1-fre-FR\/Pres-de-400-pour-le-mariage-pour-tous-a-Poitiers_reference.jpg\" width=\"600\" height=\"450\" \/><\/p>\n<p style=\"text-align: justify\"><em>Le cort\u00e8ge s&rsquo;est arr\u00eat\u00e9 quelques instants devant l&rsquo;\u00e9glise Notre-Dame-la-Grande, dans le centre-ville de Poitiers. &#8211; (dr)<\/em><\/p>\n<p id=\"articleChapo\" style=\"text-align: justify\">Pr\u00e8s de 400 personnes se sont rassembl\u00e9es place Leclerc cet apr\u00e8s-midi en r\u00e9action aux propos homophobes et \u00e0 la manifestation de demain contre le mariage pour tous.<\/p>\n<div style=\"text-align: justify\">\n<div><a href=\"http:\/\/memorix.sdv.fr\/5c\/www.lanouvellerepublique.fr\/actualite\/24-heures_articles\/86\/poitiers\/86194\/659170709\/Position1\/default\/empty.gif\/5575556e555644786c466741424f6c6c\" target=\"_blank\"><img loading=\"lazy\" decoding=\"async\" alt=\"\" src=\"http:\/\/memorix.sdv.fr\/0\/default\/empty.gif\" width=\"1\" height=\"1\" border=\"0\" \/><\/a><\/div>\n<\/div>\n<div id=\"text\" style=\"text-align: justify\">\n<p>A l&rsquo;appel des associations homosexuelles \u00ab\u00a0En Tous Genres\u00a0\u00bb et \u00ab\u00a0David et Jonathan\u00a0\u00bb ainsi que de certains partis politiques, envrion 400 personnes ont pris part au rassemblement place Leclerc, \u00e0 Poitiers, cet apr\u00e8s-midi pour affirmer que les homosexuels \u00ab\u00a0ont les m\u00eames droits que les h\u00e9t\u00e9rosexuels \u00e0 se marier et \u00e0 adopter des enfants\u00a0\u00bb.<\/p>\n<p>Ce rassemblement est \u00e0 mettre en lien avec la manifestation de demain \u00e0 Paris organis\u00e9e par les opposants au mariage homosexuel et pour d\u00e9noncer \u00ab\u00a0les discours homophobes matraqu\u00e9s depuis des mois\u00a0\u00bb, selon David Allizard, pr\u00e9sident de l&rsquo;association \u00ab\u00a0En tous genres\u00a0\u00bb \u00e0 Poitiers.<\/p>\n<p>Le groupe a ensuite form\u00e9 un cort\u00e8ge pour emprunt\u00e9 les rues pi\u00e9tonnes du centre-ville afin de passer devant des monuments symboliques : l&rsquo;\u00e9glise Notre-Dame, le palais de justice et la pr\u00e9fecture. \u00ab\u00a0On entend la m\u00eame chose depuis 14 ans, date de la mise en place du PACS, et les id\u00e9es \u00e9mises depuis l&rsquo;annonce de ce projet de loi ne sont que l&rsquo;expression d&rsquo;une homophobie latente\u00a0\u00bb.<\/p>\n<p><em>Nouvelle R\u00e9publique, 12 janvier 2012<\/em><\/p>\n<\/div>\n","protected":false},"excerpt":{"rendered":"<p>Pr\u00e8s de 400 \u00ab\u00a0pour\u00a0\u00bb le mariage pour tous \u00e0 Poitiers Le cort\u00e8ge s&rsquo;est arr\u00eat\u00e9 quelques instants devant l&rsquo;\u00e9glise Notre-Dame-la-Grande, dans le centre-ville de Poitiers. &#8211; (dr) Pr\u00e8s de 400 personnes se sont rassembl\u00e9es place Leclerc cet apr\u00e8s-midi en r\u00e9action aux propos homophobes et \u00e0 la manifestation de demain contre le mariage pour tous. A l&rsquo;appel &hellip; <a href=\"https:\/\/fa86.noblogs.org\/?p=7731\" class=\"more-link\">Continuer la lecture de <span class=\"screen-reader-text\">[Poitiers] Une gaie manif pour l&rsquo;\u00e9galit\u00e9 des droits<\/span> <span class=\"meta-nav\">&rarr;<\/span><\/a><\/p>\n","protected":false},"author":2691,"featured_media":0,"comment_status":"open","ping_status":"open","sticky":false,"template":"","format":"standard","meta":{"footnotes":""},"categories":[9,14,24],"tags":[],"class_list":["post-7731","post","type-post","status-publish","format-standard","hentry","category-la-rue-grogne","category-questions-de-genres","category-riposte-athee"],"_links":{"self":[{"href":"https:\/\/fa86.noblogs.org\/index.php?rest_route=\/wp\/v2\/posts\/7731","targetHints":{"allow":["GET"]}}],"collection":[{"href":"https:\/\/fa86.noblogs.org\/index.php?rest_route=\/wp\/v2\/posts"}],"about":[{"href":"https:\/\/fa86.noblogs.org\/index.php?rest_route=\/wp\/v2\/types\/post"}],"author":[{"embeddable":true,"href":"https:\/\/fa86.noblogs.org\/index.php?rest_route=\/wp\/v2\/users\/2691"}],"replies":[{"embeddable":true,"href":"https:\/\/fa86.noblogs.org\/index.php?rest_route=%2Fwp%2Fv2%2Fcomments&post=7731"}],"version-history":[{"count":2,"href":"https:\/\/fa86.noblogs.org\/index.php?rest_route=\/wp\/v2\/posts\/7731\/revisions"}],"predecessor-version":[{"id":7733,"href":"https:\/\/fa86.noblogs.org\/index.php?rest_route=\/wp\/v2\/posts\/7731\/revisions\/7733"}],"wp:attachment":[{"href":"https:\/\/fa86.noblogs.org\/index.php?rest_route=%2Fwp%2Fv2%2Fmedia&parent=7731"}],"wp:term":[{"taxonomy":"category","embeddable":true,"href":"https:\/\/fa86.noblogs.org\/index.php?rest_route=%2Fwp%2Fv2%2Fcategories&post=7731"},{"taxonomy":"post_tag","embeddable":true,"href":"https:\/\/fa86.noblogs.org\/index.php?rest_route=%2Fwp%2Fv2%2Ftags&post=7731"}],"curies":[{"name":"wp","href":"https:\/\/api.w.org\/{rel}","templated":true}]}}