{"id":7734,"date":"2013-01-13T09:14:25","date_gmt":"2013-01-13T08:14:25","guid":{"rendered":"http:\/\/fa86.noblogs.org\/?p=7734"},"modified":"2013-01-13T09:14:25","modified_gmt":"2013-01-13T08:14:25","slug":"lyon-la-police-gaze-des-enfants-et-saccage-un-camp-de-roms","status":"publish","type":"post","link":"https:\/\/fa86.noblogs.org\/?p=7734","title":{"rendered":"[Lyon] La police gaze des enfants et saccage un camp de roms"},"content":{"rendered":"<p style=\"text-align: justify\"><a href=\"http:\/\/blogs.mediapart.fr\/blog\/philippe-alain\/120113\/la-police-gaze-des-enfants-et-saccage-un-camp-de-roms\" target=\"_blank\"><strong>La police gaze des enfants et saccage un camp de roms<\/strong><\/p>\n<p><\/a><\/p>\n<p style=\"text-align: justify\">Mardi 8 janvier, en fin d\u2019apr\u00e8s midi plusieurs dizaines de policiers font une descente dans un des plus grands squats de roms de l\u2019agglom\u00e9ration lyonnaise \u00e0 Saint-Fons. Tout y est: tenues anti-\u00e9meute, casques, boucliers, flash-ball, grenades lacrymog\u00e8ne, taser, chiens d\u2019attaque. Pendant une heure, ils vont gazer les habitants et saccager le bidonville pour se venger.<\/p>\n<p style=\"text-align: justify\">Un peu plus t\u00f4t dans l\u2019apr\u00e8s-midi, selon certains roms, des enfants auraient jet\u00e9 des cailloux sur une voiture de police qui s\u2019\u00e9tait introduite sur le parking du terrain priv\u00e9 qu\u2019ils occupent. Voici donc nos braves policiers en tenue de guerre bien d\u00e9cid\u00e9s \u00e0 en d\u00e9coudre avec les enfants.<\/p>\n<p style=\"text-align: justify\">Les policiers commencent par se retrouver au beau milieu d\u2019un anniversaire. Une petite fille f\u00eate ses 3 ans et de nombreux enfants sont pr\u00e9sents autour d\u2019une table et d\u2019un grand g\u00e2teau. Ils dansent au son de la musique tzigane, v\u00eatus de leurs plus beaux habits. Estimant probablement qu\u2019il s\u2019agit l\u00e0 d\u2019un rituel rom inconnu et dangereux, les policiers donnent des coups de pied dans la table et balayent tout ce qui se trouve dessus : bouteilles de soda, g\u00e2teau, tout y passe. L\u2019anniversaire, c\u2019est comme le changement, ce n\u2019est pas pour maintenant.<\/p>\n<p style=\"text-align: justify\">Les policiers ordonnent ensuite \u00e0 toutes les personnes pr\u00e9sentes de rentrer dans leurs cabanes et commencent \u00e0 y p\u00e9n\u00e9trer une \u00e0 une. Il s\u2019ensuit de v\u00e9ritables sc\u00e8nes de guerre. \u00ab M\u00eame dans les films, on n\u2019a jamais vu \u00e7a\u00bb, souligne un habitant.<\/p>\n<p style=\"text-align: justify\">Marinella est couch\u00e9e avec ses enfants lorsque deux policiers casqu\u00e9s rentrent dans sa maison. L\u2019un d\u2019entre eux tient dans sa main un bouclier et dans l\u2019autre une bouteille de gaz lacrymog\u00e8ne qu\u2019il vide en aspergeant l\u2019ensemble de la pi\u00e8ce. La maman va se pr\u00e9cipiter sur un linge pour couvrir ses enfants. Elle suffoque, ses enfants, eux, \u00e9touffent, impossible de respirer et de rester l\u00e0. Elle se pr\u00e9cipite dehors avec eux. Les policiers sont d\u00e9j\u00e0 pass\u00e9s \u00e0 la cabane suivante.<\/p>\n<p style=\"text-align: justify\">Roberto, 12 ans, raconte: \u00ab un policier est arriv\u00e9 avec un fusil et une lumi\u00e8re sur le fusil. Il a dit : on va revenir vous casser les couilles tous les soirs. En partant, un autre a mis du gaz avec une bouteille blanche. Ca piquait beaucoup la gorge et les yeux, avec mes fr\u00e8res et s\u0153urs on est tous partis dehors, il y avait plein de policiers en noir avec des casques et des boucliers et aussi des chiens.\u00bb<\/p>\n<p style=\"text-align: justify\">Claudia a 18 ans. Elle tient son b\u00e9b\u00e9 de 18 mois dans les bras quand un policier arrive vers elle et l\u2019apostrophe violemment : \u00ab Il est o\u00f9 celui qui a jet\u00e9 des pierres sur la voiture ? \u00bb Comme tous les habitants, Claudia n\u2019est absolument pas au courant de ce qui s\u2019est pass\u00e9 quelques heures auparavant. Elle jure qu\u2019elle n\u2019en sait rien. La suite est incroyable: \u00ab le policier a pris un bidon remplit d\u2019eau et il l\u2019a jet\u00e9 sur moi et mon b\u00e9b\u00e9 en m&rsquo;insultant. J\u2019\u00e9tais toute mouill\u00e9e \u00bb.<\/p>\n<p style=\"text-align: justify\">Le comportement de la police rappelle ensuite des moments biens sombres de notre histoire. Sandu, est seul dans sa cabane. \u00ab J\u2019\u00e9tais en train de ma laver. Un policer est rentr\u00e9, quand il m\u2019a vu, il a lanc\u00e9 du gaz lacrymog\u00e8ne \u00e0 hauteur de mon visage et il a referm\u00e9 la porte. Quand j\u2019ai voulu sortir, je n\u2019ai pas pu. Il bloquait la porte et m\u2019emp\u00eachait de sortir. J\u2019ai cru que j\u2019allais mourir. \u00bb<\/p>\n<p style=\"text-align: justify\">Le terrain de Saint Fons est vaste. Apr\u00e8s avoir pass\u00e9 en revue toutes les cabanes, r\u00e9veillant les personnes qui dorment d\u00e9j\u00e0, insultant celles qui ne dorment pas et gazant une bonne partie d\u2019entre elles, les policiers attaquent l\u2019autre partie du terrain avec une sauvagerie incroyable.<\/p>\n<p style=\"text-align: justify\">Ils se mettent \u00e0 casser les vitres de toutes les cabanes, m\u00e9thodiquement, une \u00e0 une.<\/p>\n<p style=\"text-align: justify\">Quand ils arrivent \u00e0 hauteur d\u2019une voiture, ils cassent la lunette arri\u00e8re. Sacha, 10 ans raconte : \u00ab il y avait un gros projecteur qui \u00e9clairait tout. Il y avait du bruit et j\u2019ai regard\u00e9 par la fen\u00eatre. J\u2019ai vu un policier tout en noir qui cassait la voiture avec son b\u00e2ton. Ensuite, des policiers ont regard\u00e9 par la fen\u00eatre avec une lampe. Je me suis vite cach\u00e9 sous les couvertures avec ma maman, j\u2019avais peur. Un policier qui avait un casque a mis du gaz par la fen\u00eatre. On ne pouvait plus respirer. Ma maman voulait sortir, mais j\u2019avais trop peur. On a attendu qu\u2019ils partent. \u00bb<\/p>\n<p style=\"text-align: justify\">Les vengeurs casqu\u00e9s continuent \u00e0 remonter les cabanes. Des portes sont arrach\u00e9es, des b\u00e2ches d\u00e9chir\u00e9es. Dans un cabane, le repas du soir qui cuit dans un grosse marmite est violemment jet\u00e9 par terre par un policier. Dans une autre, un homme qui dort est r\u00e9veill\u00e9 par le bruit de la porte qu\u2019un policier vient de fracasser : \u00ab j\u2019ai ouvert les yeux et un policier avec un casque m\u2019a mis du gaz sur la figure \u00bb<\/p>\n<p style=\"text-align: justify\">\n<p style=\"text-align: justify\">Bilan de l\u2019op\u00e9ration : plusieurs dizaines de personnes gaz\u00e9es dont des enfants traumatis\u00e9s, une femme asperg\u00e9e d\u2019eau, (qu\u2019est ce qu\u2019on rigole dans la police\u2026), des vitres de cabanes cass\u00e9es et des portes arrach\u00e9es. Avant de partir, les policiers ne peuvent s\u2019emp\u00eacher de s\u2019exciter sur les voitures gar\u00e9es sur le parking et cassent les r\u00e9troviseurs de plusieurs d\u2019entre elles.<\/p>\n<p style=\"text-align: justify\">\n<p style=\"text-align: justify\">Contact\u00e9e par des journalistes le lendemain de l\u2019op\u00e9ration punitive, la police donne bien \u00e9videmment une version toute diff\u00e9rente. Selon un communiqu\u00e9 sorti dans la pr\u00e9cipitation, \u00ab un \u00e9quipage de police a \u00e9t\u00e9 victime de jets de projectiles dont un a bris\u00e9 la lunette arri\u00e8re du v\u00e9hicule et atteint le chauffeur. \u00bb Soucieux de couvrir imm\u00e9diatement ses hommes, le commissaire en personne montre \u00e0 la t\u00e9l\u00e9vision un v\u00e9hicule de police dont la vitre arri\u00e8re est bris\u00e9e\u2026 \u00e0 deux endroits\u2026 Ouaou\u2026 Ils sont forts ces roumains. Un projectile, deux impacts. Ils ont invent\u00e9 le caillou \u00e0 fragmentation qui se divise en plusieurs parties lors du jet. A moins que ce ne soit un caillou \u00e0 t\u00eate chercheuse qui est rentr\u00e9 dans le v\u00e9hicule avant d\u2019en ressortir.<\/p>\n<p style=\"text-align: justify\">Mais les contradictions de la police ne s\u2019arr\u00eatent pas l\u00e0. Dans une interview donn\u00e9e \u00e0 la t\u00e9l\u00e9vision, le commissaire affirme que suite \u00e0 l\u2019agression du caillou \u00e0 fragmentation et \u00e0 t\u00eate chercheuse, des policiers, confront\u00e9s \u00e0 une \u00ab vingtaine, voire une trentaine d\u2019individus hostiles \u00bb, ont fait usage, \u00ab \u00e0 une reprise du gaz lacrymog\u00e8ne \u00bb et \u00ab dans la foul\u00e9e, les \u00e9quipages se sont repli\u00e9s et ont termin\u00e9 leur mission. \u00bb<\/p>\n<p style=\"text-align: justify\">Sauf que le communiqu\u00e9 de presse, lui, dit exactement le contraire : \u00ab ils ont \u00e9t\u00e9 dans l\u2019obligation de faire usage du gaz lacrymog\u00e8ne pour les repousser et poursuivre l\u2019op\u00e9ration. \u00bb Alors, apr\u00e8s le gazage, partis, pas partis les rambos ? Il faudrait que la police accorde ses violons.<\/p>\n<p style=\"text-align: justify\">Enfin, le communiqu\u00e9 affirme : \u00ab une op\u00e9ration de police a \u00e9t\u00e9 mont\u00e9e de 18.30 \u00e0 19.30 afin d\u2019identifier et d\u2019interpeller les auteurs \u00bb. Est-ce que quelqu\u2019un a d\u00e9j\u00e0 vu une op\u00e9ration de police sans contr\u00f4le d\u2019identit\u00e9 ? Surtout quand il s\u2019agit \u00ab d\u2019identifier \u00bb des individus. Et bien ce soir l\u00e0, pas une seule personne sur les 200 que compte le campement n\u2019a \u00e9t\u00e9 contr\u00f4l\u00e9e. Pas une. Pas une seule interpellation non plus. Mais ce n\u2019\u00e9tait visiblement pas le but.<\/p>\n<p style=\"text-align: justify\">Selon une source polici\u00e8re qui souhaite rester anonyme, il s\u2019agissait de retrouver un lance-missile, pardon un lance-cailloux, un objet qui aurait pu servir \u00e0 lancer un projectile\u2026 En r\u00e9alit\u00e9, il s\u2019agissait surtout d\u2019une exp\u00e9dition punitive pour montrer de quel bois se chauffe notre valeureuse police en cette p\u00e9riode hivernale.<\/p>\n<p style=\"text-align: justify\">\n<p style=\"text-align: justify\">Ce n\u2019est pas la premi\u00e8re fois que la police gaze des enfants roms \u00e0 Lyon. En novembre 2010, d\u00e9j\u00e0, des policiers avaient utilis\u00e9 des gaz lacrymog\u00e8nes contre un squat, envoyant plusieurs personnes \u00e0 l\u2019h\u00f4pital. Les policiers avaient ni\u00e9 les faits et expliqu\u00e9 qu\u2019ils avaient gaz\u00e9 un chien. Cette fois-ci, le commissaire, la Direction D\u00e9partementale de la S\u00fbret\u00e9 Urbaine et le pr\u00e9fet en personne sont mont\u00e9s au cr\u00e9neau pour couvrir les policiers qui se font justice eux-m\u00eames. Tous ont r\u00e9p\u00e9t\u00e9s le m\u00eame message: la police n\u2019a fait que son travail.<\/p>\n<p style=\"text-align: justify\">Non, messieurs, le travail de la police n\u2019est pas de se venger d\u2019un jet de caillou contre une voiture en gazant \u00e0 bout portant plusieurs dizaines de personnes dont des enfants.<\/p>\n<p style=\"text-align: justify\">Non, messieurs, le travail de la police n\u2019est pas de punir des innocents en saccageant des habitats pr\u00e9caires plongeant ainsi dans un mis\u00e8re encore plus grande des dizaines de personnes dont le seul crime est de vivre sur un terrain vague.<\/p>\n<p style=\"text-align: justify\">Non messieurs, les roms ne sont pas des chiens, que l\u2019on gaze et que l\u2019on chasse \u00e0 coups de matraque. Ce sont des \u00eatres humains qui ont le droit de vivre dans la dignit\u00e9 comme vous et moi.<\/p>\n<p style=\"text-align: justify\">Les dirigeants socialistes et Manuel Valls en particulier portent une tr\u00e8s lourde responsabilit\u00e9 dans les d\u00e9rapages successifs contre la minorit\u00e9 rom. Depuis l\u2019\u00e9lection de Fran\u00e7ois Hollande, on assiste \u00e0 des comportements pire encore que sous Nicolas Sarkozy : des traques jour et nuit (1), des enfants humili\u00e9s et violent\u00e9s par la police (2), des b\u00e9b\u00e9s en garde \u00e0 vue (3). La liste est longue. En continuant \u00e0 stigmatiser les roms, en jetant cette population \u00e0 la vindicte populaire et en couvrant de tels agissements de la part de policiers qui sont cens\u00e9s faire respecter la loi et non la violer, le gouvernement ouvre la porte \u00e0 des actes beaucoup plus graves. Un vague de racisme sans pr\u00e9c\u00e9dent se d\u00e9veloppe actuellement en France contre les roms. On se rend compte \u00e0 travers ce d\u00e9rapage r\u00e9voltant qu\u2019elle touche \u00e9galement tr\u00e8s largement la police.<\/p>\n<p style=\"text-align: justify\">Valls, qui r\u00eave d\u2019effectuer le m\u00eame parcours que Sarkozy emprunte les m\u00eames chemins naus\u00e9abonds et racistes qui ne le m\u00e8neront nulle part.<\/p>\n<p style=\"text-align: justify\">Les roms ont toujours \u00e9t\u00e9 les boucs-\u00e9missaires id\u00e9aux pour d\u00e9tourner l\u2019attention des peuples et leur faire oublier l\u2019impuissance de ceux qui nous gouvernent \u00e0 juguler les crises \u00e9conomiques. En Allemagne, dans les ann\u00e9es 1940, d\u00e9j\u00e0, on les gazait. C&rsquo;\u00e9tait dans les chambre \u00e0 gaz des camps de concentration.<\/p>\n<p style=\"text-align: justify\">(1) <a href=\"http:\/\/blogs.mediapart.fr\/blog\/philippe-alain\/110812\/enfants-roms-lautre-tweet-de-valerie\">http:\/\/blogs.mediapart.fr\/blog\/philippe-alain\/110812\/enfants-roms-lautre-tweet-de-valerie<\/a><\/p>\n<p style=\"text-align: justify\">(2) <a href=\"http:\/\/blogs.mediapart.fr\/blog\/philippe-alain\/061012\/des-enfants-pourchasses-violentes-et-humilies-par-la-police\">http:\/\/blogs.mediapart.fr\/blog\/philippe-alain\/061012\/des-enfants-pourchasses-violentes-et-humilies-par-la-police<\/a><\/p>\n<p style=\"text-align: justify\">(3) <a href=\"http:\/\/blogs.mediapart.fr\/blog\/philippe-alain\/050113\/un-bebe-en-garde-vue-accuse-d-avoir-mendie\">http:\/\/blogs.mediapart.fr\/blog\/philippe-alain\/050113\/un-bebe-en-garde-vue-accuse-d-avoir-mendie<\/a><\/p>\n<p style=\"text-align: justify\"><em>M\u00e9diapart, 12 janvier 2013<\/em><\/p>\n","protected":false},"excerpt":{"rendered":"<p>La police gaze des enfants et saccage un camp de roms Mardi 8 janvier, en fin d\u2019apr\u00e8s midi plusieurs dizaines de policiers font une descente dans un des plus grands squats de roms de l\u2019agglom\u00e9ration lyonnaise \u00e0 Saint-Fons. Tout y est: tenues anti-\u00e9meute, casques, boucliers, flash-ball, grenades lacrymog\u00e8ne, taser, chiens d\u2019attaque. Pendant une heure, ils &hellip; <a href=\"https:\/\/fa86.noblogs.org\/?p=7734\" class=\"more-link\">Continuer la lecture de <span class=\"screen-reader-text\">[Lyon] La police gaze des enfants et saccage un camp de roms<\/span> <span class=\"meta-nav\">&rarr;<\/span><\/a><\/p>\n","protected":false},"author":2691,"featured_media":0,"comment_status":"open","ping_status":"open","sticky":false,"template":"","format":"standard","meta":{"footnotes":""},"categories":[16],"tags":[],"class_list":["post-7734","post","type-post","status-publish","format-standard","hentry","category-repression"],"_links":{"self":[{"href":"https:\/\/fa86.noblogs.org\/index.php?rest_route=\/wp\/v2\/posts\/7734","targetHints":{"allow":["GET"]}}],"collection":[{"href":"https:\/\/fa86.noblogs.org\/index.php?rest_route=\/wp\/v2\/posts"}],"about":[{"href":"https:\/\/fa86.noblogs.org\/index.php?rest_route=\/wp\/v2\/types\/post"}],"author":[{"embeddable":true,"href":"https:\/\/fa86.noblogs.org\/index.php?rest_route=\/wp\/v2\/users\/2691"}],"replies":[{"embeddable":true,"href":"https:\/\/fa86.noblogs.org\/index.php?rest_route=%2Fwp%2Fv2%2Fcomments&post=7734"}],"version-history":[{"count":2,"href":"https:\/\/fa86.noblogs.org\/index.php?rest_route=\/wp\/v2\/posts\/7734\/revisions"}],"predecessor-version":[{"id":7736,"href":"https:\/\/fa86.noblogs.org\/index.php?rest_route=\/wp\/v2\/posts\/7734\/revisions\/7736"}],"wp:attachment":[{"href":"https:\/\/fa86.noblogs.org\/index.php?rest_route=%2Fwp%2Fv2%2Fmedia&parent=7734"}],"wp:term":[{"taxonomy":"category","embeddable":true,"href":"https:\/\/fa86.noblogs.org\/index.php?rest_route=%2Fwp%2Fv2%2Fcategories&post=7734"},{"taxonomy":"post_tag","embeddable":true,"href":"https:\/\/fa86.noblogs.org\/index.php?rest_route=%2Fwp%2Fv2%2Ftags&post=7734"}],"curies":[{"name":"wp","href":"https:\/\/api.w.org\/{rel}","templated":true}]}}