{"id":7779,"date":"2013-01-17T09:10:13","date_gmt":"2013-01-17T08:10:13","guid":{"rendered":"http:\/\/fa86.noblogs.org\/?p=7779"},"modified":"2013-01-17T09:15:15","modified_gmt":"2013-01-17T08:15:15","slug":"le-monde-libertaire-n1693-du-17-au-23-janvier-2013","status":"publish","type":"post","link":"https:\/\/fa86.noblogs.org\/?p=7779","title":{"rendered":"Le Monde Libertaire N\u00b01693 (du 17 au 23 Janvier 2013)"},"content":{"rendered":"<p style=\"text-align: justify\"><em><strong>NdPN<\/strong> : apr\u00e8s quelques vacances, le monde libertaire hebdo revient en kiosques. Diffusion militante \u00e0 prix libre ce samedi de 11H \u00e0 12H devant le parvis de Notre-Dame la grande \u00e0 Poitiers. Un exemplaire sera laiss\u00e9 au biblio-caf\u00e9 (rue de la cath\u00e9drale) pour consultation libre. Comme d&rsquo;habitude, trois articles sont d&rsquo;ores et d\u00e9j\u00e0 consultables en ligne sur le site du Monde libertaire (voir les liens internet dans le sommaire ci-dessous). Bonne lecture !<\/em><\/p>\n<p style=\"text-align: justify\"><strong>Le Monde Libertaire\u00a0N\u00b01693 (du 17 au 23 Janvier 2013)<\/strong><\/p>\n<p><a href=\"https:\/\/fa86.noblogs.org\/?attachment_id=7780\" rel=\"attachment wp-att-7780\"><img loading=\"lazy\" decoding=\"async\" class=\"alignnone size-full wp-image-7780\" alt=\"couv ml\" src=\"https:\/\/fa86.noblogs.org\/files\/2013\/01\/couv-ml.jpg\" width=\"305\" height=\"424\" srcset=\"https:\/\/fa86.noblogs.org\/files\/2013\/01\/couv-ml.jpg 305w, https:\/\/fa86.noblogs.org\/files\/2013\/01\/couv-ml-215x300.jpg 215w\" sizes=\"auto, (max-width: 305px) 100vw, 305px\" \/><\/a><\/p>\n<p style=\"text-align: justify\"><em>\u00abLa voilure a \u00e9t\u00e9 augment\u00e9e cr\u00e9ant un yacht plus confortable et plus performant. \u00bb &#8211; Corto Maltese<\/em><\/p>\n<p><strong>Sommaire du Monde Libertaire<\/strong><\/p>\n<p><strong>Actualit\u00e9<\/strong><\/p>\n<p><a href=\"http:\/\/www.monde-libertaire.fr\/france\/16141-sept-mois-au-pouvoir-et-on-en-a-deja-marre\" target=\"_blank\">Sept mois, c\u2019est trop, par le groupe Salvador Segu\u00ed, page 3<\/a><\/p>\n<p style=\"text-align: justify\">Non \u00e0 un nouvel AZF, par le Groupe de Martigues, page 4<\/p>\n<p style=\"text-align: justify\">Presstalis en gr\u00e8ve, par le groupe Salvador Segu\u00ed, page 4<\/p>\n<p style=\"text-align: justify\">Des nouvelles de PSA, par S. Larios, page 5<\/p>\n<p style=\"text-align: justify\">La m\u00e9t\u00e9o glac\u00e9e des syndicats, par J.-P. Germain, page 6<\/p>\n<p style=\"text-align: justify\"><a href=\"http:\/\/www.monde-libertaire.fr\/antisexisme\/16142-le-viol-une-arme-contre-les-pauvres-en-inde\" target=\"_blank\">Viol contre les pauvres en Inde, par P. Sommermeyer, page 7<\/a><\/p>\n<p>La Chronique n\u00e9phr\u00e9tique, de Rodkol, page 8<\/p>\n<p style=\"text-align: justify\"><strong>Arguments<\/strong><\/p>\n<p><a href=\"http:\/\/www.monde-libertaire.fr\/france\/16143-euthanasie-le-rapport-sur-la-fin-de-vie-enfin-publie\" target=\"_blank\"><\/p>\n<p style=\"text-align: justify\">\u00c0 propos d\u2019euthanasie, par P. Schindler, page 9<\/p>\n<p><\/a><\/p>\n<p style=\"text-align: justify\">Variations sur la volont\u00e9 de mourir, par G. Novellino, page 10<\/p>\n<p style=\"text-align: justify\">Pour une agriculture \u00e9cologique, par J. Langlois, page 12<\/p>\n<p style=\"text-align: justify\">Une mauvaise d\u00e9finition du mot \u00abmat\u00e9rialisme \u00bb, par N. Potkine, page 14<\/p>\n<p style=\"text-align: justify\"><strong>International<\/strong><\/p>\n<p style=\"text-align: justify\">Un point lumineux sur le mouvement anarchiste, par B. Morris, page<br \/>\n15<\/p>\n<p style=\"text-align: justify\"><strong>Expressions<\/strong><\/p>\n<p style=\"text-align: justify\">Un anarchiste pr\u00e9curseur, par J.-M. Raynaud, page 18<\/p>\n<p style=\"text-align: justify\">Trous de m\u00e9moire, par R. Pino, page 19<\/p>\n<p style=\"text-align: justify\">Sacco et Vanzetti mis en sc\u00e8ne, par B\u00e9a, page 20<\/p>\n<p style=\"text-align: justify\">\u00c0 propos d\u2019un gros couillon, par L. Lestran, page 21<\/p>\n<p style=\"text-align: justify\"><strong>Mouvement<\/strong><\/p>\n<p style=\"text-align: justify\">Commuiqu\u00e9 des Relations ext\u00e9rieures, page 22<\/p>\n<p style=\"text-align: justify\">La Radio, page 22<\/p>\n<p style=\"text-align: justify\">L\u2019Agenda des anars, page 23<\/p>\n<p style=\"text-align: justify\"><strong>Illustrations<\/strong><\/p>\n<p style=\"text-align: justify\">Aurelio, Jhano, Kalem, Krokaga, Nemo, LaSala, Riri<\/p>\n<p style=\"text-align: justify\"><strong>Editorial<\/strong><\/p>\n<p style=\"text-align: justify\">L&rsquo;ann\u00e9e commence tr\u00e8s bien. \u00c0 preuve ces r\u00e9v\u00e9lations dat\u00e9es du lundi 7 janvier, par notre confr\u00e8re Daniel Schneidermann, bien timidement relay\u00e9es par le Washington Post, un journal de France 2 et L\u2019Humanit\u00e9 \u2013 bien s\u00fbr, les autres, les t\u00e9l\u00e9s, tablo\u00efdes, les m\u00e9dias \u00e0 la solde n\u2019en ont pip\u00e9 mot. En effet, une fracassante nouvelle circule dans les salles de r\u00e9daction bien inform\u00e9es, celles qui se pr\u00e9occupent davantage de l\u2019avenir de notre plan\u00e8te que des frasques russophiles de Depardieu ou des exigences \u00e9l\u00e9phantesques de Brigitte Bardot. Attention, on se tient bien, \u00e7a vaut son pesant de nougat : deux \u00e9conomistes du sacro-saint FMI, Olivier Blanchard et Daniel Leigh, pour ne point les nommer, ont r\u00e9v\u00e9l\u00e9 dans un tr\u00e8s s\u00e9rieux et tr\u00e8s officiel document de 44 pages que les \u00abexperts \u00e9conomiques\u00bb, et \u00e0 leur suite les dirigeants politiques du monde entier \u00abse sont tromp\u00e9s en imposant, au nom de la science, l\u2019aust\u00e9rit\u00e9 \u00e0 toute l\u2019Europe \u00bb. Le FMI se serait plant\u00e9 dans ses pr\u00e9dictions du fait d\u2019un \u00abmauvais coefficient de calcul \u00bb malencontreusement introduit dans son logiciel \u00e0 lire l\u2019avenir ce qui lui a fait \u00absous-estimer l\u2019impact n\u00e9gatif des politiques d\u2019aust\u00e9rit\u00e9 sur la croissance \u00bb. Ce regrettable bug l\u2019aurait emp\u00each\u00e9 de r\u00e9aliser que \u00ab l\u2019aust\u00e9rit\u00e9 ass\u00e8che la demande \u00bb, et tue du m\u00eame coup dans l\u2019oeuf toute vell\u00e9it\u00e9 de croissance \u00e9conomique. Ce que quelques \u00abdissidents\u00bb de la doxa n\u00e9olib\u00e9rale en vogue, comme Paul Krugman, s\u2019ent\u00eatent \u00e0 r\u00e9p\u00e9ter: \u00abEn \u00e9conomie, mes d\u00e9penses sont tes revenus, et mes revenus sont tes d\u00e9penses.\u00bb Ce que tout \u00e9l\u00e8ve de CM2 est capable de comprendre, pourrait-on ajouter. Il aura fallu qu\u2019un expert se l\u00e2che pour qu\u2019enfin \u2013 \u00e0 contrecourant des sempiternels et absurdes titatas \u2013 quelqu\u2019un ose se dire que \u00able roi est nu\u00bb et qu\u2019en r\u00e9gime n\u00e9olib\u00e9ral l\u2019aust\u00e9rit\u00e9 ne peut signifier que ch\u00f4mage, in\u00e9galit\u00e9s, mis\u00e8re, licenciements pour la majorit\u00e9 des gens. Pan dans l\u2019oeil des d\u00e9vots du serrage de ceinture, des gouvernants peu ou prou \u00e9lus d\u2019Europe et d\u2019ailleurs. Pan sur le bec de la Parisot, du Medef et des tenants de l\u2019aust\u00e9rit\u00e9, suintants de suffisance, qui, \u00e0 tour de bras, d\u00e9localisent, flexibilisent, r\u00e9duisent les voilures. Pan sur le nez des pervers sectataires de la crise, qui assoient leurs pouvoirs sur l\u2019infantilisation des exploit\u00e9s. Pan dans le ventre des affameurs donneurs de le\u00e7ons, des pr\u00e9dicateurs alarmistes aux cerveaux en forme de bourses, des licencieurs professionnels pourris de bonne conscience, des experts autoproclam\u00e9s en malheur, des agences de notation autor\u00e9alisatrices, des pr\u00e9dicateurs de tout poil et de leurs gurus. Pan dans la trogne des adorateurs d\u2019\u00e9quilibre budg\u00e9taire et de leurs b\u00ealantes dupes.<\/p>\n<p style=\"text-align: justify\">\n","protected":false},"excerpt":{"rendered":"<p>NdPN : apr\u00e8s quelques vacances, le monde libertaire hebdo revient en kiosques. Diffusion militante \u00e0 prix libre ce samedi de 11H \u00e0 12H devant le parvis de Notre-Dame la grande \u00e0 Poitiers. Un exemplaire sera laiss\u00e9 au biblio-caf\u00e9 (rue de la cath\u00e9drale) pour consultation libre. Comme d&rsquo;habitude, trois articles sont d&rsquo;ores et d\u00e9j\u00e0 consultables en &hellip; <a href=\"https:\/\/fa86.noblogs.org\/?p=7779\" class=\"more-link\">Continuer la lecture de <span class=\"screen-reader-text\">Le Monde Libertaire N\u00b01693 (du 17 au 23 Janvier 2013)<\/span> <span class=\"meta-nav\">&rarr;<\/span><\/a><\/p>\n","protected":false},"author":2691,"featured_media":0,"comment_status":"open","ping_status":"open","sticky":false,"template":"","format":"standard","meta":{"footnotes":""},"categories":[17,4],"tags":[],"class_list":["post-7779","post","type-post","status-publish","format-standard","hentry","category-education-populaire","category-se-trouver"],"_links":{"self":[{"href":"https:\/\/fa86.noblogs.org\/index.php?rest_route=\/wp\/v2\/posts\/7779","targetHints":{"allow":["GET"]}}],"collection":[{"href":"https:\/\/fa86.noblogs.org\/index.php?rest_route=\/wp\/v2\/posts"}],"about":[{"href":"https:\/\/fa86.noblogs.org\/index.php?rest_route=\/wp\/v2\/types\/post"}],"author":[{"embeddable":true,"href":"https:\/\/fa86.noblogs.org\/index.php?rest_route=\/wp\/v2\/users\/2691"}],"replies":[{"embeddable":true,"href":"https:\/\/fa86.noblogs.org\/index.php?rest_route=%2Fwp%2Fv2%2Fcomments&post=7779"}],"version-history":[{"count":5,"href":"https:\/\/fa86.noblogs.org\/index.php?rest_route=\/wp\/v2\/posts\/7779\/revisions"}],"predecessor-version":[{"id":7782,"href":"https:\/\/fa86.noblogs.org\/index.php?rest_route=\/wp\/v2\/posts\/7779\/revisions\/7782"}],"wp:attachment":[{"href":"https:\/\/fa86.noblogs.org\/index.php?rest_route=%2Fwp%2Fv2%2Fmedia&parent=7779"}],"wp:term":[{"taxonomy":"category","embeddable":true,"href":"https:\/\/fa86.noblogs.org\/index.php?rest_route=%2Fwp%2Fv2%2Fcategories&post=7779"},{"taxonomy":"post_tag","embeddable":true,"href":"https:\/\/fa86.noblogs.org\/index.php?rest_route=%2Fwp%2Fv2%2Ftags&post=7779"}],"curies":[{"name":"wp","href":"https:\/\/api.w.org\/{rel}","templated":true}]}}