{"id":7792,"date":"2013-01-18T22:34:44","date_gmt":"2013-01-18T21:34:44","guid":{"rendered":"http:\/\/fa86.noblogs.org\/?p=7792"},"modified":"2013-01-18T22:51:51","modified_gmt":"2013-01-18T21:51:51","slug":"saint-nazaire-soutien-a-camille","status":"publish","type":"post","link":"https:\/\/fa86.noblogs.org\/?p=7792","title":{"rendered":"[De Saint-Nazaire \u00e0 Poitiers, ZAD partout] Soutien \u00e0 Camille + Rassemblement \u00e0 Poitiers contre le projet d&rsquo;a\u00e9roport \u00e0 NDDL"},"content":{"rendered":"<p style=\"text-align: justify\" align=\"LEFT\"><em><strong>NdPN<\/strong> : \u00e0 la soir\u00e9e-d\u00e9bat de ce vendredi soir \u00e0 Poitiers, contre le projet d&rsquo;a\u00e9roport \u00e0 Notre-Dame-des-Landes, a \u00e9t\u00e9 annonc\u00e9 un petit rassemblement par le comit\u00e9 de soutien poitevin, dans le cadre de la journ\u00e9e d&rsquo;action de demain, en soutien \u00e0 la ZAD contre le projet d&rsquo;a\u00e9roport. Le Rdv a \u00e9t\u00e9 fix\u00e9 \u00e0 demain samedi, 15H, devant le local du PS \u00e0 Poitiers (16 Rue du Mouton, \u00e7a ne s&rsquo;invente pas), pour tous les gens qui en ont envie, chacun-e pouvant ramener ses id\u00e9es.<\/em><\/p>\n<p style=\"text-align: justify\" align=\"LEFT\"><em>Par ailleurs Camille passe en proc\u00e8s pour avoir refus\u00e9 de donner en gardav&rsquo;\u00a0son ADN, sa trogne en photo\u00a0et ses empreintes aux flics, qui l&rsquo;avaient arr\u00eat\u00e9 sur Notre-Dame-des-Landes il y a tout juste trois mois. Solidarit\u00e9 avec Camille ! Ci-joints\u00a0son texte et le tract du Codelib de Saint-Nazaire, invitant \u00e0 venir le soutenir le mardi 22 janvier au tribunal de Saint-Nazaire \u00e0 14H.<\/em><\/p>\n<p style=\"text-align: justify\" align=\"LEFT\"><em>ZAD partout !<\/em><\/p>\n<p style=\"text-align: justify\" align=\"LEFT\">***<\/p>\n<p style=\"text-align: justify\" align=\"LEFT\"><strong>Texte de Camille<\/strong><\/p>\n<p style=\"text-align: justify\" align=\"LEFT\">Jeudi 18 octobre, Notre-Dame-des-Landes, troisi\u00e8me jour de l\u2019op\u00e9ration C\u00e9sar. Il est 10 heures du matin. Je quitte la Vache Rit \u00e0 pied en direction du bourg de NDDL. Arriv\u00e9 au lieu-dit Les Ardilli\u00e8res, barrage de Police. Contr\u00f4le des identit\u00e9s. Je n\u2019ai pas mes papiers. Je donne nom, pr\u00e9nom, adresse, date et lieu de naissance. Mais \u00e7a ne suffit pas aux Gendarmes envoy\u00e9s sp\u00e9cialement de Fresnay-sur-Sarthe pour me pourrir la journ\u00e9e. Ils m\u2019emm\u00e8nent \u00e0 la Gendarmerie de La-Chapelle-sur-Erdre pour une \u00ab v\u00e9rification d\u2019identit\u00e9 \u00bb. On m\u2019installe dans un bureau avec six robocops locaux.<\/p>\n<p style=\"text-align: justify\" align=\"LEFT\">\u00ab Qu\u2019est-ce qu\u2019il a fait celui-l\u00e0 ?<\/p>\n<p style=\"text-align: justify\" align=\"LEFT\">&#8211; Il a pas ses papiers.<\/p>\n<p style=\"text-align: justify\" align=\"LEFT\">&#8211; Comme par hasard !<\/p>\n<p style=\"text-align: justify\" align=\"LEFT\">&#8211; Et il a pas non plus de t\u00e9l\u00e9phone, et personne ne peut l\u2019identifier.<\/p>\n<p style=\"text-align: justify\" align=\"LEFT\">&#8211; Evidemment. \u00c7a serait trop facile. \u00bb<\/p>\n<p style=\"text-align: justify\" align=\"LEFT\">Apr\u00e8s m\u2019avoir fait la morale sur l\u2019immense danger que je courais en sortant sans mes papiers, une gentille fliquette m\u2019annonce qu\u2019elle va proc\u00e9der \u00e0 des \u00ab relev\u00e9s anthropologiques \u00bb sur ma personne. Apr\u00e8s lui avoir demand\u00e9 la nature de ces relev\u00e9s (en l\u2019occurrence, prise d\u2019empreintes digitales et photos), je l\u2019informe de mon refus de me soumettre \u00e0 ceux-ci. On dirait que les gendarmes se sont pass\u00e9 le mot car ils d\u00e9filent les uns apr\u00e8s les autres dans le bureau pour essayer de me faire changer d\u2019avis, chacun usant d\u2019une technique diff\u00e9rente.<\/p>\n<p style=\"text-align: justify\" align=\"LEFT\">Un flic me montre des photos de moi \u00e0 10 ans ainsi que les PV qui vont avec. Photos et PV qui n\u2019avaient pas \u00e9t\u00e9 informatis\u00e9s \u00e0 l\u2019\u00e9poque et que les gendarmes ne sont normalement pas autoris\u00e9s \u00e0 conserver dans leurs fichiers apr\u00e8s mes 18 ans. Il me dit que c\u2019est lui qui a pris ma d\u00e9position il y a dix ans, dans un petit village normand. Quel hasard ! J\u2019en conclue qu\u2019il a r\u00e9ussi \u00e0 m\u2019identifier. Il me r\u00e9pond qu\u2019il ne me reconnait pas, que les photos sont trop vieilles.<\/p>\n<p style=\"text-align: justify\" align=\"LEFT\">Un autre flic se connecte sur Facebook avec son compte perso et il retrouve un ancien compte m\u2019appartenant que je pensais avoir supprim\u00e9. C\u2019est probablement l\u00e0 qu\u2019il retrouvera le nom d\u2019un de mes anciens employeurs \u00e0 qui il t\u00e9l\u00e9phonera le jour m\u00eame pour v\u00e9rifier mon identit\u00e9.<\/p>\n<p style=\"text-align: justify\" align=\"LEFT\">Malgr\u00e9 tous ces \u00e9l\u00e9ments, les flics maintiennent qu\u2019il n\u2019est pas possible de m\u2019identifier tant que je refuse de filer mes empreintes. C\u2019est \u00e0 ce moment que je comprends que la consigne \u00ab z\u00e9ro arrestation \u00bb a \u00e9t\u00e9 lev\u00e9e, que je suis le premier \u00e0 me faire choper et que je vais leur servir de souffre-douleur.<\/p>\n<p style=\"text-align: justify\" align=\"LEFT\">J\u2019aper\u00e7ois la procureure de Saint-Nazaire, elle est dans les locaux. On me dit que c\u2019est elle qui a ordonn\u00e9 les relev\u00e9s et qu\u2019elle vient de d\u00e9cider de me placer en garde-\u00e0-vue suite \u00e0 mon refus. Je refuse de signer le PV, je demande un toubib et un avocat.<\/p>\n<p style=\"text-align: justify\" align=\"LEFT\">Je suis transf\u00e9r\u00e9 \u00e0 Nort-sur-Erdre vers midi. Pendant ce temps, \u00e0 l\u2019autre bout de la France, la Gendarmerie de mon village se pointe chez moi pour v\u00e9rifier que c\u2019est bien l\u00e0 que j\u2019habite. Manque de pot, il n\u2019y a personne et pas de nom sur la bo\u00eete aux lettres.<\/p>\n<p style=\"text-align: justify\" align=\"LEFT\">En garde-\u00e0-vue je n\u2019ai (presque) rien \u00e0 d\u00e9clarer. Oui, non, je refuse de r\u00e9pondre, je veux voir un avocat. Le commis d\u2019office arrive en fin d\u2019aprem, on nous auditionne (gr\u00e2ce \u00e0 mon absence de collaboration, aucune audition n\u2019aura dur\u00e9 plus de cinq minutes), je refuse encore de signer et je finis tout de m\u00eame par sortir, malgr\u00e9 les menaces des gendarmes sarthois (\u00ab si tu parles pas, on te garde 48 heures \u00bb).<\/p>\n<p style=\"text-align: justify\" align=\"LEFT\"><strong>Refuser de donner ses empreintes (et son ADN) est plus que jamais n\u00e9cessaire face au fichage g\u00e9n\u00e9ralis\u00e9. Les flics disposent d\u00e9j\u00e0 de nombreux \u00e9l\u00e9ments pour nous identifier (Facebook, leurs propres fichiers, les anciens employeurs \u2026), ne leur en donnons pas plus.<\/strong><\/p>\n<p style=\"text-align: justify\" align=\"LEFT\">Si vous \u00eates sur Saint-Nazaire le 22 janvier 2013 et que vous ne savez pas quoi faire dans l\u2019apr\u00e8s-midi, je vous invite \u00e0 mon premier proc\u00e8s au p\u00e9nal, \u00e0 14 heures au TGI (rue Albert de Mun). \u00c7a ne va pas \u00eatre le proc\u00e8s du si\u00e8cle mais un peu de soutien sera le bienvenu.<\/p>\n<p style=\"text-align: justify\" align=\"LEFT\"><strong>Nique le fichage et vive la ZAD.<\/strong><\/p>\n<p style=\"text-align: justify\">Camille.<\/p>\n<p style=\"text-align: justify\">***<\/p>\n<p style=\"text-align: justify\" align=\"LEFT\"><strong>FFiicchhaaggee,, IInnttiimmiiddaattiioonn,, <\/strong><strong>CCrriimmiinnaalliissaattiioonn :: BBAASSTTAA !!<\/strong><\/p>\n<p style=\"text-align: justify\" align=\"LEFT\">Le 18 octobre 2012, sur la ZAD au lieu dit les Ardilli\u00e8res Camille se fait contr\u00f4ler par la gendarmerie en regagnant \u00e0 pied le Bourg de Notre Dame des Landes. C\u2019est le d\u00e9but de l\u2019op\u00e9ration C\u00e9sar, et il ne fait pas bon ne pas avoir ses papiers sur soi, surtout quand on est jeune, chevelu\u2026 suspect quoi !<\/p>\n<p style=\"text-align: justify\" align=\"LEFT\">Pour la peine Camille est emmen\u00e9 pour contr\u00f4le d\u2019identit\u00e9 \u00e0 la gendarmerie de La Chapelle-sur-Erdre. Camille donne son nom, son adresse, sa date de naissance ; bref tout ce qui normalement suffit aux pandores pour identifier un quidam. Mais \u00e7a ne suffit pas.<\/p>\n<p style=\"text-align: justify\" align=\"LEFT\">La bien connue procureure Lecoq de Saint-Nazaire, trouve qu\u2019en l\u2019absence de papiers, Camille serait bien mieux en garde-\u00e0-vue. Surtout que Camille refuse de se faire prendre en photo et de donner ses empreintes digitales comme son ADN.<\/p>\n<p style=\"text-align: justify\" align=\"LEFT\">Peu importe qu\u2019un gendarme, dans un exc\u00e8s de z\u00e8le \u00e0 jouer avec son compte faceboock ait identifi\u00e9 un ancien employeur de Camille qui, contact\u00e9 par t\u00e9l\u00e9phone, donne suffisamment d\u2019\u00e9l\u00e9ments aux gendarmes pour confondre l\u2019identit\u00e9 du suspect. Camille n\u2019a pas ses papiers, camille doit \u00eatre gard\u00e9 \u00e0 vue. Camille refuse le fichage, Camille doit \u00eatre poursuivi.<\/p>\n<p style=\"text-align: justify\" align=\"LEFT\">Camille sera rel\u00e2ch\u00e9 le soir du 18 octobre, apr\u00e8s 8 heures de garde-\u00e0-vue, le d\u00e9placement d\u2019un m\u00e9decin, d\u2019un avocat, et sans avoir rien fait de plus que ce qui avait d\u00e8j\u00e0 \u00e9t\u00e9 fait le matin : d\u00e9clin\u00e9 son identit\u00e9. Et pour avoir refus\u00e9 d\u2019\u00eatre photographi\u00e9 et de donner ses empreintes digitales, Camille est poursuivi par le parquet de Saint-Nazaire.<\/p>\n<p style=\"text-align: justify\" align=\"LEFT\">Camille passe en proc\u00e8s le mardi 22 janvier \u00e0 14H00 au tribunal de Saint-Nazaire.<\/p>\n<p style=\"text-align: justify\" align=\"LEFT\">Rassemblement de soutien : refusons le fichage de la population, l\u2019intimidation et la criminalisation de l\u2019action militante.<\/p>\n<p style=\"text-align: justify\" align=\"LEFT\">Tract du CODELIB de Saint-Nazaire<\/p>\n<p style=\"text-align: justify\" align=\"LEFT\"><em><strong>NdPN <\/strong>: A retrouver aussi sur :<\/em><\/p>\n<p style=\"text-align: justify\" align=\"LEFT\"><em><a href=\"http:\/\/www.codelib.info\/\">http:\/\/www.codelib.info\/<\/a><\/em><\/p>\n<p style=\"text-align: justify\" align=\"LEFT\"><em><a href=\"http:\/\/zad.nadir.org\/spip.php?article1021\">http:\/\/zad.nadir.org\/spip.php?article1021<\/a><\/em><\/p>\n<p style=\"text-align: justify\" align=\"LEFT\"><em><a href=\"http:\/\/nantes.indymedia.org\/article\/26938\">http:\/\/nantes.indymedia.org\/article\/26938<\/a><\/em><\/p>\n","protected":false},"excerpt":{"rendered":"<p>NdPN : \u00e0 la soir\u00e9e-d\u00e9bat de ce vendredi soir \u00e0 Poitiers, contre le projet d&rsquo;a\u00e9roport \u00e0 Notre-Dame-des-Landes, a \u00e9t\u00e9 annonc\u00e9 un petit rassemblement par le comit\u00e9 de soutien poitevin, dans le cadre de la journ\u00e9e d&rsquo;action de demain, en soutien \u00e0 la ZAD contre le projet d&rsquo;a\u00e9roport. Le Rdv a \u00e9t\u00e9 fix\u00e9 \u00e0 demain samedi, &hellip; <a href=\"https:\/\/fa86.noblogs.org\/?p=7792\" class=\"more-link\">Continuer la lecture de <span class=\"screen-reader-text\">[De Saint-Nazaire \u00e0 Poitiers, ZAD partout] Soutien \u00e0 Camille + Rassemblement \u00e0 Poitiers contre le projet d&rsquo;a\u00e9roport \u00e0 NDDL<\/span> <span class=\"meta-nav\">&rarr;<\/span><\/a><\/p>\n","protected":false},"author":2691,"featured_media":0,"comment_status":"open","ping_status":"open","sticky":false,"template":"","format":"standard","meta":{"footnotes":""},"categories":[12,16,4],"tags":[],"class_list":["post-7792","post","type-post","status-publish","format-standard","hentry","category-okupa-y-resiste","category-repression","category-se-trouver"],"_links":{"self":[{"href":"https:\/\/fa86.noblogs.org\/index.php?rest_route=\/wp\/v2\/posts\/7792","targetHints":{"allow":["GET"]}}],"collection":[{"href":"https:\/\/fa86.noblogs.org\/index.php?rest_route=\/wp\/v2\/posts"}],"about":[{"href":"https:\/\/fa86.noblogs.org\/index.php?rest_route=\/wp\/v2\/types\/post"}],"author":[{"embeddable":true,"href":"https:\/\/fa86.noblogs.org\/index.php?rest_route=\/wp\/v2\/users\/2691"}],"replies":[{"embeddable":true,"href":"https:\/\/fa86.noblogs.org\/index.php?rest_route=%2Fwp%2Fv2%2Fcomments&post=7792"}],"version-history":[{"count":8,"href":"https:\/\/fa86.noblogs.org\/index.php?rest_route=\/wp\/v2\/posts\/7792\/revisions"}],"predecessor-version":[{"id":7794,"href":"https:\/\/fa86.noblogs.org\/index.php?rest_route=\/wp\/v2\/posts\/7792\/revisions\/7794"}],"wp:attachment":[{"href":"https:\/\/fa86.noblogs.org\/index.php?rest_route=%2Fwp%2Fv2%2Fmedia&parent=7792"}],"wp:term":[{"taxonomy":"category","embeddable":true,"href":"https:\/\/fa86.noblogs.org\/index.php?rest_route=%2Fwp%2Fv2%2Fcategories&post=7792"},{"taxonomy":"post_tag","embeddable":true,"href":"https:\/\/fa86.noblogs.org\/index.php?rest_route=%2Fwp%2Fv2%2Ftags&post=7792"}],"curies":[{"name":"wp","href":"https:\/\/api.w.org\/{rel}","templated":true}]}}