{"id":7826,"date":"2013-01-20T10:54:13","date_gmt":"2013-01-20T09:54:13","guid":{"rendered":"http:\/\/fa86.noblogs.org\/?p=7826"},"modified":"2013-01-20T11:14:23","modified_gmt":"2013-01-20T10:14:23","slug":"poitiers-une-nouvelle-manif-en-soutien-a-la-zad","status":"publish","type":"post","link":"https:\/\/fa86.noblogs.org\/?p=7826","title":{"rendered":"[Poitiers] Une nouvelle manif en soutien \u00e0 la ZAD"},"content":{"rendered":"<p style=\"text-align: justify\">Hier samedi, pendant plus d&rsquo;une heure, a eu lieu une manif contre le projet d&rsquo;a\u00e9roport \u00e0 Notre-Dame-des-Landes, en soutien aux camarades de la ZAD (Zone \u00e0 d\u00e9fendre) vivant sur place en projet d&rsquo;autonomie, et cibl\u00e9s par une r\u00e9pression f\u00e9roce depuis plusieurs semaines sous l&rsquo;\u00e9gide du gouvernement PS. Cette manif avait \u00e9t\u00e9 d\u00e9cid\u00e9e la veille, lors d&rsquo;une soir\u00e9e projection-d\u00e9bat propos\u00e9e par le comit\u00e9 poitevin contre le projet d&rsquo;a\u00e9roport. La manif s&rsquo;inscrivait dans le cadre d&rsquo;un week-end (inter)national d&rsquo;actions de soutien.<\/p>\n<p style=\"text-align: justify\">Le rassemblement \u00e9tait pr\u00e9vu devant le local du PS (situ\u00e9 rue du mouton, \u00e7a ne s&rsquo;invente pas). Pas mal de pluie, mais une trentaine de personnes \u00e9taient pr\u00e9sentes, avec pancartes et banderoles aussi\u00a0h\u00e9t\u00e9roclites que sympathiques. Des flics \u00e9tant aussi pr\u00e9sents devant la grille baiss\u00e9e du si\u00e8ge du parti \u00ab\u00a0socialiste\u00a0\u00bb, les manifestant-e-s n&rsquo;ont pas pu s&rsquo;approcher du lieu de rendez-vous. L&rsquo;un des flics, sur les ordres de sa hi\u00e9rarchie \u00ab\u00a0qui donne des ordres bien au chaud\u00a0\u00bb, est venu demander s&rsquo;il y avait un responsable. N&rsquo;en trouvant aucun, il a commenc\u00e9 \u00e0 discuter avec les gens rassembl\u00e9s, \u00e9voquant son ras-le-bol, sa sympathie personnelle pour le mouvement et sa position personnelle sur le projet d&rsquo;a\u00e9roport. Pas mal de gens l&rsquo;ont questionn\u00e9 sur le pourquoi de son ob\u00e9issance aux ordres, et le flic n&rsquo;en menait pas bien\u00a0large, l&rsquo;argument ultime \u00e9tant (une fois de plus) qu&rsquo;il \u00ab\u00a0faut bien manger\u00a0\u00bb. Des manifestant-e-s n&rsquo;ont pas manqu\u00e9 de lui dire que ce que les zadistes avaient aussi comme projet \u00e9tait pr\u00e9cis\u00e9ment de s&rsquo;organiser dans la solidarit\u00e9 pour vivre autrement que suspendu \u00e0 un salaire. Un flic constern\u00e9, suivi par ses coll\u00e8gues \u00e0 l&rsquo;air pas non plus tr\u00e8s folichon,\u00a0et des manifestant-e-s pleins de p\u00eache, tableau saisissant de deux logiques et de deux mondes. Reste que les flics \u00e9taient arm\u00e9s, \u00ab\u00a0avec des grenades et des lacrymos dans la bagnole\u00a0\u00bb, et que les manifestant-e-s n&rsquo;\u00e9taient arm\u00e9s que de leur joie et de leurs mots.<\/p>\n<p style=\"text-align: justify\">Le cort\u00e8ge s&rsquo;est ensuite \u00e9gay\u00e9 vers le centre-ville, en d\u00e9ployant deux banderoles sur la largeur des petites rues. Hormis les classiques \u00ab\u00a0Vinci d\u00e9gage, r\u00e9sistance et sabotage\u00a0\u00bb, \u00ab\u00a0des tritons, pas du b\u00e9ton\u00a0\u00bb, les manifestant-e-s se sont amus\u00e9-e-s \u00e0 inventer des slogans fleuris. Floril\u00e8ge : \u00ab\u00a0des l\u00e9gumes, pas du bitume\u00a0\u00bb, \u00ab\u00a0Des tomates, pas des matraques\u00a0\u00bb, \u00ab\u00a0des l\u00e9gumineuses, pas des pelleteuses\u00a0\u00bb, \u00ab\u00a0des poireaux, pas des lacrymos\u00a0\u00bb, \u00ab\u00a0des carottes, pas des menottes\u00a0\u00bb, \u00ab\u00a0des papillons, pas des avions\u00a0\u00bb,\u00a0\u00ab\u00a0on veut du sexe, pas des serflex\u00a0\u00bb ! Bref, une bonne poilade malgr\u00e9 la pluie battante et les piteuses cam\u00e9ras des flics.<\/p>\n<p style=\"text-align: justify\">De nombreuses personnes ont pris des tracts. Du coup le cort\u00e8ge a tourn\u00e9 deux fois en centre-ville. En passant par le triste d\u00e9sert social de la\u00a0place d&rsquo;armes devant l&rsquo;h\u00f4tel de ville, aussi morne et aussi morte que d&rsquo;habitude avec ses passant-e-s qui passent, autre symbole des m\u00e9faits de cet autre cocktail Vinci-PS qu&rsquo;est le dispositif \u00ab\u00a0Coeur d&rsquo;Agglo\u00a0\u00bb dans la m\u00e9tropole pictave, on a aussi pu entendre : \u00ab\u00a0on veut des ZAD, pas des places d&rsquo;armes\u00a0\u00bb.<\/p>\n<p style=\"text-align: justify\">Occupons la campagne, occupons la ville, occupons nos vies\u00a0! La ZAD est partout !<\/p>\n<p style=\"text-align: justify\"><em>Pavillon Noir, 20 janvier 2013<\/em><\/p>\n","protected":false},"excerpt":{"rendered":"<p>Hier samedi, pendant plus d&rsquo;une heure, a eu lieu une manif contre le projet d&rsquo;a\u00e9roport \u00e0 Notre-Dame-des-Landes, en soutien aux camarades de la ZAD (Zone \u00e0 d\u00e9fendre) vivant sur place en projet d&rsquo;autonomie, et cibl\u00e9s par une r\u00e9pression f\u00e9roce depuis plusieurs semaines sous l&rsquo;\u00e9gide du gouvernement PS. Cette manif avait \u00e9t\u00e9 d\u00e9cid\u00e9e la veille, lors &hellip; <a href=\"https:\/\/fa86.noblogs.org\/?p=7826\" class=\"more-link\">Continuer la lecture de <span class=\"screen-reader-text\">[Poitiers] Une nouvelle manif en soutien \u00e0 la ZAD<\/span> <span class=\"meta-nav\">&rarr;<\/span><\/a><\/p>\n","protected":false},"author":2691,"featured_media":0,"comment_status":"open","ping_status":"open","sticky":false,"template":"","format":"standard","meta":{"footnotes":""},"categories":[18,9,12],"tags":[],"class_list":["post-7826","post","type-post","status-publish","format-standard","hentry","category-decroissance-libertaire","category-la-rue-grogne","category-okupa-y-resiste"],"_links":{"self":[{"href":"https:\/\/fa86.noblogs.org\/index.php?rest_route=\/wp\/v2\/posts\/7826","targetHints":{"allow":["GET"]}}],"collection":[{"href":"https:\/\/fa86.noblogs.org\/index.php?rest_route=\/wp\/v2\/posts"}],"about":[{"href":"https:\/\/fa86.noblogs.org\/index.php?rest_route=\/wp\/v2\/types\/post"}],"author":[{"embeddable":true,"href":"https:\/\/fa86.noblogs.org\/index.php?rest_route=\/wp\/v2\/users\/2691"}],"replies":[{"embeddable":true,"href":"https:\/\/fa86.noblogs.org\/index.php?rest_route=%2Fwp%2Fv2%2Fcomments&post=7826"}],"version-history":[{"count":5,"href":"https:\/\/fa86.noblogs.org\/index.php?rest_route=\/wp\/v2\/posts\/7826\/revisions"}],"predecessor-version":[{"id":7829,"href":"https:\/\/fa86.noblogs.org\/index.php?rest_route=\/wp\/v2\/posts\/7826\/revisions\/7829"}],"wp:attachment":[{"href":"https:\/\/fa86.noblogs.org\/index.php?rest_route=%2Fwp%2Fv2%2Fmedia&parent=7826"}],"wp:term":[{"taxonomy":"category","embeddable":true,"href":"https:\/\/fa86.noblogs.org\/index.php?rest_route=%2Fwp%2Fv2%2Fcategories&post=7826"},{"taxonomy":"post_tag","embeddable":true,"href":"https:\/\/fa86.noblogs.org\/index.php?rest_route=%2Fwp%2Fv2%2Ftags&post=7826"}],"curies":[{"name":"wp","href":"https:\/\/api.w.org\/{rel}","templated":true}]}}