{"id":7832,"date":"2013-01-20T19:07:57","date_gmt":"2013-01-20T18:07:57","guid":{"rendered":"http:\/\/fa86.noblogs.org\/?p=7832"},"modified":"2013-01-20T19:07:57","modified_gmt":"2013-01-20T18:07:57","slug":"poitiers-traque-aux-faux-mineurs-par-dela-la-banalite-du-mal","status":"publish","type":"post","link":"https:\/\/fa86.noblogs.org\/?p=7832","title":{"rendered":"[Poitiers] Traque aux faux mineurs : par del\u00e0 la banalit\u00e9 du mal"},"content":{"rendered":"<p style=\"text-align: justify\"><a href=\"http:\/\/dal86.fr\/2013\/01\/20\/traque-aux-faux-mineurs-par-dela-la-banalite-du-mal\/\" target=\"_blank\"><strong>Traque aux faux mineurs : par del\u00e0 la banalit\u00e9 du mal<\/strong><\/p>\n<p><\/a><\/p>\n<p style=\"text-align: justify\">Dans l\u2019article \u00ab Traque aux faux mineurs : cinq arrestations \u00e0 l\u2019h\u00f4tel \u00bb nous apprenons que \u00ab <i>cinq des sept jeunes accueillis dans un h\u00f4tel pr\u00e9sentaient un \u00e2ge estim\u00e9 entre 18 et 19 ans. Ils ont \u00e9t\u00e9 interpell\u00e9s, plac\u00e9s en garde \u00e0 vue puis en centre de r\u00e9tention en r\u00e9gion parisienne avant leur expulsion<\/i>. \u00bb <a href=\"http:\/\/www.lanouvellerepublique.fr\/Vienne\/Actualite\/Faits-divers-justice\/n\/Contenus\/Articles\/2013\/01\/17\/Traque-aux-faux-mineurs-cinq-arrestations-a-l-hotel\" target=\"_blank\"><strong><i>Nouvelle R\u00e9publique<\/i> 17 janvier 2013<\/strong><\/a>.\u00a0 Or nous pouvons lire dans le <b>CODE DE L\u2019ACTION SOCIALE ET DES FAMILLES (Partie L\u00e9gislative) Chapitre Ier : Service de l\u2019aide sociale \u00e0 l\u2019enfance ; Article L221-1<\/b><\/p>\n<p style=\"text-align: justify\" align=\"CENTER\"><i>(Loi n\u00ba 2002-2 du 2 janvier 2002 art. 75 I 2\u00ba, art. 82 Journal Officiel du 3 janvier 2002)<\/i><\/p>\n<p style=\"text-align: justify\">Le service de l\u2019aide sociale \u00e0 l\u2019enfance est un service non personnalis\u00e9 du d\u00e9partement charg\u00e9 des missions suivantes\u00a0 : \u00a0\u00a0 <em>1\u00b0 Apporter un soutien mat\u00e9riel, \u00e9ducatif et psychologique tant aux mineurs et \u00e0 leur famille ou \u00e0 tout d\u00e9tenteur de l\u2019autorit\u00e9 parentale, confront\u00e9s \u00e0 des difficult\u00e9s risquant de mettre en danger la sant\u00e9, la s\u00e9curit\u00e9, la moralit\u00e9 de ces mineurs ou de compromettre gravement leur \u00e9ducation ou leur d\u00e9veloppement physique, affectif, intellectuel et social, qu\u2019aux mineurs \u00e9mancip\u00e9s et <\/em><em><b>majeurs de moins de vingt et un ans<\/b><\/em><em> confront\u00e9s \u00e0 des difficult\u00e9s familiales, sociales et \u00e9ducatives susceptibles de compromettre gravement leur \u00e9quilibre<\/em> \u00bb. [soulign\u00e9 par nous]<\/p>\n<p style=\"text-align: justify\"><b>Que le le procureur de la R\u00e9publique fasse \u00ab <\/b><i><b>interpeller, placer en garde \u00e0 vue puis en centre de r\u00e9tention en r\u00e9gion parisienne avant leur expulsio<\/b><\/i><b>n \u00bb des jeunes gens tout juste majeurs (si tant est qu\u2019ils le sont vraiment) uniquement parce qu\u2019ils sont en situation irr\u00e9guli\u00e8re, d\u00e9note l\u2019inhumanit\u00e9 de notre administration <\/b><b>et montre la <\/b><i><b>banalit\u00e9 du mal<\/b><\/i><b> au sens qu\u2019Hannah Arendt a donn\u00e9 \u00e0 cette expression(1)<\/b><b>.<\/b> Le procureur de la R\u00e9publique, monsieur Nicolas Jacquet, peut dire qu\u2019il ne fait qu\u2019\u00ab appliquer la loi \u00bb et ainsi se donner un semblant de bonne conscience en faisant son \u00ab petit homme \u00bb, comme le nomme la philosophe dans son livre <i>Eichmann \u00e0 J<\/i><\/p>\n<p style=\"text-align: justify\"><i>J\u00e9rusalem, essai sur la banalit\u00e9 du mal<\/i>. Et encore, les procureurs, l\u2019Etat en g\u00e9n\u00e9ral, ne communiquent pas, et pour cause, sur des actes pour lesquels ils risquent d\u2019\u00eatre condamn\u00e9s par la cour europ\u00e9enne des droits de l\u2019homme, tels que les expulsions des personnes en situation irr\u00e9guli\u00e8re, surtout lorsqu\u2019ils s\u2019agit de familles et d\u2019enfants. Pour info, deux des interpell\u00e9s sur les cinq (ou six) sont libres: pour l\u2019un le Juge des Libert\u00e9s et de la D\u00e9tention a estim\u00e9 que le test de l\u2019\u00e2ge osseux n\u2019\u00e9tait pas probant\u2026 <a href=\"http:\/\/www.lanouvellerepublique.fr\/Vienne\/Actualite\/Faits-divers-justice\/n\/Contenus\/Articles\/2013\/01\/18\/Mineurs-sans-papiers-la-justice-libere-deux-des-interpelles\" target=\"_blank\"><strong>Nouvelle R\u00e9publique 18 janvier 2013<\/strong><\/a>. Notre bon procureur peut-il vraiment encore garder sa bonne conscience apr\u00e8s avoir essay\u00e9 d\u2019expulser un enfant ? Pour l\u2019autre le Tribunal Administratif de Versailles a annul\u00e9 son renvoi parce qu\u2019il \u00e9tait\u2026 malien. Expulser un jeune, peut-\u00eatre mineur, vers son pays en guerre : il fallait oser ! Ou alors n\u2019est-ce pas plut\u00f4t de la b\u00eatise ? Rappelons qu\u2019Hannah Arendt a propos\u00e9 son concept de \u00ab banalit\u00e9 du mal \u00bb pour d\u00e9noncer le fait qu\u2019Eichmann en disant qu\u2019il ne faisait qu\u2019ob\u00e9ir aux ordres, ne <i>pensait pas<\/i>. Il n\u2019exer\u00e7ait pas son<i> jugement critique<\/i>. <b>Ce n\u2019est donc pas la m\u00e9chancet\u00e9 qui est pernicieuse et qui conduit \u00e0 faire le mal mais la b\u00eatise !<\/b><\/p>\n<p style=\"text-align: justify\"><b>Mais que le conse<\/b><b>il g\u00e9n\u00e9ral, charg\u00e9 par la loi de leur \u00ab <\/b><i><b>apporter un soutien mat\u00e9riel, \u00e9ducatif et psychologique<\/b><\/i><b> \u00bb se <\/b><em>concerte<\/em><b> avec le procureur de la R\u00e9publique pour mettre au point cette <\/b><i>riposte<\/i><b> polici\u00e8re qui pourrait conduire \u00e0 leur expulsion du territoire fran\u00e7ais, a de quoi laisser songeur sur, pour \u00eatre gentil, la rigueur morale de cette institution qui semble plus pr\u00e9occup\u00e9e par les \u00e9conomies qu\u2019elle pourrait faire que par la loi<\/b>, <i><b>en particulier son propre Code, <\/b><\/i>leCode de l\u2019action sociale et des Familles, et par le Droit, en particulier le droit \u00e0 avoir une vie d\u00e9cente. Car, rappelons-le, l\u2019Aide Sociale \u00e0 l\u2019Enfance constitue une des modalit\u00e9s de la mise en \u0153uvre du \u00ab <em>droit \u00e0 une vie d\u00e9cente<\/em> \u00bb ou \u00ab<em>droit \u00e0 la protection sociale et \u00e0 la s\u00e9curit\u00e9 mat\u00e9rielle \u00bb<\/em>, lequel constitue \u00ab <em>un principe de valeur constitutionnelle<\/em> \u00bb selon le Conseil Constitutionnel. Ainsi le tribunal administratif rel\u00e8ve-t-il dans l\u2019affaire Pschenychnyak c.\/ Dpt. des BdR, que \u00ab <em>le droit \u00e0 une vie d\u00e9cente constitue une libert\u00e9 fondamentale dont l\u2019aide sociale \u00e0 l\u2019enfance et l\u2019aide \u00e0 domicile sont des manifestations<\/em> \u00bb (Ordo. r\u00e9f. TA Marseille, 4 octobre 2002, req. N\u00b0 024716\/0).<\/p>\n<p style=\"text-align: justify\"><b>Bruno Belin se place alors irr\u00e9m\u00e9diablement <\/b><i><b>au del\u00e0<\/b><\/i><b> de la banalit\u00e9 du mal<\/b>. En effet, le \u00ab petit homme \u00bb Eichmann se d\u00e9fendait et cherchait \u00e0 se donner bonne conscience en disant qu\u2019il n\u2019avait que fait son devoir par devoir, qu\u2019il n\u2019avait qu\u2019ob\u00e9it aux ordres et respect\u00e9 les lois. Bruno Belin ne peut se pr\u00e9valoir d\u2019une telle chose puisqu\u2019il ne respecte pas les lois. Nous sommes en pr\u00e9sence non pas, comme dans le cas de notre bon procureur, d\u2019un syst\u00e8me totalitaire, mais d\u2019un syst\u00e8me h\u00e9t\u00e9ronome absurde dans lequel, l\u2019Etat ne respecte m\u00eame pas les lois qu\u2019il a \u00e9nonc\u00e9es lui-m\u00eame. Ce syst\u00e8me, dans lequel le pouvoir l\u2019emporte toujours sur la loi, c\u2019est le<em> capitalisme<\/em>. En clair, <strong>les agents du capitalisme, \u00e9tant dans une contradiction insoluble entre le droit et la force, n\u2019ont aucun moyen de se donner bonne conscience<\/strong>. M\u00eame le :<em> il n\u2019y a pas assez d\u2019argent<\/em>, ne tient pas une seconde. Car, par exemple, l\u2019Etat fran\u00e7ais en a trouv\u00e9 tr\u00e8s facilement pour aller faire la guerre au Mali. Tout comme il en avait trouv\u00e9 aussi tr\u00e8s facilement pour intervenir en Libye.<\/p>\n<p style=\"text-align: justify\">C\u2019est pourquoi le Conseil G\u00e9n\u00e9ral ne s\u2019est pas vant\u00e9 qu\u2019il s\u2019est complu dans la d\u00e9lation. Les arrestations ont eu lieu jeudi 10 janvier. La Cimade l\u2019a su samedi 12 et a pr\u00e9venu la presse d\u00e8s lundi 14. L\u2019article a \u00e9t\u00e9 publi\u00e9 huit jours apr\u00e8s les arrestations. Ce n\u2019est donc qu\u2019apr\u00e8s coup que le Conseil g\u00e9n\u00e9ral cherche \u00e0 se donner bonne conscience en d\u00e9signant ces cinq \u00ab faux mineurs \u00bb \u00e0 la vindicte populaire. Mais nous voyons bien que c\u2019est pour d\u00e9tourner l\u2019attention de l\u2019essentiel en se focalisant sur des boucs \u00e9missaires. Et l\u2019essentiel c\u2019est que, <strong>non seulement les services de l\u2019ASE collaborent avec la police pour expulser des jeunes majeurs qu\u2019ils devraient prot\u00e9ger, mais ils refusent r\u00e9guli\u00e8rement de prot\u00e9ger des enfants \u00ab <em>confront\u00e9s \u00e0 des difficult\u00e9s risquant de mettre en danger la sant\u00e9, la s\u00e9curit\u00e9, la moralit\u00e9 de ces mineurs ou de compromettre gravement leur \u00e9ducation ou leur d\u00e9veloppement physique, affectif, intellectuel et social \u00bb <\/em><em>comme le prescrivent les lois qu\u2019ils se sont fix\u00e9s eux-m\u00eames.<\/em><\/strong><\/p>\n<p style=\"text-align: justify\">D\u2019autres exemples ? Dans la <a href=\"http:\/\/www.lanouvellerepublique.fr\/Vienne\/Actualite\/24-Heures\/n\/Contenus\/Articles\/2013\/01\/14\/Des-familles-trouvent-un-abri-grace-au-plan-grand-froid\" target=\"_blank\"><strong><em>Nouvelle R\u00e9publique<\/em> et <em>Centre presse<\/em> de lundi dernier (14 janvier<\/strong><\/a>)\u00a0 suite \u00e0 l\u2019arriv\u00e9e au gymnase de l\u2019accueil suppl\u00e9mentaire du 115, de cette \u00ab <em>famille enti\u00e8re qui se pr\u00e9sente, compl\u00e8tement perdue. Un couple d\u2019Arm\u00e9niens ou d\u2019Az\u00e9ris, on ne sait pas trop, avec deux jeunes enfants de moins de dix ans, une dame \u00e2g\u00e9e et une adolescente de 18 ans \u00e0 peine<\/em> \u00bb<em> Tout le monde : mairie, pr\u00e9fecture, Croix rouge\u2026 s\u2019accordait dimanche \u201c<\/em>pour reconna\u00eetre qu\u2019il n\u2019est pas acceptable que des enfants couchent dehors sans bien savoir quelle solution on pourrait apporter \u00e0 ce drame humain\u201d. \u00bb <b>A la lumi\u00e8re de la loi nous pouvons dire que la fin de cette phrase est inexacte. Nous savons tr\u00e8s bien qu\u2019il y a des solutions et que la loi pr\u00e9cise que, s\u2019il y a des enfants, c\u2019est de la responsabilit\u00e9 de l\u2019Aide Sociale \u00e0 l\u2019Enfance<\/b>.<\/p>\n<p style=\"text-align: justify\">Or, cette derni\u00e8re rechigne r\u00e9guli\u00e8rement \u00e0 se charger de ses responsabilit\u00e9s. Un autre exemple, cette famille de Roumains qui a contact\u00e9 le DAL86 samedi 22 d\u00e9cembre. Une m\u00e8re de famille, en France depuis deux ans et sur Poitiers depuis un an, avec sa fille de 13 ans, et une autre de ses filles de 20 ans qui a une petite fille de 9 mois et qui est l\u00e0 avec le p\u00e8re de son enfant. et enfin une de ses ni\u00e8ces de 18 ans enceinte de 3 mois et en France avec le p\u00e8re de son enfant. Ils vivaient dehors et dormaient pour les uns dans une voiture gar\u00e9e sur les parkings, pour les autres, nous l\u2019avons appris plus tard, \u00e0 la gare.<\/p>\n<p style=\"text-align: justify\">Vu l\u2019urgence de la situation, \u2013 et comme nous l\u2019avait conseill\u00e9 ce m\u00eame Bruno Belin qui traque avec le procureur les vrais faux mineurs \u00e9trangers, si nous trouvions des enfants \u00e0 la rue -, d\u00e8s lundi 24 d\u00e9cembre nous avons accompagn\u00e9 cette famille \u00e0 l\u2019ASE. Mais malheureusement c\u2019\u00e9tait ferm\u00e9 pour les f\u00eates et faisait le pont. Donc le 26 d\u00e9cembre, nous sommes de nouveau all\u00e9s \u00e0 l\u2019ASE. Et l\u00e0, quelle ne fut pas notre d\u00e9convenue :<strong> selon l\u2019ASE, la situation de cette famille et de ces enfants de 9 mois et de 13 ans n\u2019\u00e9tait pas \u00ab pr\u00e9occupante \u00bb puisqu\u2019ils couchaient dans une voiture !<\/strong><\/p>\n<p style=\"text-align: justify\"><strong>Il faut se rendre \u00e0 l\u2019\u00e9vidence, l\u2019ASE de la Vienne, en fait de protection de l\u2019enfance, se pr\u00e9occupe seulement de la d\u00e9ficience des parents et donc, afin d\u2019\u00e9viter d\u2019assumer ses responsabilit\u00e9s et se plaignant qu\u2019elle n\u2019a pas les moyens, cherche \u00e0 se cantonner dans ce qui est nomm\u00e9 pudiquement le \u00ab placement \u00bb des enfants.<\/strong><\/p>\n<p style=\"text-align: justify\">Ces ressortissants roumains sont suivis par une assistante sociale et donc sont connus de l\u2019ASE. Cette jeune fille de 13 ans parlant assez bien le fran\u00e7ais, mais le l\u2019\u00e9crivant pas et ne le lisant pas aussi bien, n\u2019a suivi pour scolarit\u00e9 qu\u2019un an en Roumanie (elle parle, lit et \u00e9crit le roumain) et que 8 mois en Italie (elle parle, lit et \u00e9crit l\u2019italien). Ce ne sont pas les services de l\u2019ASE mais le DAL86 qui a fait les d\u00e9marches pour l\u2019inscrire dans un coll\u00e8ge. Et nous ne vous racontons pas les d\u00e9marches qu\u2019il faut faire pour simplement qu\u2019elle ait une carte de bus pour aller dans son \u00e9tablissement\u2026<\/p>\n<p style=\"text-align: justify\">Nous pouvons donner beaucoup d\u2019autres exemples de m\u00e8res de familles h\u00e9berg\u00e9es au 115 avec leurs enfants alors que les p\u00e8res sont \u00e0 la rue, et ce parfois durant longtemps (2 ans). M\u00e8res et enfants qui vivent dans des dortoirs qu\u2019il doivent quitter \u00e0 9h du matin et ne peuvent y revenir avant 16 h sans y rentrer apr\u00e8s 21 h. Quelle \u00e9ducation ces parents-l\u00e0, s\u00e9par\u00e9s comme du b\u00e9tail, pourront-ils donner \u00e0 leurs enfants et quel sera le<em> \u00ab d\u00e9veloppement physique, affectif, intellectuel et social \u00bb<\/em><em> de ces derniers ?<\/em><\/p>\n<p style=\"text-align: justify\"><strong>Tout ceci nous inspire un profond d\u00e9go\u00fbt. Nous ne laisserons pas faire. D\u00e9j\u00e0 que les lois sont tr\u00e8s peu en faveur mal-log\u00e9s et sans-logis, et tr\u00e8s largement d\u00e9di\u00e9es \u00e0 la d\u00e9fense des int\u00e9r\u00eats des propri\u00e9taires, d\u00e9j\u00e0 que les plus riches et les plus puissants sont beaucoup mieux arm\u00e9s pour faire marcher la justice dans le sens de leurs int\u00e9r\u00eats, les quelques lois en faveurs des mal-log\u00e9s et sans-logis et des plus pr\u00e9caires en g\u00e9n\u00e9ral ne sont m\u00eame pas appliqu\u00e9es par les institutions qui en sont charg\u00e9es. Nous le d\u00e9non\u00e7ons.<\/strong><\/p>\n<p style=\"text-align: justify\" align=\"CENTER\"><em><b>Il faut que les autorit\u00e9s, pr\u00e9fecture, Conseil g\u00e9n\u00e9ral, mairie\u2026 se donnent les moyens de respecter les lois qu\u2019elles se sont donn\u00e9es \u00e0 elles-m\u00eames. C\u2019est-\u00e0-dire, au lieu d\u2019\u00eatre au service des propri\u00e9taires immobiliers, de mettre en place un v\u00e9ritable service d\u2019h\u00e9bergement et de logement comme la loi le stipule.<\/b><\/em><\/p>\n<p style=\"text-align: justify\" align=\"CENTER\">Un toit pour tous, avec ou sans papiers.<\/p>\n<p style=\"text-align: justify\" align=\"CENTER\">(1) <a href=\"http:\/\/www.lekti-ecriture.com\/contrefeux\/hannah-arendt-et-la-banalite-du.html\" target=\"_blank\">http:\/\/www.lekti-ecriture.com\/contrefeux\/hannah-arendt-et-la-banalite-du.html<\/a><\/p>\n<p style=\"text-align: justify\" align=\"CENTER\"><em>DAL 86, 20 janvier 2012<\/em><\/p>\n","protected":false},"excerpt":{"rendered":"<p>Traque aux faux mineurs : par del\u00e0 la banalit\u00e9 du mal Dans l\u2019article \u00ab Traque aux faux mineurs : cinq arrestations \u00e0 l\u2019h\u00f4tel \u00bb nous apprenons que \u00ab cinq des sept jeunes accueillis dans un h\u00f4tel pr\u00e9sentaient un \u00e2ge estim\u00e9 entre 18 et 19 ans. Ils ont \u00e9t\u00e9 interpell\u00e9s, plac\u00e9s en garde \u00e0 vue puis &hellip; <a href=\"https:\/\/fa86.noblogs.org\/?p=7832\" class=\"more-link\">Continuer la lecture de <span class=\"screen-reader-text\">[Poitiers] Traque aux faux mineurs : par del\u00e0 la banalit\u00e9 du mal<\/span> <span class=\"meta-nav\">&rarr;<\/span><\/a><\/p>\n","protected":false},"author":2691,"featured_media":0,"comment_status":"open","ping_status":"open","sticky":false,"template":"","format":"standard","meta":{"footnotes":""},"categories":[11,16],"tags":[],"class_list":["post-7832","post","type-post","status-publish","format-standard","hentry","category-ni-patrie-ni-frontiere","category-repression"],"_links":{"self":[{"href":"https:\/\/fa86.noblogs.org\/index.php?rest_route=\/wp\/v2\/posts\/7832","targetHints":{"allow":["GET"]}}],"collection":[{"href":"https:\/\/fa86.noblogs.org\/index.php?rest_route=\/wp\/v2\/posts"}],"about":[{"href":"https:\/\/fa86.noblogs.org\/index.php?rest_route=\/wp\/v2\/types\/post"}],"author":[{"embeddable":true,"href":"https:\/\/fa86.noblogs.org\/index.php?rest_route=\/wp\/v2\/users\/2691"}],"replies":[{"embeddable":true,"href":"https:\/\/fa86.noblogs.org\/index.php?rest_route=%2Fwp%2Fv2%2Fcomments&post=7832"}],"version-history":[{"count":2,"href":"https:\/\/fa86.noblogs.org\/index.php?rest_route=\/wp\/v2\/posts\/7832\/revisions"}],"predecessor-version":[{"id":7834,"href":"https:\/\/fa86.noblogs.org\/index.php?rest_route=\/wp\/v2\/posts\/7832\/revisions\/7834"}],"wp:attachment":[{"href":"https:\/\/fa86.noblogs.org\/index.php?rest_route=%2Fwp%2Fv2%2Fmedia&parent=7832"}],"wp:term":[{"taxonomy":"category","embeddable":true,"href":"https:\/\/fa86.noblogs.org\/index.php?rest_route=%2Fwp%2Fv2%2Fcategories&post=7832"},{"taxonomy":"post_tag","embeddable":true,"href":"https:\/\/fa86.noblogs.org\/index.php?rest_route=%2Fwp%2Fv2%2Ftags&post=7832"}],"curies":[{"name":"wp","href":"https:\/\/api.w.org\/{rel}","templated":true}]}}