{"id":7838,"date":"2013-01-22T09:23:41","date_gmt":"2013-01-22T08:23:41","guid":{"rendered":"http:\/\/fa86.noblogs.org\/?p=7838"},"modified":"2013-01-22T09:23:41","modified_gmt":"2013-01-22T08:23:41","slug":"saint-genest-dambiere-86-au-comptoir-de-la-confiserie-les-salaires-naugmentent-pas-pour-tout-le-monde","status":"publish","type":"post","link":"https:\/\/fa86.noblogs.org\/?p=7838","title":{"rendered":"[Saint-Genest-d&rsquo;Ambi\u00e8re &#8211; 86] Au comptoir de la confiserie, les salaires n&rsquo;augmentent pas pour tout le monde"},"content":{"rendered":"<p style=\"text-align: justify\"><a href=\"http:\/\/www.lanouvellerepublique.fr\/Vienne\/Actualite\/Economie-social\/n\/Contenus\/Articles\/2013\/01\/22\/Grogne-au-Comptoir-de-la-Confiserie\" target=\"_blank\"><strong>Grogne au Comptoir de la Confiserie<\/strong><\/p>\n<p><\/a><\/p>\n<p style=\"text-align: justify\">A la veille d&rsquo;une n\u00e9gociation salariale annuelle, aujourd&rsquo;hui au si\u00e8ge du groupe \u00e0 Rungis, des d\u00e9brayages \u00e9taient organis\u00e9s, hier, au Comptoir Europ\u00e9en de la Confiserie (1) \u00e0 Saint-Genest-d&rsquo;Ambi\u00e8re, \u00e0 l&rsquo;appel de la CGT et de la CFDT. Des actions identiques avaient lieu dans douze des seize sites fran\u00e7ais du groupe, selon la CGT. En fin de matin\u00e9e, une vingtaine de salari\u00e9s \u00e9taient rassembl\u00e9s sur le parking de l&rsquo;usine locale. Les syndicats contestent le niveau de hausse annuelle (+ 0,6\u2009% en mars et + 0,5\u2009% en octobre), propos\u00e9 par la direction (2). La CGT r\u00e9clame une augmentation g\u00e9n\u00e9rale de 150\u2009\u20ac du salaire de base, plus une revalorisation de la prime de vacances de 150\u2009\u20ac et un d\u00e9part anticip\u00e9 \u00e0 57 ans. La CFDT demande pour sa part une hausse des salaires de 3,5 \u2009%. Les deux syndicats sont d&rsquo;accord par contre pour d\u00e9noncer la situation faite aux agents de ma\u00eetrise dont une part de la revalorisation salariale sera d\u00e9termin\u00e9e au m\u00e9rite. <i>\u00ab 500 dollars d&rsquo;actions ont \u00e9t\u00e9 distribu\u00e9s en fin d&rsquo;ann\u00e9e aux cadres de toute l&rsquo;Europe et nous, on se retrouve avec des miettes \u00bb<\/i>, commentait hier Thierry Pasquinet de la CGT avec son coll\u00e8gue de la CFDT Jean-Fran\u00e7ois Morel. <i>\u00ab Le groupe a augment\u00e9 son chiffre d&rsquo;affaires de 4\u2009% en France. Ce n&rsquo;est pas la crise pour tout le monde \u00bb<\/i>, indiquait de son c\u00f4t\u00e9, Micka\u00ebl Amadis, repr\u00e9sentant CFDT au niveau du groupe.<\/p>\n<p style=\"text-align: justify\"><i>(1) Usine de 200 salari\u00e9s du groupe Kraft Foods, devenu depuis octobre dernier Mondelez International. (2) Jointe, elle n&rsquo;a pas fait de commentaire.<\/i><\/p>\n<p style=\"text-align: justify\"><em>F.B., Nouvelle R\u00e9publique, 22 janvier 2013<\/em><\/p>\n","protected":false},"excerpt":{"rendered":"<p>Grogne au Comptoir de la Confiserie A la veille d&rsquo;une n\u00e9gociation salariale annuelle, aujourd&rsquo;hui au si\u00e8ge du groupe \u00e0 Rungis, des d\u00e9brayages \u00e9taient organis\u00e9s, hier, au Comptoir Europ\u00e9en de la Confiserie (1) \u00e0 Saint-Genest-d&rsquo;Ambi\u00e8re, \u00e0 l&rsquo;appel de la CGT et de la CFDT. Des actions identiques avaient lieu dans douze des seize sites fran\u00e7ais du &hellip; <a href=\"https:\/\/fa86.noblogs.org\/?p=7838\" class=\"more-link\">Continuer la lecture de <span class=\"screen-reader-text\">[Saint-Genest-d&rsquo;Ambi\u00e8re &#8211; 86] Au comptoir de la confiserie, les salaires n&rsquo;augmentent pas pour tout le monde<\/span> <span class=\"meta-nav\">&rarr;<\/span><\/a><\/p>\n","protected":false},"author":2691,"featured_media":0,"comment_status":"open","ping_status":"open","sticky":false,"template":"","format":"standard","meta":{"footnotes":""},"categories":[9],"tags":[],"class_list":["post-7838","post","type-post","status-publish","format-standard","hentry","category-la-rue-grogne"],"_links":{"self":[{"href":"https:\/\/fa86.noblogs.org\/index.php?rest_route=\/wp\/v2\/posts\/7838","targetHints":{"allow":["GET"]}}],"collection":[{"href":"https:\/\/fa86.noblogs.org\/index.php?rest_route=\/wp\/v2\/posts"}],"about":[{"href":"https:\/\/fa86.noblogs.org\/index.php?rest_route=\/wp\/v2\/types\/post"}],"author":[{"embeddable":true,"href":"https:\/\/fa86.noblogs.org\/index.php?rest_route=\/wp\/v2\/users\/2691"}],"replies":[{"embeddable":true,"href":"https:\/\/fa86.noblogs.org\/index.php?rest_route=%2Fwp%2Fv2%2Fcomments&post=7838"}],"version-history":[{"count":2,"href":"https:\/\/fa86.noblogs.org\/index.php?rest_route=\/wp\/v2\/posts\/7838\/revisions"}],"predecessor-version":[{"id":7840,"href":"https:\/\/fa86.noblogs.org\/index.php?rest_route=\/wp\/v2\/posts\/7838\/revisions\/7840"}],"wp:attachment":[{"href":"https:\/\/fa86.noblogs.org\/index.php?rest_route=%2Fwp%2Fv2%2Fmedia&parent=7838"}],"wp:term":[{"taxonomy":"category","embeddable":true,"href":"https:\/\/fa86.noblogs.org\/index.php?rest_route=%2Fwp%2Fv2%2Fcategories&post=7838"},{"taxonomy":"post_tag","embeddable":true,"href":"https:\/\/fa86.noblogs.org\/index.php?rest_route=%2Fwp%2Fv2%2Ftags&post=7838"}],"curies":[{"name":"wp","href":"https:\/\/api.w.org\/{rel}","templated":true}]}}