{"id":7842,"date":"2013-01-22T13:28:13","date_gmt":"2013-01-22T12:28:13","guid":{"rendered":"http:\/\/fa86.noblogs.org\/?p=7842"},"modified":"2013-01-22T13:28:13","modified_gmt":"2013-01-22T12:28:13","slug":"dal-86-pour-un-115-digne-de-ce-nom","status":"publish","type":"post","link":"https:\/\/fa86.noblogs.org\/?p=7842","title":{"rendered":"[DAL 86] Pour un 115 digne de ce nom"},"content":{"rendered":"<p><a href=\"http:\/\/dal86.fr\/2013\/01\/22\/pour-un-115-digne-de-ce-nom\/\" target=\"_blank\"><\/p>\n<p style=\"text-align: justify\"><strong>Pour un 115 digne de ce nom<\/strong><\/p>\n<p><\/a><\/p>\n<p style=\"text-align: justify\">Laurence Brunet, la directrice du centre communal d\u2019action sociale de Poitiers a r\u00e9agi dans la <a href=\"http:\/\/www.lanouvellerepublique.fr\/Vienne\/Actualite\/Economie-social\/n\/Contenus\/Articles\/2013\/01\/15\/Toute-personne-debarquant-a-Poitiers-peut-etre-hebergee-il-suffit-de-faire-le-115\" target=\"_blank\"><strong><em>Nouvelle R\u00e9publique<\/em> du 15 janvier 2013<\/strong><\/a>\u00a0 \u00e0 l\u2019article sur l\u2019accueil d\u2019une famille arm\u00e9nienne avec deux jeunes enfants, dimanche soir (<a href=\"http:\/\/www.lanouvellerepublique.fr\/Vienne\/Actualite\/24-Heures\/n\/Contenus\/Articles\/2013\/01\/14\/Des-familles-trouvent-un-abri-grace-au-plan-grand-froid\" target=\"_blank\"><strong><em>Centre presse<\/em> et <em>Nouvelle R\u00e9publique<\/em> 14 janvier 2013<\/strong><\/a>). \u00ab <i>Toute personne d\u00e9barquant \u00e0 Poitiers peut \u00eatre h\u00e9berg\u00e9e\u2009; il suffit de faire le 115. Il y a des places. En priorit\u00e9 d\u2019ailleurs pour les femmes et les enfants. Y compris, s\u2019il le faut, avec des solutions d\u2019appoint comme les nuit\u00e9es d\u2019h\u00f4tel. <\/i>\u00bb<\/p>\n<p style=\"text-align: justify\">Il est clair qu\u2019en ce moment, puisque le <a href=\"http:\/\/www.centre-presse.fr\/article-223996-le-quot-plan-grand-froid-quot-niveau-declenche-dans-la-vienne.html\" target=\"_blank\">plan grand froid \u00e0 \u00e9t\u00e9 d\u00e9clench\u00e9<\/a>, il semblerait que \u00ab <em>t<\/em><i>oute personne d\u00e9barquant \u00e0 Poitiers peut \u00eatre h\u00e9berg\u00e9e\u2009; il suffit de faire le 115 \u00bb. <\/i>Mais la directrice du CCAS de Poitiers va bien au-del\u00e0 en disant : \u00ab <i>L\u2019h\u00e9bergement au gymnase des \u00c9cossais, c\u2019\u00e9tait la solution de facilit\u00e9 mais dans tous les cas une solution aurait \u00e9t\u00e9 trouv\u00e9e sans le d\u00e9clenchement du plan grand froid et cette famille n\u2019aurait pas dormi dehors <\/i>\u00bb. <b>Ce qui est un gros mensonge<\/b>. Les principaux int\u00e9ress\u00e9s et les associations le savent tr\u00e8s bien, d\u2019habitude, <b>il n\u2019y a pas de place au 115<\/b>. Il suffit de t\u00e9l\u00e9phoner pour s\u2019en apercevoir\u2026<\/p>\n<p style=\"text-align: justify\">La premi\u00e8re fois que des militants du DAL86 ont assist\u00e9 \u00e0 un appel au 115 c\u2019\u00e9tait le 9 avril 2012. Le standardiste du 115 \u00e0 r\u00e9p\u00e9t\u00e9 plusieurs fois que \u00ab <i>sur Poitiers il n\u2019y a aucune solution <\/i>\u00bb. <a href=\"http:\/\/dal86.fr\/2012\/04\/10\/poitiers-les-centres-dhebergement-sont-complets\/\" target=\"_blank\"><strong>VOIR<\/strong><\/a><\/p>\n<p style=\"text-align: justify\">La derni\u00e8re fois que des militants du DAL86 ont assist\u00e9 \u00e0 l\u2019appel au 115 de personnes \u00e0 la rue, c\u2019\u00e9tait le 22 d\u00e9cembre dernier au milieu de l\u2019apr\u00e8s-midi. Il s\u2019agissait de trois familles, une m\u00e8re et sa fille de 13 ans, un couple avec un enfant de 9 mois et un autre couple dont la femme de 18 ans \u00e9tait enceinte de 3 mois. La personne du standard du 115 a pris leurs noms et leur a dit qu\u2019il n\u2019y avait pas de place. L\u2019un des militants du DAL86 a alors pris le t\u00e9l\u00e9phone et a insist\u00e9 en appuyant sur le fait qu\u2019il y avait un enfant de 9 mois, un autre de 13 ans et une femme enceinte qui \u00e9taient \u00e0 la rue. La personne du standard du 115 a alors r\u00e9pondu qu\u2019elle allait se renseigner et qu\u2019il fallait rappeler dans une heure. Quand les personnes ont rappel\u00e9, la personne du standard du 115 leur a dit qu\u2019il y avait des places mais \u00e0 20 km de Poitiers\u2026<\/p>\n<p style=\"text-align: justify\">Nous pourrions multiplier les exemples mais ce n\u2019est pas utile car la FNARS (F\u00e9d\u00e9ration nationale des associations d\u2019accueil et de r\u00e9adaptation sociale) a publi\u00e9 son \u00ab <a href=\"http:\/\/www.fnars.org\/champs-d-action\/accueil-orientation\/actualites-accueil-orientation\/4234-barometre-hivernal-du-115-decembre-2012-la-degradation-de-l-urgence-sociale-se-poursuit\" target=\"_blank\"><strong>Barom\u00e8tre hivernal du 115 \u2013 d\u00e9cembre 2012<\/strong><\/a> \u00bb\u00a0 dans lequel elle pr\u00e9cise que la d\u00e9gradation de l\u2019urgence sociale se poursuit. Poitiers serait-elle la seule ville en France qui y \u00e9chapperait ? Malheureusement non. Car nous apprenons sur la carte de la page 4 du <a href=\"http:\/\/www.fnars.org\/images\/stories\/barometres\/barometre115_decembre_2012_VF.pdf\" target=\"_blank\"><strong>rapport<\/strong><\/a> qu\u2019en d\u00e9cembre dans le d\u00e9partement de la Vienne entre 30% et 60% des demandes n\u2019ont pas donn\u00e9 lieu \u00e0 un h\u00e9bergement pour \u00abAbsence de places disponibles\u00bb\u2026 Nous ne savons pas comment est obtenu ce pourcentage et s\u2019il est plus proche de 60% ou de 30%, nous ne savons pas o\u00f9 la directrice du centre communal d\u2019action sociale de Poitiers a pris ses informations, mais en tout cas il est certain que ce n\u2019est pas <b>z\u00e9ro pour cent<\/b> et donc que : <i><b>Toute personne d\u00e9barquant \u00e0 Poitiers NE peut PAS \u00eatre h\u00e9berg\u00e9e.<\/b><\/i><\/p>\n<p style=\"text-align: justify\">Nous sommes donc en pr\u00e9sence d\u2019un gros mensonge. Pourquoi ? Le DAL86 pense que c\u2019est pour occulter ce qui se passe <b>VRAIMENT<\/b> au 115. Outre l\u2019accueil inconditionnel qui n\u2019est pas assur\u00e9, nous pouvons lister en vrac toute une s\u00e9rie d\u2019\u00e9l\u00e9ments qui dissuadent les gens d\u2019y faire appel : les r\u00e8glements et horaires strict voire absurdes, l\u2019arbitraire et l\u2019irr\u00e9gularit\u00e9 de l\u2019accueil, l\u2019abus de pouvoir et les pressions du personnel, l\u2019impossibilit\u00e9 d\u2019y \u00eatre avec son chien, l\u2019impossibilit\u00e9 d\u2019y manger, la vie en dortoirs, la s\u00e9paration des couples et des familles, et, quand il existe, l\u2019accompagnement social qui est un v\u00e9ritable flicage\u2026<\/p>\n<p style=\"text-align: justify\">Nous exigeons donc, qu\u2019au lieu de dissuader les gens d\u2019exercer leurs droits, qu\u2019au lieu d\u2019\u00eatre au service des propri\u00e9taires immobiliers, les autorit\u00e9s, pr\u00e9fecture, mairie, Conseil g\u00e9n\u00e9ral\u2026 respectent la loi et mettent en place un <b>v\u00e9ritable service d\u2019h\u00e9bergement et de logement<\/b>. En fait, tout ce qui est prescrit par la loi du 25 mars 2009 et qui n\u2019existe pas sur Poitiers : Un accueil <b>inconditionnel<\/b> et <b>p\u00e9renne<\/b> car<em> \u00ab <\/em><em><i>Ce dispositif fonctionne sans interruption et peut \u00eatre saisi par toute personne, organisme ou collectivit\u00e9<\/i><\/em><em> \u00bb \u00ab <\/em><em><i>toute personne accueillie dans une structure d\u2019h\u00e9bergement d\u2019urgence doit pouvoir [\u2026] y demeurer, d\u00e8s lors qu\u2019elle le souhaite \u00bb<\/i><\/em><em>\u00a0 ; <\/em>un accueil<em> \u00ab\u00a0 <\/em><em><i>conforme \u00e0 la <\/i><\/em><em><i><b>dignit\u00e9<\/b><\/i><\/em><em><i> de la personne humaine<\/i><\/em><em> \u00bb ;<\/em> des<em> \u00ab <\/em><em><i><b>prestations<\/b><\/i><\/em><em><i> assurant le g\u00eete, le couvert et l\u2019hygi\u00e8ne, une premi\u00e8re \u00e9valuation m\u00e9dicale, psychique et sociale<\/i><\/em><em> \u00bb ; <\/em>une premi\u00e8re <b>orientation<\/b> <em>\u00ab <\/em><em><i>vers tout professionnel ou toute structure susceptibles de lui apporter l\u2019aide justifi\u00e9e par son \u00e9tat, notamment un centre d\u2019h\u00e9bergement et de r\u00e9insertion sociale, un h\u00e9bergement de stabilisation, une pension de famille, un logement-foyer, un \u00e9tablissement pour personnes \u00e2g\u00e9es d\u00e9pendantes, un lit halte soins sant\u00e9 ou un service hospitalier<\/i><\/em><em> \u00bb ; <\/em>un <b>accompagnement personnalis\u00e9<\/b> digne de ce nom:<em> \u00ab <\/em><em><i>Toute personne accueillie dans une structure d\u2019h\u00e9bergement d\u2019urgence doit pouvoir y b\u00e9n\u00e9ficier d\u2019un accompagnement personnalis\u00e9<\/i><\/em><em> \u00bb ; <\/em>une <b>seconde orientation<\/b><em> \u00ab <\/em><em><i>vers une structure d\u2019h\u00e9bergement stable ou de soins, ou vers un logement, adapt\u00e9s \u00e0 sa situation<\/i><\/em><em> \u00bb . <\/em><b>Le but ultime est bien de vivre dans un logement stable<\/b> car le seul h\u00e9bergement n\u2019est pas une fin en soi puisqu\u2019il s\u2019agit d\u2019aider<em> \u00ab <\/em><em><i>les personnes et les familles qui connaissent de graves difficult\u00e9s, notamment \u00e9conomiques, familiales, de logement, de sant\u00e9 ou d\u2019insertion<\/i><\/em><em> \u00bb<\/em> \u00e0<em> \u00ab <\/em><em><i>acc\u00e9der ou \u00e0 recouvrer leur autonomie personnelle et sociale<\/i><\/em><em> \u00bb.<\/em><\/p>\n<p style=\"text-align: justify\">Pour finir, admettons qu\u2019en ce moment<em> \u00ab <\/em><em><i>Toute personne d\u00e9barquant \u00e0 Poitiers peut \u00eatre h\u00e9berg\u00e9e\u2009; il suffit de faire le 115 \u00bb<\/i><\/em> mais nous serons tr\u00e8s vigilants. D\u2019apr\u00e8s la loi du 25 mars 2009, <b>toute personne h\u00e9berg\u00e9e doit l\u2019\u00eatre jusqu\u2019\u00e0 son relogement<\/b> \u00ab<em> toute personne accueillie dans une structure d\u2019h\u00e9bergement d\u2019urgence doit pouvoir [\u2026] y demeurer, d\u00e8s lors qu\u2019elle le souhaite<\/em> \u00bb. Et il commence \u00e0 y avoir une jurisprudence. En r\u00e9f\u00e9r\u00e9 libert\u00e9, le tribunal administratif de Paris a rendu vendredi 11 janvier en fin d\u2019apr\u00e8s midi, un<a href=\"http:\/\/droitaulogement.org\/wp-content\/uploads\/2013\/01\/ordonnance%20du%20TA%20du%2011-01-2013.pdf\" target=\"_blank\"><strong> jugement<\/strong><\/a>, ordonnant au Pr\u00e9fet de r\u00e9gion Ile de France, de reprendre le financement de l\u2019h\u00e9bergement h\u00f4telier d\u2019un p\u00e8re de famille et ses trois enfants, pour lesquels le 115 du Val d\u2019Oise avait suspendu le financement depuis 3 jours.Selon le Tribunal, \u201c\u2026 <em>cette prise en charge ayant cess\u00e9 \u2026\u00a0 l\u2019\u00c9tat a ainsi port\u00e9 une atteinte grave et manifestement ill\u00e9gale au droit de Mr B. de se maintenir comme il en avait\u00a0 exprim\u00e9 le souhait, dans une structure d\u2019h\u00e9bergement d\u2019urgence \u2026 <\/em>Le tribunal ordonne donc : <em>\u201cIl est enjoint au Pr\u00e9fet de r\u00e9gion Ile-de-France et de Paris, de proposer une orientation \u00e0 Mr M.B. Dans un d\u00e9lai de quinze jours, \u00e0 compter de la notification de l\u2019ordonnance, au sens des dispositions de l\u2019article L. 345-2-3 du code de l\u2019action sociale et des familles.\u201d <\/em><a href=\"http:\/\/droitaulogement.org\/paris-le-11-janvier-nouvelle-jurisprudence-un-jugement-reconnait-le-droit-au-maintien-en-hebergement\/\" target=\"_blank\"><strong>VOIR<\/strong><\/a><\/p>\n<p style=\"text-align: justify\" align=\"CENTER\"><em><b>Il faut que les autorit\u00e9s, pr\u00e9fecture, Conseil g\u00e9n\u00e9ral, mairie\u2026 se donnent les moyens de respecter les lois qu\u2019elles se sont donn\u00e9es \u00e0 elles-m\u00eames. C\u2019est-\u00e0-dire, au lieu d\u2019\u00eatre au service des propri\u00e9taires immobiliers, de mettre en place un v\u00e9ritable service d\u2019h\u00e9bergement et de logement comme la loi le stipule.<\/b><\/em><\/p>\n<p style=\"text-align: justify\" align=\"CENTER\"><em>DAL 86, 22 janvier 2013<\/em><\/p>\n","protected":false},"excerpt":{"rendered":"<p>Pour un 115 digne de ce nom Laurence Brunet, la directrice du centre communal d\u2019action sociale de Poitiers a r\u00e9agi dans la Nouvelle R\u00e9publique du 15 janvier 2013\u00a0 \u00e0 l\u2019article sur l\u2019accueil d\u2019une famille arm\u00e9nienne avec deux jeunes enfants, dimanche soir (Centre presse et Nouvelle R\u00e9publique 14 janvier 2013). \u00ab Toute personne d\u00e9barquant \u00e0 Poitiers &hellip; <a href=\"https:\/\/fa86.noblogs.org\/?p=7842\" class=\"more-link\">Continuer la lecture de <span class=\"screen-reader-text\">[DAL 86] Pour un 115 digne de ce nom<\/span> <span class=\"meta-nav\">&rarr;<\/span><\/a><\/p>\n","protected":false},"author":2691,"featured_media":0,"comment_status":"open","ping_status":"open","sticky":false,"template":"","format":"standard","meta":{"footnotes":""},"categories":[21,9],"tags":[],"class_list":["post-7842","post","type-post","status-publish","format-standard","hentry","category-desinformation-bourgeoise","category-la-rue-grogne"],"_links":{"self":[{"href":"https:\/\/fa86.noblogs.org\/index.php?rest_route=\/wp\/v2\/posts\/7842","targetHints":{"allow":["GET"]}}],"collection":[{"href":"https:\/\/fa86.noblogs.org\/index.php?rest_route=\/wp\/v2\/posts"}],"about":[{"href":"https:\/\/fa86.noblogs.org\/index.php?rest_route=\/wp\/v2\/types\/post"}],"author":[{"embeddable":true,"href":"https:\/\/fa86.noblogs.org\/index.php?rest_route=\/wp\/v2\/users\/2691"}],"replies":[{"embeddable":true,"href":"https:\/\/fa86.noblogs.org\/index.php?rest_route=%2Fwp%2Fv2%2Fcomments&post=7842"}],"version-history":[{"count":2,"href":"https:\/\/fa86.noblogs.org\/index.php?rest_route=\/wp\/v2\/posts\/7842\/revisions"}],"predecessor-version":[{"id":7844,"href":"https:\/\/fa86.noblogs.org\/index.php?rest_route=\/wp\/v2\/posts\/7842\/revisions\/7844"}],"wp:attachment":[{"href":"https:\/\/fa86.noblogs.org\/index.php?rest_route=%2Fwp%2Fv2%2Fmedia&parent=7842"}],"wp:term":[{"taxonomy":"category","embeddable":true,"href":"https:\/\/fa86.noblogs.org\/index.php?rest_route=%2Fwp%2Fv2%2Fcategories&post=7842"},{"taxonomy":"post_tag","embeddable":true,"href":"https:\/\/fa86.noblogs.org\/index.php?rest_route=%2Fwp%2Fv2%2Ftags&post=7842"}],"curies":[{"name":"wp","href":"https:\/\/api.w.org\/{rel}","templated":true}]}}