{"id":7871,"date":"2013-01-26T09:20:04","date_gmt":"2013-01-26T08:20:04","guid":{"rendered":"http:\/\/fa86.noblogs.org\/?p=7871"},"modified":"2013-01-26T09:20:04","modified_gmt":"2013-01-26T08:20:04","slug":"saint-leger-de-montbrillais-86-le-prefet-passe-en-force-en-faveur-de-vinci","status":"publish","type":"post","link":"https:\/\/fa86.noblogs.org\/?p=7871","title":{"rendered":"[Saint-L\u00e9ger-de-Montbrillais &#8211; 86] Le pr\u00e9fet passe en force en faveur de Vinci"},"content":{"rendered":"<p style=\"text-align: justify\"><em><strong>NdPN<\/strong> : c&rsquo;est l&rsquo;une des failles du capitalisme : entre grands chantiers inutiles, existe aussi la concurrence. Dans <a href=\"https:\/\/fa86.noblogs.org\/?p=6788\" target=\"_blank\">la bagarre opposant les \u00e9lus locaux pour leur Center Parcs \u00e0 bobos \u00e0 proximit\u00e9 de Loudun, et Vinci pour l&rsquo;exploitation d&rsquo;une nouvelle carri\u00e8re de granulats pour sa LGV<\/a>, <strong>le pr\u00e9fet a tranch\u00e9 hier en faveur de Vinci<\/strong>,\u00a0en passant en force contre les \u00e9lus locaux. Encore une victoire arrach\u00e9e par Vinci, avec la complicit\u00e9 de l&rsquo;Etat PS et la b\u00e9n\u00e9diction de la ministre de l&rsquo;\u00e9cologie Batho&#8230; Et un paysage ravag\u00e9. Le pr\u00e9fet a pris sa d\u00e9cision \u00e0 la veille de son d\u00e9part, de m\u00eame que sur <a href=\"http:\/\/www.lanouvellerepublique.fr\/Vienne\/Actualite\/24-Heures\/n\/Contenus\/Articles\/2013\/01\/26\/La-guerre-du-syndicat-d-eau-aura-bien-lieu-dans-la-Vienne\" target=\"_blank\">la question du syndicat unique de l&rsquo;eau dans la Vienne<\/a>. Une belle le\u00e7on de \u00ab\u00a0d\u00e9mocratie\u00a0\u00bb, pour toutes celles et ceux qui croient encore en ce simulacre.<\/em><\/p>\n<p style=\"text-align: justify\"><a href=\"http:\/\/www.lanouvellerepublique.fr\/Vienne\/Actualite\/Environnement\/n\/Contenus\/Articles\/2013\/01\/26\/Contre-l-avis-des-elus-le-prefet-dit-oui-a-la-carriere\" target=\"_blank\"><strong>Contre l&rsquo;avis des \u00e9lus le pr\u00e9fet dit oui \u00e0 la carri\u00e8re<\/strong><\/p>\n<p><\/a><\/p>\n<p style=\"text-align: justify\"><img loading=\"lazy\" decoding=\"async\" class=\"alignnone\" alt=\"\" src=\"http:\/\/www.lanouvellerepublique.fr\/var\/nrv2\/storage\/images\/contenus\/articles\/2013\/01\/26\/contre-l-avis-des-elus-le-prefet-dit-oui-a-la-carriere\/24549669-1-fre-FR\/Contre-l-avis-des-elus-le-prefet-dit-oui-a-la-carriere_reference.jpg\" width=\"600\" height=\"311\" \/><\/p>\n<p style=\"text-align: justify\"><em>Les travaux d&rsquo;extraction pourraient commencer dans les tout prochains jours.<\/em><\/p>\n<p style=\"text-align: justify\"><strong>Saint-L\u00e9ger-de-Montbrillais.\u00a0\u00a0 Le pr\u00e9fet de R\u00e9gion a sign\u00e9 hier l\u2019arr\u00eat\u00e9 autorisant Vinci \u00e0 exploiter une carri\u00e8re de granulats tr\u00e8s contest\u00e9e.<\/strong><\/p>\n<p style=\"text-align: justify\">Sans surprise, Yves Dassonville, le pr\u00e9fet de R\u00e9gion qui doit prendre sa retraite la semaine prochaine, a annonc\u00e9 hier qu&rsquo;il venait de signer un arr\u00eat\u00e9 autorisant la soci\u00e9t\u00e9 Vinci construction terrassement \u00e0 exploiter au lieu-dit \u00ab Le Moulin-\u00e0-Vent \u00bb (commune de Saint-L\u00e9ger-de-Montbrillais) une carri\u00e8re de granulats. Ceux-ci seront destin\u00e9s aux remblais de la future ligne ferroviaire \u00e0 grande vitesse Sud Europe Atlantique.<\/p>\n<p style=\"text-align: justify\"><b>Pour le pr\u00e9fet, il n&rsquo;existe aucun motif de dire non<\/b><\/p>\n<p style=\"text-align: justify\">Le pr\u00e9fet, qui affirme que la ministre de l&rsquo;\u00c9cologie Delphine Batho <i>\u00ab ne s&rsquo;est pas oppos\u00e9e \u00e0 cette signature \u00bb<\/i>, n&rsquo;a donc pas tenu compte des nombreuses interventions d&rsquo;\u00e9lus de tout bord (hormis la plupart des \u00e9lus locaux) oppos\u00e9s \u00e0 ce projet de carri\u00e8re de 4 hectares, situ\u00e9 dans le prolongement d&rsquo;une premi\u00e8re carri\u00e8re abandonn\u00e9e le long de la route de Saumur. <i>\u00ab On est dans un \u00e9tat de droit, <\/i>mart\u00e8le Yves Dassonville. <i>Je vois mal comment je pourrais refuser l&rsquo;autorisation \u00e0 cette carri\u00e8re. Le dossier a \u00e9t\u00e9 examin\u00e9 sous toutes les coutures. Supposons que je ne donne pas l&rsquo;autorisation, imm\u00e9diatement Vinci m&rsquo;attaque et imm\u00e9diatement Vinci gagne. \u00bb<\/i> Le pr\u00e9fet fait valoir qu&rsquo;il n&rsquo;existe aucun motif administratif ou environnemental de s&rsquo;opposer \u00e0 ce projet, qui constitue <i>\u00ab la moins p\u00e9nalisante des solutions \u00bb. <\/i>Ce projet a d&rsquo;ailleurs obtenu l&rsquo;avis favorable du commissaire enqu\u00eateur charg\u00e9 de l&rsquo;enqu\u00eate d&rsquo;utilit\u00e9 publique, puis de la Commission d\u00e9partementale de la nature. L&rsquo;arr\u00eat\u00e9 pr\u00e9fectoral stipule que Vinci est autoris\u00e9 \u00e0 exploiter la carri\u00e8re et \u00e0 concasser les granulats jusqu&rsquo;au 31 d\u00e9cembre 2013, de fa\u00e7on \u00e0 ne pas interf\u00e9rer avec le chantier du futur Center Parcs des Trois-Moutiers, situ\u00e9 \u00e0 5 km de l\u00e0. Le site devra \u00eatre r\u00e9habilit\u00e9 au plus tard le 31 mars suivant. Les travaux d&rsquo;extraction pourraient commencer dans les tout prochains jours. Hier soir, G\u00e9rard Leclerc, porte-parole de l&rsquo;Association de protection du patrimoine architectural et rural (Appar), principal opposant au projet, a indiqu\u00e9 qu&rsquo;un recours administratif est \u00e0 l&rsquo;\u00e9tude. Il a d\u00e9nonc\u00e9 <i>\u00ab un coup de force sous la pression d&rsquo;int\u00e9r\u00eats priv\u00e9s \u00bb, <\/i>pr\u00e9cisant\u2009: <i>\u00ab On se demande ce qui a bien pu se passer. Jusqu&rsquo;\u00e0 avant-hier, on nous disait que le pr\u00e9fet laisserait la d\u00e9cision \u00e0 son successeur. \u00bb<\/i><\/p>\n<p style=\"text-align: justify\"><em>Vincent Buche, Nouvelle R\u00e9publique, 26 janvier 2013<\/em><\/p>\n<p style=\"text-align: justify\"><a href=\"http:\/\/www.lanouvellerepublique.fr\/Vienne\/Actualite\/Environnement\/n\/Contenus\/Articles\/2013\/01\/26\/Incomprehension-et-colere-des-elus\" target=\"_blank\"><\/p>\n<p style=\"text-align: justify\"><strong>Incompr\u00e9hension et col\u00e8re des \u00e9lus<\/strong><\/p>\n<p><\/a><\/p>\n<p style=\"text-align: justify\"><i>S\u00e9gol\u00e8ne Royal pr\u00e9sidente de la R\u00e9gion<\/i><\/p>\n<p style=\"text-align: justify\">Je m&rsquo;\u00e9tonne que le pr\u00e9fet puisse prendre une d\u00e9cision aussi lourde de cons\u00e9quences, \u00e0 quelques jours de sa fin de fonction. Cet arr\u00eat\u00e9 pr\u00e9fectoral intervient malgr\u00e9 l&rsquo;avis n\u00e9gatif de tous les \u00e9lus du territoire et alors que le minist\u00e8re de l&rsquo;Environnement avait pris soin de consulter tous les \u00e9lus locaux qui sont contre cette ouverture. Cette d\u00e9cision va ralentir les travaux de Center Parcs et les activit\u00e9s nouvelles ainsi que les emplois qui doivent \u00eatre cr\u00e9\u00e9s.<\/p>\n<p style=\"text-align: justify\"><i>Jean-Pierre Raffarin s\u00e9nateur de la Vienne<\/i><\/p>\n<p style=\"text-align: justify\">Je suis surpris que Mme Batho (ministre de l&rsquo;\u00c9cologie, proche de S\u00e9gol\u00e8ne Royal, NDLR) n&rsquo;ait pas demand\u00e9 au pr\u00e9fet de prot\u00e9ger l&rsquo;environnement dans ce nord de la Vienne pour lequel nous avons choisi le d\u00e9veloppement durable. On a voulu inscrire Center parcs ans une strat\u00e9gie de d\u00e9veloppement durable. Cette d\u00e9cision ne me para\u00eet pas compatible avec ce choix. En g\u00e9n\u00e9ral, c&rsquo;est un ministre qui donne des ordres au pr\u00e9fet et non pas l&rsquo;inverse. Quelle est l&rsquo;autorit\u00e9 de Mme Batho\u2009? Et quelle est l&rsquo;influence de Mme Royal sur Mme Batho\u2009?<\/p>\n<p style=\"text-align: justify\"><i>Claude Bertaud pr\u00e9sident du D\u00e9partement<\/i><\/p>\n<p style=\"text-align: justify\">Je regrette la d\u00e9cision prise par la commission d\u00e9partementale de la nature, qui a donn\u00e9 un avis favorable. Je souhaite que la ministre Delphine Batho prenne une d\u00e9cision qui ne suive pas ce vote (1). Si l&rsquo;exploitation de la carri\u00e8re a finalement lieu, il faudra que nous soyons certain qu&rsquo;elle s&rsquo;arr\u00eate avant la fin 2013.<\/p>\n<p style=\"text-align: justify\"><i>V\u00e9ronique Massonneau d\u00e9put\u00e9e<\/i><\/p>\n<p style=\"text-align: justify\">Je suis \u00e0 la fois surprise et tr\u00e8s d\u00e9\u00e7ue de cette d\u00e9cision, ayant clairement fait savoir depuis plusieurs mois mon opposition \u00e0 ce projet, non seulement au pr\u00e9fet de r\u00e9gion mais \u00e9galement \u00e0 la ministre de l&rsquo;\u00c9cologie, qui m&rsquo;avait consult\u00e9e. Je suis tr\u00e8s inqui\u00e8te des cons\u00e9quences de cette d\u00e9cision, qui va entra\u00eener un trafic intense de poids lourds dans le secteur du chantier de Center Parcs, avec des nuisances in\u00e9vitables pour les riverains des communes avoisinantes. Alors que des solutions alternatives existent, il est regrettable de porter ainsi atteinte \u00e0 l&rsquo;exemplarit\u00e9 souhait\u00e9e pour les chantiers de la LGV et du Center Parcs, en terme de respect de l&rsquo;environnement et de la population locale.<\/p>\n<p style=\"text-align: justify\"><i>(1) En fait, la ministre n&rsquo;a pas le pouvoir de revenir sur la d\u00e9cision du pr\u00e9fet. Seul le tribunal administratif peut d\u00e9sormais suspendre puis annuler l&rsquo;arr\u00eat\u00e9 contest\u00e9.<\/i><\/p>\n<p style=\"text-align: justify\"><em>Nouvelle R\u00e9publique, 26 janvier 2013<\/em><\/p>\n","protected":false},"excerpt":{"rendered":"<p>NdPN : c&rsquo;est l&rsquo;une des failles du capitalisme : entre grands chantiers inutiles, existe aussi la concurrence. Dans la bagarre opposant les \u00e9lus locaux pour leur Center Parcs \u00e0 bobos \u00e0 proximit\u00e9 de Loudun, et Vinci pour l&rsquo;exploitation d&rsquo;une nouvelle carri\u00e8re de granulats pour sa LGV, le pr\u00e9fet a tranch\u00e9 hier en faveur de Vinci,\u00a0en &hellip; <a href=\"https:\/\/fa86.noblogs.org\/?p=7871\" class=\"more-link\">Continuer la lecture de <span class=\"screen-reader-text\">[Saint-L\u00e9ger-de-Montbrillais &#8211; 86] Le pr\u00e9fet passe en force en faveur de Vinci<\/span> <span class=\"meta-nav\">&rarr;<\/span><\/a><\/p>\n","protected":false},"author":2691,"featured_media":0,"comment_status":"open","ping_status":"open","sticky":false,"template":"","format":"standard","meta":{"footnotes":""},"categories":[26,18,7],"tags":[],"class_list":["post-7871","post","type-post","status-publish","format-standard","hentry","category-construction-du-desert","category-decroissance-libertaire","category-propagande-marchande"],"_links":{"self":[{"href":"https:\/\/fa86.noblogs.org\/index.php?rest_route=\/wp\/v2\/posts\/7871","targetHints":{"allow":["GET"]}}],"collection":[{"href":"https:\/\/fa86.noblogs.org\/index.php?rest_route=\/wp\/v2\/posts"}],"about":[{"href":"https:\/\/fa86.noblogs.org\/index.php?rest_route=\/wp\/v2\/types\/post"}],"author":[{"embeddable":true,"href":"https:\/\/fa86.noblogs.org\/index.php?rest_route=\/wp\/v2\/users\/2691"}],"replies":[{"embeddable":true,"href":"https:\/\/fa86.noblogs.org\/index.php?rest_route=%2Fwp%2Fv2%2Fcomments&post=7871"}],"version-history":[{"count":2,"href":"https:\/\/fa86.noblogs.org\/index.php?rest_route=\/wp\/v2\/posts\/7871\/revisions"}],"predecessor-version":[{"id":7873,"href":"https:\/\/fa86.noblogs.org\/index.php?rest_route=\/wp\/v2\/posts\/7871\/revisions\/7873"}],"wp:attachment":[{"href":"https:\/\/fa86.noblogs.org\/index.php?rest_route=%2Fwp%2Fv2%2Fmedia&parent=7871"}],"wp:term":[{"taxonomy":"category","embeddable":true,"href":"https:\/\/fa86.noblogs.org\/index.php?rest_route=%2Fwp%2Fv2%2Fcategories&post=7871"},{"taxonomy":"post_tag","embeddable":true,"href":"https:\/\/fa86.noblogs.org\/index.php?rest_route=%2Fwp%2Fv2%2Ftags&post=7871"}],"curies":[{"name":"wp","href":"https:\/\/api.w.org\/{rel}","templated":true}]}}