{"id":7878,"date":"2013-01-28T08:59:42","date_gmt":"2013-01-28T07:59:42","guid":{"rendered":"http:\/\/fa86.noblogs.org\/?p=7878"},"modified":"2013-01-28T08:59:42","modified_gmt":"2013-01-28T07:59:42","slug":"m-harlem-desir-un-peu-dhistoire","status":"publish","type":"post","link":"https:\/\/fa86.noblogs.org\/?p=7878","title":{"rendered":"M. Harlem D\u00e9sir, un peu d\u2019histoire !"},"content":{"rendered":"<p><a href=\"http:\/\/www.federation-anarchiste.org\/spip.php?article1115\" target=\"_blank\"><\/p>\n<p style=\"text-align: justify\"><strong>Communiqu\u00e9 : M. Harlem D\u00e9sir, un peu d\u2019histoire !<\/strong><\/p>\n<p><\/a><\/p>\n<p style=\"text-align: justify\">Ignorance de l\u2019histoire ou d\u00e9ni de l\u2019histoire, les propos de Harlem D\u00e9sir, le 21 janvier 2013, dans Mots crois\u00e9s, sur France 2, \u00e0 propos de l\u2019accueil r\u00e9serv\u00e9 aux r\u00e9fugi\u00e9s espagnols en 1939, sont inacceptables. Comment oser dire que ces Espagnols \u00e9taient fiers de la solidarit\u00e9 de la France ?<\/p>\n<div style=\"text-align: justify\">\n<p>Comparant la gratitude qui serait celle de Maliens de 2013 envers la France \u00e0 une pr\u00e9suppos\u00e9e gratitude des Espagnols r\u00e9publicains de 1939 \u00e0 l\u2019adresse du m\u00eame pays qui aurait \u00e9t\u00e9 accueillant pour eux, Harlem D\u00e9sir a tenu ces propos : \u00ab Juste avant cette \u00e9mission, j\u2019\u00e9tais \u00e0 Montreuil o\u00f9 nous organisions une r\u00e9union de solidarit\u00e9 avec le peuple malien et j\u2019ai vu des hommes et des femmes, beaucoup de Maliens de France, qui \u00e9taient \u00e0 la fois inquiets, pour leur pays, comme ont pu l\u2019\u00eatre des r\u00e9fugi\u00e9s, vous savez, des Espagnols ou autres qui ont \u00e9t\u00e9 accueillis en France au moment o\u00f9 leur pays traversait des drames et des guerres, et qui en m\u00eame temps \u00e9taient fiers de la solidarit\u00e9 de la France, qui \u00e9taient soulag\u00e9s, qui \u00e9taient reconnaissants. \u00bb<\/p>\n<p>Or, m\u00eame si en 1936 et 1937, il y eut une petite solidarit\u00e9 envers les R\u00e9publicains espagnols en guerre civile, celle-ci a vite \u00e9t\u00e9 interrompue par le gouvernement de gauche.<\/p>\n<p>La F\u00e9d\u00e9ration anarchiste tient \u00e0 rappeler que, parmi les 500 000 r\u00e9fugi\u00e9s espagnols fuyant le franquisme, apr\u00e8s avoir, pour nombre d\u2019entre eux, men\u00e9 un \u00e2pre combat contre les forces franquistes, mais aussi contre ses alli\u00e9s nazis et les suppl\u00e9tifs de Salazar, au moins 330 000 se sont retrouv\u00e9s dans des camps de concentration (appellation officielle).<\/p>\n<p>La solidarit\u00e9 n\u2019\u00e9tait pas de mise, sauf chez certains militants de gauche, des anarchistes et quelques entit\u00e9s caritatives. En m\u00e9tropole et au Sahara colonis\u00e9, le gouvernement recevait ces Espagnols antifascistes, sans l\u2019avoir anticip\u00e9 \u2013 alors que les \u00e9v\u00e8nements pr\u00e9sageaient une arriv\u00e9e massive \u2013, dans les camps de la honte du sud du pays. 17 000 personnes y p\u00e9rirent, ne parvenant pas \u00e0 lutter contre le vent froid, la pluie, l\u2019insalubrit\u00e9, le manque d\u2019eau potable, l\u2019insuffisance des \u00e9quipements sanitaires, la typho\u00efde, la tuberculose, le paludisme, le d\u00e9sespoir. Au Sahara, les conditions de vie \u00e9taient encore pires et certains y croupirent jusqu\u2019en 1942. Rappelons aussi que les r\u00e9voltes \u00e9taient punies d\u2019emprisonnement dans des espaces disciplinaires et que les punitions brutales pouvaient semer la mort.<\/p>\n<p>L\u00e0, il est question de l\u2019attitude du gouvernement r\u00e9publicain jusqu\u2019en 1940. Quant \u00e0 celui de Vichy, il a livr\u00e9 des Espagnols au r\u00e9gime franquiste et aux nazis qui les ont d\u00e9port\u00e9s dans les camps d\u2019extermination.<\/p>\n<p>Pour rendre la monnaie de la pi\u00e8ce de la solidarit\u00e9 \u00e0 la France, nombre d\u2019espagnols exil\u00e9s, dont de nombreux anarchistes, se sont battus contre l\u2019occupation nazie, rejoignant la R\u00e9sistance ou les Forces libres : les hommes de la 2e division blind\u00e9e de Leclerc, command\u00e9e par le capitaine Raymond Dronne, la Nueve, qui, comme son nom l\u2019indique, \u00e9tait compos\u00e9e en majorit\u00e9 d\u2019Espagnols, ont \u00e9t\u00e9 les premiers \u00e0 rentrer dans Paris, le 24 ao\u00fbt 1944, au soir.<\/p>\n<p>Aussi, M. Harlem D\u00e9sir, la F\u00e9d\u00e9ration anarchiste vous invite \u00e0 revisiter votre Histoire de France, l\u2019histoire de ces r\u00e9publiques et celle du comportement de ses repr\u00e9sentants.<\/p>\n<p><em>Secr\u00e9tariat aux relations ext\u00e9rieures de la F\u00e9d\u00e9ration anarchiste.<\/em><\/p>\n<p><em>le 27 janvier 2013<\/em><\/p>\n<\/div>\n","protected":false},"excerpt":{"rendered":"<p>Communiqu\u00e9 : M. Harlem D\u00e9sir, un peu d\u2019histoire ! Ignorance de l\u2019histoire ou d\u00e9ni de l\u2019histoire, les propos de Harlem D\u00e9sir, le 21 janvier 2013, dans Mots crois\u00e9s, sur France 2, \u00e0 propos de l\u2019accueil r\u00e9serv\u00e9 aux r\u00e9fugi\u00e9s espagnols en 1939, sont inacceptables. Comment oser dire que ces Espagnols \u00e9taient fiers de la solidarit\u00e9 de &hellip; <a href=\"https:\/\/fa86.noblogs.org\/?p=7878\" class=\"more-link\">Continuer la lecture de <span class=\"screen-reader-text\">M. Harlem D\u00e9sir, un peu d\u2019histoire !<\/span> <span class=\"meta-nav\">&rarr;<\/span><\/a><\/p>\n","protected":false},"author":2691,"featured_media":0,"comment_status":"open","ping_status":"open","sticky":false,"template":"","format":"standard","meta":{"footnotes":""},"categories":[21,11,16],"tags":[],"class_list":["post-7878","post","type-post","status-publish","format-standard","hentry","category-desinformation-bourgeoise","category-ni-patrie-ni-frontiere","category-repression"],"_links":{"self":[{"href":"https:\/\/fa86.noblogs.org\/index.php?rest_route=\/wp\/v2\/posts\/7878","targetHints":{"allow":["GET"]}}],"collection":[{"href":"https:\/\/fa86.noblogs.org\/index.php?rest_route=\/wp\/v2\/posts"}],"about":[{"href":"https:\/\/fa86.noblogs.org\/index.php?rest_route=\/wp\/v2\/types\/post"}],"author":[{"embeddable":true,"href":"https:\/\/fa86.noblogs.org\/index.php?rest_route=\/wp\/v2\/users\/2691"}],"replies":[{"embeddable":true,"href":"https:\/\/fa86.noblogs.org\/index.php?rest_route=%2Fwp%2Fv2%2Fcomments&post=7878"}],"version-history":[{"count":2,"href":"https:\/\/fa86.noblogs.org\/index.php?rest_route=\/wp\/v2\/posts\/7878\/revisions"}],"predecessor-version":[{"id":7880,"href":"https:\/\/fa86.noblogs.org\/index.php?rest_route=\/wp\/v2\/posts\/7878\/revisions\/7880"}],"wp:attachment":[{"href":"https:\/\/fa86.noblogs.org\/index.php?rest_route=%2Fwp%2Fv2%2Fmedia&parent=7878"}],"wp:term":[{"taxonomy":"category","embeddable":true,"href":"https:\/\/fa86.noblogs.org\/index.php?rest_route=%2Fwp%2Fv2%2Fcategories&post=7878"},{"taxonomy":"post_tag","embeddable":true,"href":"https:\/\/fa86.noblogs.org\/index.php?rest_route=%2Fwp%2Fv2%2Ftags&post=7878"}],"curies":[{"name":"wp","href":"https:\/\/api.w.org\/{rel}","templated":true}]}}