{"id":7884,"date":"2013-01-29T08:53:41","date_gmt":"2013-01-29T07:53:41","guid":{"rendered":"http:\/\/fa86.noblogs.org\/?p=7884"},"modified":"2013-01-29T08:53:41","modified_gmt":"2013-01-29T07:53:41","slug":"montreuil-bonnin-86-rencontre-echange-de-semences-traditionnelles","status":"publish","type":"post","link":"https:\/\/fa86.noblogs.org\/?p=7884","title":{"rendered":"[Montreuil-Bonnin &#8211; 86] Rencontre-\u00e9change de semences traditionnelles"},"content":{"rendered":"<p style=\"text-align: justify\"><em><strong>NdPN<\/strong> : face aux multinationales semenci\u00e8res, \u00e0 leurs appropriation exclusive du vivant par des brevets, \u00e0 leurs interdictions de semences traditionnelles via des catalogues gouvernementaux, voir des journ\u00e9es comme celles-ci s&rsquo;organiser \u00e7a fait du bien au moral. La r\u00e9sistance commence aussi par l\u00e0. En plus, c&rsquo;est l&rsquo;occasion de se faire plaisir et de rencontrer plein de monde, en glanant plein de petits conseils de jardinage. A vos petits sachets !<\/em><\/p>\n<p><a href=\"http:\/\/www.lanouvellerepublique.fr\/Vienne\/Actualite\/Environnement\/n\/Contenus\/Articles\/2013\/01\/29\/Il-est-temps-de-semer-la-biodiversite\" target=\"_blank\"><strong>Il est temps de semer la biodiversit\u00e9 !<\/strong><\/p>\n<p><\/a><\/p>\n<p style=\"text-align: justify\">L&rsquo;association Cultivons la Bio-Diversit\u00e9 en Poitou-Charentes en partenariat avec Les Jardins d&rsquo;Ariane organise le dimanche 3 mars une journ\u00e9e d&rsquo;\u00e9changes de graines \u00e0 la salle des f\u00eates de Montreuil-Bonnin. L&rsquo;occasion de d\u00e9couvrir de mani\u00e8re conviviale des semences <i>\u00ab cr\u00e9\u00e9es par les paysans depuis la nuit des temps, par leur travail de s\u00e9lection, d&rsquo;adaptation des plantes au milieu \u00bb. <\/i>Au menu du jour\u2009: d\u00e9couverte d&rsquo;esp\u00e8ces paysannes, troc et parrainages de vari\u00e9t\u00e9s cultiv\u00e9es, d&rsquo;esp\u00e8ces sauvages comestibles, mais \u00e9galement de graines de plantes d&rsquo;ornement. Tous les jardiniers, amateurs \u00e9clair\u00e9s ou mains vertes exp\u00e9riment\u00e9es sont les bienvenus pour partager leurs connaissances et leurs exp\u00e9riences.<\/p>\n<p style=\"text-align: justify\">Ceux qui n&rsquo;ont pas de graines \u00e0 \u00e9changer pourront repartir avec des graines \u00e0 ressemer. Pour les autres, merci de conditionner les graines en sachets \u00e9tiquet\u00e9s en notant l&rsquo;esp\u00e8ce, la vari\u00e9t\u00e9, la provenance, l&rsquo;ann\u00e9e de r\u00e9colte et la quantit\u00e9. Vienne Nature, la LPO et ACEVE participeront \u00e0 l&rsquo;animation de cette journ\u00e9e.<\/p>\n<p style=\"text-align: justify\"><b>Dimanche 3 mars, de 10\u2009h \u00e0 17\u2009h, \u00e0 la salle des f\u00eates de Montreuil-Bonnin. Possibilit\u00e9 de repas sur place. 8\u2009\u20ac sur r\u00e9servation au 05.49.53.27.69. Contact CBD\u2009: t\u00e9l. 05.49.48.91.06.<\/b><\/p>\n<p style=\"text-align: justify\"><em>Nouvelle R\u00e9publique, 29 janvier 2013<\/em><\/p>\n","protected":false},"excerpt":{"rendered":"<p>NdPN : face aux multinationales semenci\u00e8res, \u00e0 leurs appropriation exclusive du vivant par des brevets, \u00e0 leurs interdictions de semences traditionnelles via des catalogues gouvernementaux, voir des journ\u00e9es comme celles-ci s&rsquo;organiser \u00e7a fait du bien au moral. La r\u00e9sistance commence aussi par l\u00e0. En plus, c&rsquo;est l&rsquo;occasion de se faire plaisir et de rencontrer plein &hellip; <a href=\"https:\/\/fa86.noblogs.org\/?p=7884\" class=\"more-link\">Continuer la lecture de <span class=\"screen-reader-text\">[Montreuil-Bonnin &#8211; 86] Rencontre-\u00e9change de semences traditionnelles<\/span> <span class=\"meta-nav\">&rarr;<\/span><\/a><\/p>\n","protected":false},"author":2691,"featured_media":0,"comment_status":"open","ping_status":"open","sticky":false,"template":"","format":"standard","meta":{"footnotes":""},"categories":[18,4],"tags":[],"class_list":["post-7884","post","type-post","status-publish","format-standard","hentry","category-decroissance-libertaire","category-se-trouver"],"_links":{"self":[{"href":"https:\/\/fa86.noblogs.org\/index.php?rest_route=\/wp\/v2\/posts\/7884","targetHints":{"allow":["GET"]}}],"collection":[{"href":"https:\/\/fa86.noblogs.org\/index.php?rest_route=\/wp\/v2\/posts"}],"about":[{"href":"https:\/\/fa86.noblogs.org\/index.php?rest_route=\/wp\/v2\/types\/post"}],"author":[{"embeddable":true,"href":"https:\/\/fa86.noblogs.org\/index.php?rest_route=\/wp\/v2\/users\/2691"}],"replies":[{"embeddable":true,"href":"https:\/\/fa86.noblogs.org\/index.php?rest_route=%2Fwp%2Fv2%2Fcomments&post=7884"}],"version-history":[{"count":2,"href":"https:\/\/fa86.noblogs.org\/index.php?rest_route=\/wp\/v2\/posts\/7884\/revisions"}],"predecessor-version":[{"id":7886,"href":"https:\/\/fa86.noblogs.org\/index.php?rest_route=\/wp\/v2\/posts\/7884\/revisions\/7886"}],"wp:attachment":[{"href":"https:\/\/fa86.noblogs.org\/index.php?rest_route=%2Fwp%2Fv2%2Fmedia&parent=7884"}],"wp:term":[{"taxonomy":"category","embeddable":true,"href":"https:\/\/fa86.noblogs.org\/index.php?rest_route=%2Fwp%2Fv2%2Fcategories&post=7884"},{"taxonomy":"post_tag","embeddable":true,"href":"https:\/\/fa86.noblogs.org\/index.php?rest_route=%2Fwp%2Fv2%2Ftags&post=7884"}],"curies":[{"name":"wp","href":"https:\/\/api.w.org\/{rel}","templated":true}]}}