{"id":7887,"date":"2013-01-29T09:10:33","date_gmt":"2013-01-29T08:10:33","guid":{"rendered":"http:\/\/fa86.noblogs.org\/?p=7887"},"modified":"2013-01-29T09:10:33","modified_gmt":"2013-01-29T08:10:33","slug":"des-militant-e-s-anti-aeroport-en-proces-au-tgi-de-versailles","status":"publish","type":"post","link":"https:\/\/fa86.noblogs.org\/?p=7887","title":{"rendered":"Des militant-e-s anti-a\u00e9roport en proc\u00e8s au TGI de Versailles"},"content":{"rendered":"<p style=\"text-align: justify\"><a href=\"http:\/\/paris.indymedia.org\/spip.php?article12818\" target=\"_blank\"><strong>Appel \u00e0 soutien au tribunal : 14 personnes comparaissent apr\u00e8s une action de soutien \u00e0 Ndl<\/strong><\/p>\n<p><\/a><\/p>\n<p style=\"text-align: justify\">Appel \u00e0 soutien au tribunal : 14 personnes comparaissent apr\u00e8s une action de soutien \u00e0 Notre Dame des Landes Suite \u00e0 une action men\u00e9e en soutien \u00e0 la lutte contre l\u2019a\u00e9roport de Notre-Dame-des-Landes, 14 personnes ont \u00e9t\u00e9 plac\u00e9es en garde \u00e0 vue depuis dimanche 27 janvier \u00e0 14h30.<\/p>\n<p style=\"text-align: justify\">Il s\u2019agissait d\u2019une action clownesque : un pique-nique solidaire dans le jardin du second plus gros actionnaire du groupe VINCI, Fran\u00e7ois Pinault.<\/p>\n<p style=\"text-align: justify\">Accus\u00e9s de violation de propri\u00e9t\u00e9 priv\u00e9e et de menace de mort, ils comparaissent demain devant le procureur au Tribunal de Grande Instance de Versailles.<\/p>\n<p style=\"text-align: justify\">Nous d\u00e9non\u00e7ons des mesures disproportionn\u00e9es \u00e0 l\u2019encontre des militants solidaires de la lutte contre l\u2019a\u00e9roport de Notre-Dame-des-Landes. Apr\u00e8s des d\u00e9tentions de 62 h pour deux militants en novembre dernier et de 68h pour deux autres le 19 janvier, ce sont 14 personnes, dont une mineure, qui sont mises en garde \u00e0 vue durant 43h avant de compara\u00eetre.<\/p>\n<p style=\"text-align: justify\">Cette privation de libert\u00e9 de 48h est totalement d\u00e9mesur\u00e9e au vu du type d\u2019action men\u00e9e et rappelle le traitement que plusieurs opposants au projet de l\u2019a\u00e9roport de Notre-Dame-des-Landes ont subi depuis le d\u00e9but de ce dossier.<\/p>\n<p style=\"text-align: justify\">Allons-y\u00a0 nombreux.euses pour d\u00e9noncer un proc\u00e8s politique insens\u00e9 et montrons \u00e0 nos ami-e-s notre solidarit\u00e9 et notre d\u00e9termination.<\/p>\n<p style=\"text-align: justify\">Rendez-vous \u00e0 8h45 devant le palais de justice de Versailles (TGI) :<\/p>\n<p style=\"text-align: justify\">5, Place Andr\u00e9 Mignot<\/p>\n<p style=\"text-align: justify\">Depuis Paris prendre la Ligne L du transilien \u00e0 Gare Saint-Lazare \u00e0 7h59. Arr\u00eat : Versailles Rive droite.<\/p>\n<p style=\"text-align: justify\">Les horaires du train :<\/p>\n<p style=\"text-align: justify\"><a href=\"http:\/\/www.transilien.com\/itineraire\/ligne\/init?codeLigne=L\">http:\/\/www.transilien.com\/itineraire\/ligne\/init?codeLigne=L<\/a><\/p>\n<p style=\"text-align: justify\"><em>Vu sur Indymedia Paris, 29 janvier 2013<\/em><\/p>\n<p style=\"text-align: justify\"><em><strong>NdPN<\/strong> : d\u00e8s qu&rsquo;on a des infos on fait une mise \u00e0 jour de ce post.<\/em><\/p>\n","protected":false},"excerpt":{"rendered":"<p>Appel \u00e0 soutien au tribunal : 14 personnes comparaissent apr\u00e8s une action de soutien \u00e0 Ndl Appel \u00e0 soutien au tribunal : 14 personnes comparaissent apr\u00e8s une action de soutien \u00e0 Notre Dame des Landes Suite \u00e0 une action men\u00e9e en soutien \u00e0 la lutte contre l\u2019a\u00e9roport de Notre-Dame-des-Landes, 14 personnes ont \u00e9t\u00e9 plac\u00e9es en &hellip; <a href=\"https:\/\/fa86.noblogs.org\/?p=7887\" class=\"more-link\">Continuer la lecture de <span class=\"screen-reader-text\">Des militant-e-s anti-a\u00e9roport en proc\u00e8s au TGI de Versailles<\/span> <span class=\"meta-nav\">&rarr;<\/span><\/a><\/p>\n","protected":false},"author":2691,"featured_media":0,"comment_status":"open","ping_status":"open","sticky":false,"template":"","format":"standard","meta":{"footnotes":""},"categories":[12,16],"tags":[],"class_list":["post-7887","post","type-post","status-publish","format-standard","hentry","category-okupa-y-resiste","category-repression"],"_links":{"self":[{"href":"https:\/\/fa86.noblogs.org\/index.php?rest_route=\/wp\/v2\/posts\/7887","targetHints":{"allow":["GET"]}}],"collection":[{"href":"https:\/\/fa86.noblogs.org\/index.php?rest_route=\/wp\/v2\/posts"}],"about":[{"href":"https:\/\/fa86.noblogs.org\/index.php?rest_route=\/wp\/v2\/types\/post"}],"author":[{"embeddable":true,"href":"https:\/\/fa86.noblogs.org\/index.php?rest_route=\/wp\/v2\/users\/2691"}],"replies":[{"embeddable":true,"href":"https:\/\/fa86.noblogs.org\/index.php?rest_route=%2Fwp%2Fv2%2Fcomments&post=7887"}],"version-history":[{"count":2,"href":"https:\/\/fa86.noblogs.org\/index.php?rest_route=\/wp\/v2\/posts\/7887\/revisions"}],"predecessor-version":[{"id":7889,"href":"https:\/\/fa86.noblogs.org\/index.php?rest_route=\/wp\/v2\/posts\/7887\/revisions\/7889"}],"wp:attachment":[{"href":"https:\/\/fa86.noblogs.org\/index.php?rest_route=%2Fwp%2Fv2%2Fmedia&parent=7887"}],"wp:term":[{"taxonomy":"category","embeddable":true,"href":"https:\/\/fa86.noblogs.org\/index.php?rest_route=%2Fwp%2Fv2%2Fcategories&post=7887"},{"taxonomy":"post_tag","embeddable":true,"href":"https:\/\/fa86.noblogs.org\/index.php?rest_route=%2Fwp%2Fv2%2Ftags&post=7887"}],"curies":[{"name":"wp","href":"https:\/\/api.w.org\/{rel}","templated":true}]}}