{"id":79,"date":"2011-05-20T15:07:04","date_gmt":"2011-05-20T13:07:04","guid":{"rendered":"http:\/\/fa86.noblogs.org\/?p=79"},"modified":"2011-05-20T15:07:04","modified_gmt":"2011-05-20T13:07:04","slug":"paris-solidarite-avec-les-tunisiens-occupants-le-gymnase-rue-de-la-fontaine-au-roi","status":"publish","type":"post","link":"https:\/\/fa86.noblogs.org\/?p=79","title":{"rendered":"[Paris] Solidarit\u00e9 avec les Tunisiens occupants le Gymnase rue de la Fontaine au roi"},"content":{"rendered":"<p style=\"text-align: justify\">100 \u00e0 150 Tunisiens sans papiers et \u00e0 \u00ab\u00a0visa Schengen\u00a0\u00bb y dorment et beaucoup d\u2019autres y passent. L\u2019occupation a \u00e9t\u00e9 tol\u00e9r\u00e9e sans que la Ville ne fournisse rien aux occupants, contrairement \u00e0 ce qu\u2019indiquent ses communiqu\u00e9s et \u00e0 ce que d\u00e9clare \u00e0 la presse Pascale Boistard, charg\u00e9e de l\u2019int\u00e9gration des immigr\u00e9s. La mairie a fait savoir hier qu\u2019un huissier viendrait ce jeudi constater l\u2019occupation et qu\u2019elle saisirait le Tribunal Administratif pour un r\u00e9f\u00e9r\u00e9 expulsion. De nouveau, la mairie s\u2019appr\u00eate \u00e0 faire arr\u00eater des migrants par la police.<\/p>\n<p style=\"text-align: center\"><strong>Manifestation samedi 21 mai \u00e0 15h, au square de la Porte de la villette<\/strong><\/p>\n<p style=\"text-align: justify\">Les occupants du gymnase ne mangent pas \u00e0 leur faim. Appel \u00e0 la solidarit\u00e9 concr\u00e8te sur place, besoin crucial de nourriture midi et soir, de produits d\u2019entretien, d\u2019hygi\u00e8ne au 100 rue de la Fontaine au roi, M\u00b0 Couronnes. Passez d\u00e8s aujourd\u2019hui pour faire nombre, pr\u00e9parer la manifestation, pr\u00e9venez coll\u00e8gues, amis et camarades.<\/p>\n<p style=\"text-align: right\"><a href=\"http:\/\/www.cip-idf.org\/article.php3?id_article=5634&amp;utm_source=twitterfeed&amp;utm_medium=twitter\" target=\"_blank\"><em><strong>CIP-IDF<\/strong><\/em><\/a><\/p>\n","protected":false},"excerpt":{"rendered":"<p>100 \u00e0 150 Tunisiens sans papiers et \u00e0 \u00ab\u00a0visa Schengen\u00a0\u00bb y dorment et beaucoup d\u2019autres y passent. L\u2019occupation a \u00e9t\u00e9 tol\u00e9r\u00e9e sans que la Ville ne fournisse rien aux occupants, contrairement \u00e0 ce qu\u2019indiquent ses communiqu\u00e9s et \u00e0 ce que d\u00e9clare \u00e0 la presse Pascale Boistard, charg\u00e9e de l\u2019int\u00e9gration des immigr\u00e9s. La mairie a fait &hellip; <a href=\"https:\/\/fa86.noblogs.org\/?p=79\" class=\"more-link\">Continuer la lecture de <span class=\"screen-reader-text\">[Paris] Solidarit\u00e9 avec les Tunisiens occupants le Gymnase rue de la Fontaine au roi<\/span> <span class=\"meta-nav\">&rarr;<\/span><\/a><\/p>\n","protected":false},"author":2691,"featured_media":0,"comment_status":"open","ping_status":"open","sticky":false,"template":"","format":"standard","meta":{"footnotes":""},"categories":[11,12],"tags":[],"class_list":["post-79","post","type-post","status-publish","format-standard","hentry","category-ni-patrie-ni-frontiere","category-okupa-y-resiste"],"_links":{"self":[{"href":"https:\/\/fa86.noblogs.org\/index.php?rest_route=\/wp\/v2\/posts\/79","targetHints":{"allow":["GET"]}}],"collection":[{"href":"https:\/\/fa86.noblogs.org\/index.php?rest_route=\/wp\/v2\/posts"}],"about":[{"href":"https:\/\/fa86.noblogs.org\/index.php?rest_route=\/wp\/v2\/types\/post"}],"author":[{"embeddable":true,"href":"https:\/\/fa86.noblogs.org\/index.php?rest_route=\/wp\/v2\/users\/2691"}],"replies":[{"embeddable":true,"href":"https:\/\/fa86.noblogs.org\/index.php?rest_route=%2Fwp%2Fv2%2Fcomments&post=79"}],"version-history":[{"count":2,"href":"https:\/\/fa86.noblogs.org\/index.php?rest_route=\/wp\/v2\/posts\/79\/revisions"}],"predecessor-version":[{"id":81,"href":"https:\/\/fa86.noblogs.org\/index.php?rest_route=\/wp\/v2\/posts\/79\/revisions\/81"}],"wp:attachment":[{"href":"https:\/\/fa86.noblogs.org\/index.php?rest_route=%2Fwp%2Fv2%2Fmedia&parent=79"}],"wp:term":[{"taxonomy":"category","embeddable":true,"href":"https:\/\/fa86.noblogs.org\/index.php?rest_route=%2Fwp%2Fv2%2Fcategories&post=79"},{"taxonomy":"post_tag","embeddable":true,"href":"https:\/\/fa86.noblogs.org\/index.php?rest_route=%2Fwp%2Fv2%2Ftags&post=79"}],"curies":[{"name":"wp","href":"https:\/\/api.w.org\/{rel}","templated":true}]}}