{"id":7932,"date":"2013-02-01T08:59:57","date_gmt":"2013-02-01T07:59:57","guid":{"rendered":"http:\/\/fa86.noblogs.org\/?p=7932"},"modified":"2013-02-01T08:59:57","modified_gmt":"2013-02-01T07:59:57","slug":"poitiers-grogne-des-salarie-e-s-du-public","status":"publish","type":"post","link":"https:\/\/fa86.noblogs.org\/?p=7932","title":{"rendered":"[Poitiers] Grogne des salari\u00e9-e-s du public"},"content":{"rendered":"<p style=\"text-align: justify\"><a href=\"http:\/\/www.lanouvellerepublique.fr\/Vienne\/Actualite\/Economie-social\/n\/Contenus\/Articles\/2013\/02\/01\/Les-fonctionnaires-grognent-devant-la-prefecture\" target=\"_blank\"><strong>Les fonctionnaires grognent devant la pr\u00e9fecture<\/strong><\/p>\n<p><\/a><\/p>\n<p id=\"articleChapo\" style=\"text-align: justify\">Hier, les agents de la fonction publique sont descendus dans les rues\u00a0 de Poitiers. Ils d\u00e9noncent une qualit\u00e9 de vie \u201c\u2009d\u00e9plorable\u2009\u201d dans leur travail.<\/p>\n<div style=\"text-align: justify\">\n<div><a href=\"http:\/\/memorix.sdv.fr\/5c\/www.lanouvellerepublique.fr\/actualite\/economie-social_articles\/86\/horszone\/240699358\/Position1\/default\/empty.gif\/5575556e5556454c64447741424e3044\" target=\"_blank\"><img loading=\"lazy\" decoding=\"async\" alt=\"\" src=\"http:\/\/memorix.sdv.fr\/0\/default\/empty.gif\" width=\"1\" height=\"1\" border=\"0\" \/><\/a><\/div>\n<\/div>\n<div id=\"text\" style=\"text-align: justify\">\n<p>Des banderoles et drapeaux de toutes les couleurs voguaient hier dans une belle cacophonie dans les rues de Poitiers. Plus de 200 agents de la fonction publique ont r\u00e9pondu \u00e0 l&rsquo;appel national de l&rsquo;union syndicale CGT-FSU-Solidaires. Hier, ils ont manifest\u00e9 leur <i>\u00ab lassitude face \u00e0 un gouvernement qui ne les \u00e9coute pas \u00bb<\/i>.<\/p>\n<p><b>\u00ab\u00a0\u2009Travailler plus pour gagner moins\u2009\u00a0\u00bb<\/b><\/p>\n<p>Mathieu Menaut, professeur des \u00e9coles \u00e0 Bellejouanne et secr\u00e9taire d\u00e9partemental du Syndicat national unitaire des instituteurs, professeurs des \u00e9coles et PEGC (SNUIPP) affili\u00e9 \u00e0 la F\u00e9d\u00e9ration syndicale unitaire (FSU), est d\u00e9termin\u00e9\u2009: <i>\u00ab Nous ne manifestons pas pour rien. Nous avons des raisons bien pr\u00e9cises et nous entendons bien les faire remonter \u00bb<\/i>. La mise en place du jour de carence dans la fonction publique ne fait pas l&rsquo;unanimit\u00e9. <i>\u00ab Beaucoup de coll\u00e8gues ne se mettent plus en arr\u00eat maladie car ils perdent un jour de r\u00e9mun\u00e9ration \u00e0 cause de ce jour de carence. C&rsquo;est contre-productif car cela touche la qualit\u00e9 de l&rsquo;enseignement\u2009! \u00bb<\/i>, s&rsquo;insurge le professeur des \u00e9coles. Autre motif de la grogne\u2009: la baisse du pouvoir d&rsquo;achat. Thierry Benaisse, secr\u00e9taire \u00e0 la communication \u00e0 la CGT-Territoriales et employ\u00e9 \u00e0 la mairie de Poitiers, n&rsquo;en d\u00e9mord pas\u2009: <i>\u00ab en une dizaine d&rsquo;ann\u00e9es, notre pouvoir d&rsquo;achat a baiss\u00e9 de 13\u2009% \u00bb<\/i>. Et ce n&rsquo;est pas Vincent Bohn, adh\u00e9rent CGT et jardinier \u00e0 la mairie de Poitiers, qui dira le contraire. <i>\u00ab On travaille plus pour gagner moins. On co\u00fbte trop cher, on est trop nombreux alors le gouvernement se sert des fonctionnaires comme variable d&rsquo;ajustement \u00e9conomique pour pallier la crise. Or, ce n&rsquo;est pas de notre faute si il y a la crise\u2009! \u00bb<\/i>, mart\u00e8le le jardinier. Une lettre a \u00e9t\u00e9 remise au premier Ministre Jean-Marc Ayrault lui demandant d&rsquo;abroger la loi sur le jour de carence. En attendant, les drapeaux rouges continueront la danse.<\/p>\n<p><em>Aurore Ymonnet, Nouvelle R\u00e9publique, 1er f\u00e9vrier 2013<\/em><\/p>\n<p><a href=\"http:\/\/www.lanouvellerepublique.fr\/Vienne\/Actualite\/Economie-social\/n\/Contenus\/Articles\/2013\/02\/01\/L-inquietude-monte-a-l-hopital-Laborit\" target=\"_blank\"><strong>L&rsquo;inqui\u00e9tude monte \u00e0 l&rsquo;h\u00f4pital Laborit<\/strong><\/p>\n<p><\/a>Ils n&rsquo;ont pas particip\u00e9 \u00e0 la manifestation d&rsquo;hier matin mais ils sont tout aussi inquiets. Le personnel du centre hospitalier Henri-Laborit \u00e0 Poitiers veut du changement. Sophie Jarry et Didier Bernus, infirmiers et membres du bureau Force ouvri\u00e8re, d\u00e9noncent les difficult\u00e9s que rencontre le monde m\u00e9dical depuis plus d&rsquo;une dizaine d&rsquo;ann\u00e9es.<\/p>\n<p><b>Un manque de moyens et de personnel<\/b><\/p>\n<p><i>\u00ab Il y a une r\u00e9elle p\u00e9nurie d&rsquo;agents et les remplacements ne se font qu&rsquo;au bout de trois mois. Le minist\u00e8re de la Sant\u00e9 n&rsquo;accorde pas assez de moyens aux h\u00f4pitaux et ce sont les patients qui en souffrent le plus \u00bb<\/i>, d\u00e9plore Sophie Jarry. Et selon eux, la mise en place du jour de carence n&rsquo;a pas arrang\u00e9 les choses. <i>\u00ab 68.000 euros ont \u00e9t\u00e9 r\u00e9cup\u00e9r\u00e9s avec le jour de carence. C&rsquo;est de l&rsquo;argent qui a \u00e9t\u00e9 pris au personnel et qui a servi \u00e0 combler le d\u00e9ficit de l&rsquo;h\u00f4pital \u00bb<\/i>, explique Didier Bernus. Un d\u00e9ficit qui s&rsquo;\u00e9l\u00e8verait \u00e0 plusieurs centaines de milliers d&rsquo;euros.Ils sont tous inquiets\u2009: <i>\u00ab Si on continue comme cela, on n&rsquo;y arrivera plus \u00bb<\/i>. Pour r\u00e9gler ce probl\u00e8me, la direction a pris des mesures <i>\u00ab d&rsquo;aust\u00e9rit\u00e9 \u00bb<\/i>\u2009: plus de remplacements d&rsquo;\u00e9t\u00e9 et limitation des d\u00e9penses. <i>\u00ab Nous avions des jeunes qui venaient travailler comme agents de services hospitaliers pour faire le m\u00e9nage, le linge. D\u00e9j\u00e0 qu&rsquo;il y a peu d&rsquo;effectifs par rapport au nombre de patients. C&rsquo;est la qualit\u00e9 de nos soins qui va \u00eatre remise en cause \u00bb<\/i>, suppose Sophie Jarry. Force Ouvri\u00e8re a donc d\u00e9cid\u00e9 de passer \u00e0 l&rsquo;acte pour <i>\u00ab remettre les choses dans le bon ordre \u00bb<\/i>. Une commission ex\u00e9cutive est pr\u00e9vue pour samedi prochain.<\/p>\n<p><em>Nouvelle R\u00e9publique, 1er f\u00e9vrier 2013<\/em><\/p>\n<\/div>\n","protected":false},"excerpt":{"rendered":"<p>Les fonctionnaires grognent devant la pr\u00e9fecture Hier, les agents de la fonction publique sont descendus dans les rues\u00a0 de Poitiers. Ils d\u00e9noncent une qualit\u00e9 de vie \u201c\u2009d\u00e9plorable\u2009\u201d dans leur travail. Des banderoles et drapeaux de toutes les couleurs voguaient hier dans une belle cacophonie dans les rues de Poitiers. Plus de 200 agents de la &hellip; <a href=\"https:\/\/fa86.noblogs.org\/?p=7932\" class=\"more-link\">Continuer la lecture de <span class=\"screen-reader-text\">[Poitiers] Grogne des salari\u00e9-e-s du public<\/span> <span class=\"meta-nav\">&rarr;<\/span><\/a><\/p>\n","protected":false},"author":2691,"featured_media":0,"comment_status":"open","ping_status":"open","sticky":false,"template":"","format":"standard","meta":{"footnotes":""},"categories":[9],"tags":[],"class_list":["post-7932","post","type-post","status-publish","format-standard","hentry","category-la-rue-grogne"],"_links":{"self":[{"href":"https:\/\/fa86.noblogs.org\/index.php?rest_route=\/wp\/v2\/posts\/7932","targetHints":{"allow":["GET"]}}],"collection":[{"href":"https:\/\/fa86.noblogs.org\/index.php?rest_route=\/wp\/v2\/posts"}],"about":[{"href":"https:\/\/fa86.noblogs.org\/index.php?rest_route=\/wp\/v2\/types\/post"}],"author":[{"embeddable":true,"href":"https:\/\/fa86.noblogs.org\/index.php?rest_route=\/wp\/v2\/users\/2691"}],"replies":[{"embeddable":true,"href":"https:\/\/fa86.noblogs.org\/index.php?rest_route=%2Fwp%2Fv2%2Fcomments&post=7932"}],"version-history":[{"count":1,"href":"https:\/\/fa86.noblogs.org\/index.php?rest_route=\/wp\/v2\/posts\/7932\/revisions"}],"predecessor-version":[{"id":7933,"href":"https:\/\/fa86.noblogs.org\/index.php?rest_route=\/wp\/v2\/posts\/7932\/revisions\/7933"}],"wp:attachment":[{"href":"https:\/\/fa86.noblogs.org\/index.php?rest_route=%2Fwp%2Fv2%2Fmedia&parent=7932"}],"wp:term":[{"taxonomy":"category","embeddable":true,"href":"https:\/\/fa86.noblogs.org\/index.php?rest_route=%2Fwp%2Fv2%2Fcategories&post=7932"},{"taxonomy":"post_tag","embeddable":true,"href":"https:\/\/fa86.noblogs.org\/index.php?rest_route=%2Fwp%2Fv2%2Ftags&post=7932"}],"curies":[{"name":"wp","href":"https:\/\/api.w.org\/{rel}","templated":true}]}}