{"id":7937,"date":"2013-02-01T09:10:22","date_gmt":"2013-02-01T08:10:22","guid":{"rendered":"http:\/\/fa86.noblogs.org\/?p=7937"},"modified":"2013-02-01T09:10:22","modified_gmt":"2013-02-01T08:10:22","slug":"communique-suite-au-pique-nique-chez-pinault","status":"publish","type":"post","link":"https:\/\/fa86.noblogs.org\/?p=7937","title":{"rendered":"Communiqu\u00e9 suite au pique-nique chez Pinault"},"content":{"rendered":"<p style=\"text-align: justify\"><a href=\"http:\/\/paris.indymedia.org\/spip.php?article12831\" target=\"_blank\"><strong>Communiqu\u00e9 suite au pique-nique chez Pinault<\/strong><\/p>\n<p><\/a><\/p>\n<p style=\"text-align: justify\"><!-- htmlB -->Fran\u00e7ois Pinault est depuis 2006 le 2\u00e8me actionnaire du groupe VINCI. Sa holding Art\u00e9mis, \u00e9galement actionnaire de Bouygues, autre g\u00e9ant du BTP bien connu, a acquis pr\u00e8s de 12 millions de titres du b\u00e9tonneur de Notre-Dame-des-Landes ! Alors quand on a appris que Pinault repr\u00e9sentait \u00e0 lui seul 5% du capital de Vinci, on s\u2019est dit que \u00e7a m\u00e9ritait bien un pique-nique sur la pelouse de son ch\u00e2teau !<\/p>\n<p style=\"text-align: justify\">Sans attendre d\u2019y \u00eatre invit\u00e9Es, nous nous sommes renduEs \u00e0 quelques unEs sur le domaine de la Mormaire et, profitant d\u2019une porte ouverte, nous sommes dirig\u00e9Es vers le parvis du ch\u00e2teau o\u00f9 nous avons d\u00e9ploy\u00e9 une banderole, avant de partager quelques morceaux de quiche et quelques bi\u00e8res artisanales made in ZAD.<\/p>\n<p style=\"text-align: justify\"><a href=\"https:\/\/fa86.noblogs.org\/?attachment_id=7938\" rel=\"attachment wp-att-7938\"><img loading=\"lazy\" decoding=\"async\" class=\"alignnone size-medium wp-image-7938\" alt=\"pique_nique_chez_pinault_200_\" src=\"https:\/\/fa86.noblogs.org\/files\/2013\/02\/pique_nique_chez_pinault_200_-300x225.jpg\" width=\"300\" height=\"225\" srcset=\"https:\/\/fa86.noblogs.org\/files\/2013\/02\/pique_nique_chez_pinault_200_-300x225.jpg 300w, https:\/\/fa86.noblogs.org\/files\/2013\/02\/pique_nique_chez_pinault_200_.jpg 800w\" sizes=\"auto, (max-width: 300px) 100vw, 300px\" \/><\/a><\/p>\n<p style=\"text-align: justify\">Pour dire toute la v\u00e9rit\u00e9, nous ne nous sommes pas attard\u00e9Es. Apr\u00e8s avoir expliqu\u00e9 l\u2019objet de notre pr\u00e9sence aux employ\u00e9Es du (multi)milliardaire (sa fortune personnelle est de 8,1 milliards d\u2019euros, soit 472 000 ann\u00e9es de SMIC), nous sommes tr\u00e8s vite repartiEs en criant quelques slogans bien \u00e0 propos : \u00ab Pinault, pollueur, voleur, expropriation ! \u00bb Rien de bien m\u00e9chant en somme&#8230;<\/p>\n<p style=\"text-align: justify\">Pinault et ses acolytes de Vinci, eux, ne se g\u00eanent pas pour projeter la destruction de 2000 hectares de bocages et de terres agricoles pour y construire un a\u00e9roport inutile et co\u00fbteux. Ils ne s\u2019offusquent pas non plus du fait que des centaines d\u2019hommes en uniforme violent quotidiennement les propri\u00e9t\u00e9s des habitants de la zone pour les en exproprier par la force. Ils ne sont pas g\u00ean\u00e9s, de mani\u00e8re g\u00e9n\u00e9rale, du fait qu\u2019ils contribuent au d\u00e9sastre \u00e9cologique et \u00e0 la destruction lente et irr\u00e9m\u00e9diable de nos espaces de vie et de notre atmosph\u00e8re.<\/p>\n<p style=\"text-align: justify\">Nous, pique-niqueur\/euses du dimanche, r\u00e9sistantEs en bottes crasseuses, hordes indisciplin\u00e9es et fi\u00e8res de l\u2019\u00eatre, revendiquons notre impertinente intrusion sur la modeste propri\u00e9t\u00e9 du patron de Pinault-Printemps-Redoute.<\/p>\n<p style=\"text-align: justify\">Pour autant, nous regrettons que de jeunes randonneur\/euses aient eu \u00e0 subir la r\u00e9pression \u00e0 notre place. En effet, 16 personnes de 17 \u00e0 20 ans ont \u00e9t\u00e9 interpell\u00e9Es (info AFP reprise par divers m\u00e9dia) sur un chemin de campagne et maintenues en garde-\u00e0-vue durant 45 heures, subissant auditions et relev\u00e9s d\u2019empreintes digitales et g\u00e9n\u00e9tiques.<\/p>\n<p style=\"text-align: justify\"><!-- htmlA --><!-- htmlB -->Inculp\u00e9Es pour \u00ab violation de domicile \u00bb et \u00ab menaces de mort \u00bb, ainsi que pour \u00ab refus de se soumettre aux op\u00e9rations de relev\u00e9s signal\u00e9tiques \u00bb et \u00ab refus de se soumettre aux pr\u00e9l\u00e8vements biologiques \u00bb pour certainEs, ils et elles compara\u00eetront les 28 f\u00e9vrier 2013 \u00e0 9h30 devant le Juge des Enfants au TGI de Paris (1 personne) et le 11 mars 2013 \u00e0 14h devant la 7\u00e8me chambre D du TGI de Versailles (15 personnes).<\/p>\n<p style=\"text-align: justify\">Nous, militantEs de tous \u00e2ges, agissant en conscience et en accord avec nos principes, exprimons toute notre solidarit\u00e9 avec les inculp\u00e9Es et appelons chacunE \u00e0 nous rejoindre dans notre lutte d\u00e9termin\u00e9e contre Vinci et son monde, contre l\u2019a\u00e9roport de Notre-Dame-des-Landes et contre tous les autres Grands Projets Inutiles et Impos\u00e9s !<\/p>\n<p style=\"text-align: justify\">Des personnes du collectif parisien de soutien \u00e0 la lutte contre l\u2019a\u00e9roport de Notre-Dame-des-Landes<\/p>\n<p style=\"text-align: justify\"><em>Vu sur Indymedia Paris, 1er f\u00e9vrier 2013<\/em><\/p>\n","protected":false},"excerpt":{"rendered":"<p>Communiqu\u00e9 suite au pique-nique chez Pinault Fran\u00e7ois Pinault est depuis 2006 le 2\u00e8me actionnaire du groupe VINCI. Sa holding Art\u00e9mis, \u00e9galement actionnaire de Bouygues, autre g\u00e9ant du BTP bien connu, a acquis pr\u00e8s de 12 millions de titres du b\u00e9tonneur de Notre-Dame-des-Landes ! Alors quand on a appris que Pinault repr\u00e9sentait \u00e0 lui seul 5% &hellip; <a href=\"https:\/\/fa86.noblogs.org\/?p=7937\" class=\"more-link\">Continuer la lecture de <span class=\"screen-reader-text\">Communiqu\u00e9 suite au pique-nique chez Pinault<\/span> <span class=\"meta-nav\">&rarr;<\/span><\/a><\/p>\n","protected":false},"author":2691,"featured_media":0,"comment_status":"open","ping_status":"open","sticky":false,"template":"","format":"standard","meta":{"footnotes":""},"categories":[18,9,12,16],"tags":[],"class_list":["post-7937","post","type-post","status-publish","format-standard","hentry","category-decroissance-libertaire","category-la-rue-grogne","category-okupa-y-resiste","category-repression"],"_links":{"self":[{"href":"https:\/\/fa86.noblogs.org\/index.php?rest_route=\/wp\/v2\/posts\/7937","targetHints":{"allow":["GET"]}}],"collection":[{"href":"https:\/\/fa86.noblogs.org\/index.php?rest_route=\/wp\/v2\/posts"}],"about":[{"href":"https:\/\/fa86.noblogs.org\/index.php?rest_route=\/wp\/v2\/types\/post"}],"author":[{"embeddable":true,"href":"https:\/\/fa86.noblogs.org\/index.php?rest_route=\/wp\/v2\/users\/2691"}],"replies":[{"embeddable":true,"href":"https:\/\/fa86.noblogs.org\/index.php?rest_route=%2Fwp%2Fv2%2Fcomments&post=7937"}],"version-history":[{"count":1,"href":"https:\/\/fa86.noblogs.org\/index.php?rest_route=\/wp\/v2\/posts\/7937\/revisions"}],"predecessor-version":[{"id":7939,"href":"https:\/\/fa86.noblogs.org\/index.php?rest_route=\/wp\/v2\/posts\/7937\/revisions\/7939"}],"wp:attachment":[{"href":"https:\/\/fa86.noblogs.org\/index.php?rest_route=%2Fwp%2Fv2%2Fmedia&parent=7937"}],"wp:term":[{"taxonomy":"category","embeddable":true,"href":"https:\/\/fa86.noblogs.org\/index.php?rest_route=%2Fwp%2Fv2%2Fcategories&post=7937"},{"taxonomy":"post_tag","embeddable":true,"href":"https:\/\/fa86.noblogs.org\/index.php?rest_route=%2Fwp%2Fv2%2Ftags&post=7937"}],"curies":[{"name":"wp","href":"https:\/\/api.w.org\/{rel}","templated":true}]}}