{"id":7955,"date":"2013-02-02T22:44:16","date_gmt":"2013-02-02T21:44:16","guid":{"rendered":"http:\/\/fa86.noblogs.org\/?p=7955"},"modified":"2013-02-02T22:44:16","modified_gmt":"2013-02-02T21:44:16","slug":"poitiers-droit-au-logement-apres-le-deni-le-mepris","status":"publish","type":"post","link":"https:\/\/fa86.noblogs.org\/?p=7955","title":{"rendered":"[Poitiers] Droit au logement : apr\u00e8s le d\u00e9ni, le m\u00e9pris"},"content":{"rendered":"<p><a href=\"http:\/\/dal86.fr\/2013\/02\/02\/droit-au-logement-apres-le-deni-le-mepris\/\" target=\"_blank\"><\/p>\n<p style=\"text-align: justify\"><strong>Droit au logement : apr\u00e8s le d\u00e9ni, le m\u00e9pris<\/strong><\/p>\n<p><\/a><\/p>\n<p style=\"text-align: justify\">Le 15 janvier dernier, la directrice du CCAS de Poitiers (centre communal d\u2019action sociale), Mme Brunet d\u00e9clarait dans la presse : \u00ab <i>Toute personne d\u00e9barquant \u00e0 Poitiers peut \u00eatre h\u00e9berg\u00e9e\u2009; il suffit de faire le 115. Il y a des places. En priorit\u00e9 d\u2019ailleurs pour les femmes et les enfants. Y compris, s\u2019il le faut, avec des solutions d\u2019appoint comme les nuit\u00e9es d\u2019h\u00f4tel. <\/i>\u00bb<\/p>\n<p style=\"text-align: justify\">Par une lettre rendue publique dimanche dernier, nous lui avons r\u00e9pondu (<a href=\"http:\/\/dal86.fr\/2013\/01\/27\/reponse-a-la-directrice-du-ccas-il-ny-a-pas-de-place-au-115\/\" target=\"_blank\"><strong>VOIR<\/strong><\/a>) que ses all\u00e9gations \u00e9taient fausses. H\u00e9las oui, aujourd\u2019hui en 2013, \u00e0 Poitiers, des familles dorment dans la rue, parce qu\u2019il n\u2019y a pas de place pour elles au 115 alors qu\u2019il est de la responsabilit\u00e9 de l\u2019Etat de leur fournir un h\u00e9bergement. Nous lui avons aussi exprim\u00e9 notre \u00e9tonnement face \u00e0 sa prise de position sur le 115 : le CCAS d\u00e9pend de la commune et n\u2019a donc pas comp\u00e9tence \u00e0 couvrir la pr\u00e9fecture, responsable du 115 et de ses manquements \u00e0 l\u2019obligation de proposer un logement d\u00e9cent \u00e0 toute personne ou famille en difficult\u00e9.<\/p>\n<p style=\"text-align: justify\">N\u2019ayant pas obtenu de r\u00e9ponse, nous nous sommes rendus ce vendredi 1er f\u00e9vrier \u00e0 14H au CCAS, accompagn\u00e9-e-s de nos ami-e-s du DAL 17 et de Mgr Gaillot, qui avaient fait le d\u00e9placement d\u00e8s ce matin pour le proc\u00e8s en appel de trois militants du droit au logement, arr\u00eat\u00e9s lors de l\u2019\u00e9vacuation muscl\u00e9e du campement de 2 avril 2012 par les forces de police et la mairie.<\/p>\n<p style=\"text-align: justify\">Apr\u00e8s avoir d\u00e9ploy\u00e9 des banderoles pour le droit au logement devant le CCAS, nous sommes rentr\u00e9s dans le hall et avons demand\u00e9 \u00e0 \u00eatre re\u00e7us par Mme Brunet pour pouvoir dialoguer avec elle. La secr\u00e9taire nous a fait patienter une petite heure, et nous avons attendu pacifiquement.<\/p>\n<p style=\"text-align: justify\">Finalement, Mme Brunet a envoy\u00e9 sa responsable de l\u2019action sociale nous transmettre son message : elle refuse carr\u00e9ment de nous recevoir. Nous n\u2019aurions qu\u2019\u00e0 nous adresser \u00e0 la mairie \u2013 comme si nous ne le faisions pas depuis longtemps. Nous avons demand\u00e9 le motif de ce refus de dialogue, mais la fonctionnaire nous a r\u00e9pondu qu\u2019il n\u2019y en avait aucun. Nos ami-e-s du DAL 17, ayant l\u2019habitude d\u2019\u00eatre re\u00e7u-e-s par le CCAS de La Rochelle, ont \u00e9t\u00e9 sid\u00e9r\u00e9s de ce m\u00e9pris affich\u00e9.<\/p>\n<p style=\"text-align: justify\">Nous sommes donc ressorti-e-s devant le CCAS, o\u00f9 nous avons pu constater que les policiers nous photographiaient et filmaient, accompagn\u00e9s d\u2019un agent de renseignement. Nous avons contact\u00e9 les m\u00e9dias locaux pour \u00e9voquer la situation. La presse locale tout d\u2019abord, puisque c\u2019est elle qui a relay\u00e9 la d\u00e9claration de la directrice du CCAS pr\u00e9tendant qu\u2019il y avait des places au 115 et que le droit au logement \u00e9tait appliqu\u00e9.<\/p>\n<p style=\"text-align: justify\">La r\u00e9daction nous a r\u00e9pondu qu\u2019elle n\u2019avait pas pr\u00e9vu cela au programme de la journ\u00e9e. Nous avions pourtant annonc\u00e9 que nous ferions un communiqu\u00e9 de presse suivi d\u2019une action. Nous ne sommes h\u00e9las gu\u00e8re \u00e9tonn\u00e9s. La presse locale se fait fr\u00e9quemment le porte-voix des propos de la mairie quand elle affirme qu\u2019il n\u2019y aurait pas de probl\u00e8me de logement sur Poitiers ou quand elle s\u2019attaque au DAL 86 ; elle ignore en revanche r\u00e9guli\u00e8rement nos communiqu\u00e9s de mise au point.<\/p>\n<p style=\"text-align: justify\">France 3 devait nous recontacter, mais ne l\u2019a pas fait. France bleue n\u2019a pas non plus daign\u00e9 venir.<\/p>\n<p style=\"text-align: justify\">Vers 15h10, encore une provocation : la directrice du CCAS envoie la secr\u00e9taire et la responsable de l\u2019action sociale fermer le portail de ce service public, juste sous notre nez. Nous notons pourtant bien que le CCAS affiche \u00e0 son entr\u00e9e que les portes sont sens\u00e9es \u00eatre ouvertes au public jusqu\u2019\u00e0 17h30. Quelle ironie, alors que la responsable de l\u2019action sociale nous avait fait remarqu\u00e9 qu\u2019il y avait des gens qui travaillaient et que d\u2019autres avaient besoin d\u2019entrer dans le CCAS (ce que nous n\u2019emp\u00eachions \u00e9videmment pas).<\/p>\n<p style=\"text-align: justify\">Le DAL 86 avait pris note du d\u00e9ni public par la directrice du CCAS de la r\u00e9alit\u00e9 des gens qui dorment dans la rue. Il prend \u00e0 pr\u00e9sent bien note du m\u00e9pris \u00e9hont\u00e9 dont elle t\u00e9moigne \u00e0 l\u2019\u00e9gard de notre demande de dialogue, sur ce droit si fondamental du logement. Face \u00e0 un CCAS et \u00e0 une mairie qui couvrent les manquements intol\u00e9rables de la pr\u00e9fecture quant \u00e0 son obligation de loger d\u00e9cemment les personnes et les familles en difficult\u00e9, nous envisageons donc \u00e0 pr\u00e9sent d\u2019autres actions.<\/p>\n<p style=\"text-align: justify\"><strong>Un toit c\u2019est un droit. Que les administrations qui d\u00e9nient la souffrance sociale et m\u00e9prisent les personnes qui militent pour ce droit sachent que nous ne l\u00e2cherons rien.<\/strong><\/p>\n<p style=\"text-align: justify\" align=\"RIGHT\">DAL86 \u2013 dal86@free.fr \u2013 06 52 93 54 44 \/ 05 49 88 94 56<\/p>\n<p style=\"text-align: justify\" align=\"RIGHT\">Permanences : tous les samedis matin de 11h \u00e0 12h et tous les mardis soirs de 17h \u00e0 18h Maison de la Solidarit\u00e9 22 rue du Pigeon Blanc Poitiers<\/p>\n","protected":false},"excerpt":{"rendered":"<p>Droit au logement : apr\u00e8s le d\u00e9ni, le m\u00e9pris Le 15 janvier dernier, la directrice du CCAS de Poitiers (centre communal d\u2019action sociale), Mme Brunet d\u00e9clarait dans la presse : \u00ab Toute personne d\u00e9barquant \u00e0 Poitiers peut \u00eatre h\u00e9berg\u00e9e\u2009; il suffit de faire le 115. Il y a des places. En priorit\u00e9 d\u2019ailleurs pour les &hellip; <a href=\"https:\/\/fa86.noblogs.org\/?p=7955\" class=\"more-link\">Continuer la lecture de <span class=\"screen-reader-text\">[Poitiers] Droit au logement : apr\u00e8s le d\u00e9ni, le m\u00e9pris<\/span> <span class=\"meta-nav\">&rarr;<\/span><\/a><\/p>\n","protected":false},"author":2691,"featured_media":0,"comment_status":"open","ping_status":"open","sticky":false,"template":"","format":"standard","meta":{"footnotes":""},"categories":[9,12,16],"tags":[],"class_list":["post-7955","post","type-post","status-publish","format-standard","hentry","category-la-rue-grogne","category-okupa-y-resiste","category-repression"],"_links":{"self":[{"href":"https:\/\/fa86.noblogs.org\/index.php?rest_route=\/wp\/v2\/posts\/7955","targetHints":{"allow":["GET"]}}],"collection":[{"href":"https:\/\/fa86.noblogs.org\/index.php?rest_route=\/wp\/v2\/posts"}],"about":[{"href":"https:\/\/fa86.noblogs.org\/index.php?rest_route=\/wp\/v2\/types\/post"}],"author":[{"embeddable":true,"href":"https:\/\/fa86.noblogs.org\/index.php?rest_route=\/wp\/v2\/users\/2691"}],"replies":[{"embeddable":true,"href":"https:\/\/fa86.noblogs.org\/index.php?rest_route=%2Fwp%2Fv2%2Fcomments&post=7955"}],"version-history":[{"count":1,"href":"https:\/\/fa86.noblogs.org\/index.php?rest_route=\/wp\/v2\/posts\/7955\/revisions"}],"predecessor-version":[{"id":7956,"href":"https:\/\/fa86.noblogs.org\/index.php?rest_route=\/wp\/v2\/posts\/7955\/revisions\/7956"}],"wp:attachment":[{"href":"https:\/\/fa86.noblogs.org\/index.php?rest_route=%2Fwp%2Fv2%2Fmedia&parent=7955"}],"wp:term":[{"taxonomy":"category","embeddable":true,"href":"https:\/\/fa86.noblogs.org\/index.php?rest_route=%2Fwp%2Fv2%2Fcategories&post=7955"},{"taxonomy":"post_tag","embeddable":true,"href":"https:\/\/fa86.noblogs.org\/index.php?rest_route=%2Fwp%2Fv2%2Ftags&post=7955"}],"curies":[{"name":"wp","href":"https:\/\/api.w.org\/{rel}","templated":true}]}}