{"id":7982,"date":"2013-02-05T15:12:23","date_gmt":"2013-02-05T14:12:23","guid":{"rendered":"http:\/\/fa86.noblogs.org\/?p=7982"},"modified":"2013-02-05T15:12:23","modified_gmt":"2013-02-05T14:12:23","slug":"radicalisation-des-luttes-la-police-travaille","status":"publish","type":"post","link":"https:\/\/fa86.noblogs.org\/?p=7982","title":{"rendered":"Radicalisation des luttes : la police travaille"},"content":{"rendered":"<p style=\"text-align: justify\"><em><strong>NdPN<\/strong> : o\u00f9 l&rsquo;on constate que ce qui fait flipper l&rsquo;Etat et les capitalistes, c&rsquo;est que les salari\u00e9-e-s s&#8217;emparent des moyens de production&#8230;<\/em><\/p>\n<p style=\"text-align: justify\"><a href=\"http:\/\/www.lefigaro.fr\/flash-actu\/2013\/02\/04\/97001-20130204FILWWW00581-radicalisation-les-entreprises-surveillees.php\" target=\"_blank\"><strong>Radicalisation: les entreprises surveill\u00e9es<\/strong><\/a><\/p>\n<p style=\"text-align: justify\">Les services de renseignement de la police ont re\u00e7u r\u00e9cemment comme instruction de suivre \u00ab\u00a0au plus pr\u00e8s\u00a0\u00bb les entreprises en difficult\u00e9 afin d&rsquo;anticiper une \u00e9ventuelle \u00ab\u00a0radicalisation\u00a0\u00bb de mouvements sociaux, selon une note de service. \u00ab\u00a0Dans un contexte \u00e9conomique d\u00e9grad\u00e9 qui touche l&rsquo;ensemble des territoires, il est important de suivre au plus pr\u00e8s la situation des entreprises et fili\u00e8res fragilis\u00e9es, ou susceptibles de le devenir\u00a0\u00bb, explique cette note du directeur central de la s\u00e9curit\u00e9 publique (DCSP), qui fixe les objectifs prioritaires de la sous-direction d&rsquo;information g\u00e9n\u00e9rale (SDIG, ex-RG).<\/p>\n<p>Ce document, dat\u00e9 du 30 janvier et transmis aux diff\u00e9rents directeurs d\u00e9partementaux de la s\u00e9curit\u00e9 publique (DDSP), souligne la n\u00e9cessit\u00e9 \u00ab\u00a0d&rsquo;anticiper\u00a0\u00bb les mobilisations, ainsi que \u00ab\u00a0les risques d&rsquo;incidents\u00a0\u00bb ou d&rsquo;\u00e9ventuelles \u00ab\u00a0<strong>menaces sur l&rsquo;outil de production en cas de radicalisation d&rsquo;un conflit<\/strong>\u00ab\u00a0. Depuis plusieurs mois, le contexte social s&rsquo;est d\u00e9t\u00e9rior\u00e9 en France, avec plusieurs annonces de suppressions de postes dans diff\u00e9rents secteurs (PSA, Renault, Petroplus&#8230;).<\/p>\n<p>Les services de renseignement, selon des sources polici\u00e8res, craignent une \u00ab\u00a0radicalisation\u00a0\u00bb de salari\u00e9s de ces entreprises en difficult\u00e9, qui pourrait notamment appara\u00eetre lors d&rsquo;une manifestation le 12 f\u00e9vrier \u00e0 Paris. Des r\u00e9unions ont eu lieu \u00e0 cet \u00e9gard, notamment \u00e0 la pr\u00e9fecture de police de Paris (PP), et ce mouvement, \u00ab\u00a0s&rsquo;il est confirm\u00e9\u00a0\u00bb, est \u00ab\u00a0suivi de tr\u00e8s pr\u00e8s\u00a0\u00bb, selon les sources. La note \u00ab\u00a0insiste\u00a0\u00bb notamment sur la \u00ab\u00a0n\u00e9cessit\u00e9 de pr\u00e9server et renforcer au besoin le potentiel d&rsquo;analyse et de couverture des territoires dans ce domaine\u00a0\u00bb.<\/p>\n<p>Concernant les quartiers sensibles, la note pr\u00e9cise que le travail de veille doit \u00eatre \u00ab\u00a0prioritairement\u00a0\u00bb orient\u00e9 vers les zones de s\u00e9curit\u00e9 prioritaires (ZSP) lanc\u00e9es par le ministre de l&rsquo;Int\u00e9rieur, Manuel Valls. Les fonctionnaires de la SDIG sont \u00e9galement invit\u00e9s, avec leurs homologues du renseignement int\u00e9rieur, \u00e0 d\u00e9tecter des \u00ab\u00a0groupes ou individus \u00e0 risque\u00a0\u00bb qui graviteraient dans les milieux islamiques en France.<\/p>\n<p>Parmi les groupes ou milieux \u00e0 suivre \u00ab\u00a0avec constance\u00a0\u00bb, la note \u00e9voque \u00ab\u00a0les sectes apocalyptiques, les groupes survivalistes, tout comme les nouvelles th\u00e9rapies\u00a0\u00bb. Les mouvements de d\u00e9fense de l&rsquo;environnement, qui peuvent \u00eatre amen\u00e9es \u00e0 conduire des \u00ab\u00a0actions fortes\u00a0\u00bb sur les th\u00e8mes du nucl\u00e9aire ou du gaz de schiste, doivent \u00e9galement \u00ab\u00a0faire l&rsquo;objet d&rsquo;une veille permanente\u00a0\u00bb, explique cette note.<\/p>\n<p style=\"text-align: justify\"><em>AFP et Le Figaro, 4 f\u00e9vrier 2013<\/em><\/p>\n","protected":false},"excerpt":{"rendered":"<p>NdPN : o\u00f9 l&rsquo;on constate que ce qui fait flipper l&rsquo;Etat et les capitalistes, c&rsquo;est que les salari\u00e9-e-s s&#8217;emparent des moyens de production&#8230; Radicalisation: les entreprises surveill\u00e9es Les services de renseignement de la police ont re\u00e7u r\u00e9cemment comme instruction de suivre \u00ab\u00a0au plus pr\u00e8s\u00a0\u00bb les entreprises en difficult\u00e9 afin d&rsquo;anticiper une \u00e9ventuelle \u00ab\u00a0radicalisation\u00a0\u00bb de mouvements &hellip; <a href=\"https:\/\/fa86.noblogs.org\/?p=7982\" class=\"more-link\">Continuer la lecture de <span class=\"screen-reader-text\">Radicalisation des luttes : la police travaille<\/span> <span class=\"meta-nav\">&rarr;<\/span><\/a><\/p>\n","protected":false},"author":2691,"featured_media":0,"comment_status":"open","ping_status":"open","sticky":false,"template":"","format":"standard","meta":{"footnotes":""},"categories":[16],"tags":[],"class_list":["post-7982","post","type-post","status-publish","format-standard","hentry","category-repression"],"_links":{"self":[{"href":"https:\/\/fa86.noblogs.org\/index.php?rest_route=\/wp\/v2\/posts\/7982","targetHints":{"allow":["GET"]}}],"collection":[{"href":"https:\/\/fa86.noblogs.org\/index.php?rest_route=\/wp\/v2\/posts"}],"about":[{"href":"https:\/\/fa86.noblogs.org\/index.php?rest_route=\/wp\/v2\/types\/post"}],"author":[{"embeddable":true,"href":"https:\/\/fa86.noblogs.org\/index.php?rest_route=\/wp\/v2\/users\/2691"}],"replies":[{"embeddable":true,"href":"https:\/\/fa86.noblogs.org\/index.php?rest_route=%2Fwp%2Fv2%2Fcomments&post=7982"}],"version-history":[{"count":2,"href":"https:\/\/fa86.noblogs.org\/index.php?rest_route=\/wp\/v2\/posts\/7982\/revisions"}],"predecessor-version":[{"id":7984,"href":"https:\/\/fa86.noblogs.org\/index.php?rest_route=\/wp\/v2\/posts\/7982\/revisions\/7984"}],"wp:attachment":[{"href":"https:\/\/fa86.noblogs.org\/index.php?rest_route=%2Fwp%2Fv2%2Fmedia&parent=7982"}],"wp:term":[{"taxonomy":"category","embeddable":true,"href":"https:\/\/fa86.noblogs.org\/index.php?rest_route=%2Fwp%2Fv2%2Fcategories&post=7982"},{"taxonomy":"post_tag","embeddable":true,"href":"https:\/\/fa86.noblogs.org\/index.php?rest_route=%2Fwp%2Fv2%2Ftags&post=7982"}],"curies":[{"name":"wp","href":"https:\/\/api.w.org\/{rel}","templated":true}]}}