{"id":7988,"date":"2013-02-06T09:05:52","date_gmt":"2013-02-06T08:05:52","guid":{"rendered":"http:\/\/fa86.noblogs.org\/?p=7988"},"modified":"2013-02-06T09:06:22","modified_gmt":"2013-02-06T08:06:22","slug":"poitiers-1ere-etape-dans-lassignation-du-maire-de-poitiers-pour-diffamation","status":"publish","type":"post","link":"https:\/\/fa86.noblogs.org\/?p=7988","title":{"rendered":"[Poitiers] 1\u00e8re \u00e9tape dans l\u2019assignation du maire de Poitiers pour diffamation"},"content":{"rendered":"<p style=\"text-align: justify\"><a href=\"http:\/\/dal86.fr\/2013\/02\/05\/1ere-etape-dans-lassignation-du-maire-de-poitiers-pour-diffamation\/\" target=\"_blank\"><strong>1\u00e8re \u00e9tape dans l\u2019assignation du maire de Poitiers pour diffamation<\/strong><\/a><\/p>\n<p style=\"text-align: justify\">Le 7 f\u00e9vrier passera devant le juge de la Mise en \u00e9tat pr\u00e8s du TGI les incidents de proc\u00e9dure dans l\u2019affaire de diffamation du maire de Poitiers Alain Claeys envers Jean-Fran\u00e7ois Chazerans, Jean-Christophe Clochard et le DAL86. Il s\u2019agit pour la d\u00e9fense d\u2019essayer de faire annuler le proc\u00e8s et \u00e9viter un d\u00e9bat sur le fond en soulevant des erreurs de proc\u00e9dures telles que ce n\u2019est pas la bonne juridiction qui a \u00e9t\u00e9 saisie, le procureur n\u2019a pas \u00e9t\u00e9 averti par \u201cexploit d\u2019huissier\u201d\u2026<\/p>\n<p style=\"text-align: justify\">Le 27 avril dernier, alors que les cendres du squat du 11 rue Jean-Jaur\u00e8s \u00e9taient encore chaudes et que les occupants \u00e9taient encore en garde \u00e0 vue, faisant fi de l\u2019enqu\u00eate en cours et de la pr\u00e9somption d\u2019innocence, le maire de Poitiers avait commis une \u00ab d\u00e9claration \u00bb accusatrice d\u2019une rare violence envers des personnes clairement cibl\u00e9es et envers le tout nouveau comit\u00e9 DAL86 cr\u00e9\u00e9 depuis seulement le 9 f\u00e9vrier.<\/p>\n<p style=\"text-align: justify\">Le maire de Poitiers, non seulement disait que Jean-Fran\u00e7ois Chazerans et Jean-Christophe Clochard \u00e9taient des \u00ab<i> individus sans scrupule<\/i> \u00bb, et que le DAL86 \u00e9tait \u00ab <i>une poign\u00e9e d\u2019individus sans scrupule<\/i> \u00bb, mais aussi disait que c\u2019\u00e9taient des \u00ab <i>des l\u00e2che<\/i>s \u00bb car ils \u00ab <i>manipulaient<\/i> \u00bb \u00ab <i>depuis plusieurs mois des gens en souffrance, au parcours de vie difficile<\/i> \u00bb. Mais ce n\u2019est pas tout. Le maire de Poitiers les accusait aussi d\u2019\u00eatre responsables p\u00e9nalement concernant le tag de menace de mort qui avait \u00e9t\u00e9 d\u00e9couvert dans le squat car non seulement ils auraient \u00ab <i>instrumentalis\u00e9 des gens en souffrance \u00bb mais ils les auraient aussi pouss\u00e9s \u00e0 commettre des d\u00e9lits. \u00bb <\/i>Et tout \u00e7a pour \u00ab<i> remettre en cause tout ce qui a \u00e9t\u00e9 b\u00e2ti \u00e0 Poitiers depuis des ann\u00e9es en mati\u00e8re sociale, et qui constitue en France, une r\u00e9f\u00e9rence <\/i>\u00bb.<\/p>\n<p style=\"text-align: justify\">Commen\u00e7ons par cette r\u00e9f\u00e9rence que constitue Poitiers en mati\u00e8re sociale. Le souffl\u00e9 est depuis longtemps retomb\u00e9. La situation des sans logis et mal log\u00e9s est catastrophique sur Poitiers. La liste serait trop longue. Citons n\u00e9anmoins l\u2019h\u00e9bergement d\u2019urgence qui est prescrit par le Code de l\u2019action sociale et des familles \u2013 Articles L345-1 \u00e0 4. Or,<b> il n\u2019y a pas d\u2019accueil inconditionnel et<\/b> <b>p\u00e9renne \u00e0 Poitiers comme la loi y oblige. <\/b>Comme partout en France, les sans logis sont \u00e0 la rue. A Poitiers, ils dorment au parking de Gaulle, o\u00f9 rappelons-le l\u2019un d\u2019entre eux est mort il y a un an, se d\u00e9brouillent avec des connaissances, vivent dans des squats ou dans leur voiture. Les services sociaux, la Croix Rouge, l\u2019Entraide Sociale Poitevine, le CCAS, le Relais Charbonnier, les assistantes sociales le savent tr\u00e8s bien mais appliquent l\u2019omerta. Et si quelqu\u2019un a le malheur de d\u00e9noncer ce scandale, tout ce petit monde, le maire en t\u00eate, lui tombe dessus.<a href=\"http:\/\/dal86.fr\/2013\/01\/22\/pour-un-115-digne-de-ce-nom\/\" target=\"_blank\"><strong>VOIR<\/strong><\/a><\/p>\n<p style=\"text-align: justify\">La d\u00e9claration du Maire se comprend dans ce contexte. Comme l\u2019avait dit Henri Queuille (1884 \/1970), qui a \u00e9t\u00e9 d\u00e9put\u00e9 et s\u00e9nateur entre les deux guerres, \u00ab <i>La politique, ce n\u2019est pas de r\u00e9soudre les probl\u00e8mes, c\u2019est de faire taire ceux qui les posent.<\/i> \u00bb. Vu l\u2019\u00e9tat de d\u00e9labrement du social \u00e0 Poitiers, il \u00e9tait n\u00e9cessaire de faire taire ceux qui d\u00e9non\u00e7aient cet \u00e9tat de choses inadmissible. La d\u00e9claration du maire participait donc d\u2019une man\u0153uvre, nous pensons, concert\u00e9e pour r\u00e9primer non plus seulement ceux qui se l\u00e8vent pour d\u00e9fendre leurs droits mais aussi ceux qui, \u00e9c\u0153ur\u00e9s par tant d\u2019injustices, se l\u00e8vent pour les soutenir. L\u00e0 aussi, la liste des moyens utilis\u00e9s est longue et se caract\u00e9rise par un v\u00e9ritable harc\u00e8lement : pressions dans le travail et dans la vie publique, chantages, convocations \u00e0 r\u00e9p\u00e9tition au commissariat, plaintes, proc\u00e9dures judiciaires qui ne m\u00e8nent \u00e0 rien, arrestations, gardes \u00e0 vue, proc\u00e8s, condamnations\u2026 Tout un arsenal juridico-policier qui n\u2019a d\u2019autres buts que de dissuader ceux qui rel\u00e8vent la t\u00eate. <a href=\"http:\/\/dal86.fr\/2013\/02\/05\/halte-au-harcelement-des-militants\/\" target=\"_blank\"><strong>VOIR<\/strong><\/a><\/p>\n<p style=\"text-align: justify\">Mais dans cette affaire de diffamation, le maire de Poitiers est all\u00e9 trop loin. Comment peut-il s\u2019en prendre de la sorte \u00e0 des membres b\u00e9n\u00e9voles d\u2019une association, bien connus \u00e0 Poitiers pour avoir milit\u00e9 au sein d\u2019associations telles que les maisons de quartier. Jean-Fran\u00e7ois Chazerans ayant \u00e9t\u00e9 pr\u00e9sident du Centre Socio-Culturel des 3 Cit\u00e9s et Jean-Christophe Clochard vice-pr\u00e9sident de Centre Socio-Culturel de la Blaiserie. Jean-Fran\u00e7ois Chazerans en a d\u2019ailleurs d\u00e9missionn\u00e9 au bout de 4 ans et demi pour protester contre les pressions exerc\u00e9es sur lui par la municipalit\u00e9 \/ pr\u00e9fecture. En effet, ces derni\u00e8res ont exerc\u00e9 \u00e0 son \u00e9gard un chantage aux subventions : si le CSC pr\u00eatait une salle pour le Forum antir\u00e9pression comme d\u00e9cid\u00e9 en CA, la pr\u00e9fecture risquait de supprimer ses subventions soit 60 000\u20ac, soit deux emplois. La d\u00e9mission s\u2019imposait devant cet odieux chantage. <a href=\"http:\/\/www.antirep86.fr\/2010\/11\/23\/precisions-concernant-ma-demission-de-la-presidence-du-centre-socioculturel-des-3-cites-et-le-pret-de-la-salle-place-de-france-pour-le-forum-antirepression-par-jean-francois-chazerans\/\" target=\"_blank\"><strong>VOIR<\/strong><\/a><\/p>\n<p style=\"text-align: justify\" align=\"JUSTIFY\">Le maire de Poitiers s\u2019est, semble-t-il, aper\u00e7u qu\u2019il est all\u00e9 trop loin et il cherche \u00e0 justifier le caract\u00e8re diffamatoire de ses propos en invoquant le contexte de pol\u00e9mique politique concernant le logement.<i> <\/i>Mais l\u00e0 aussi,<i> <\/i>comment le maire de Poitiers peut-il confondre le syst\u00e8me r\u00e9pressif mis en place pour occulter les injustices et la mis\u00e8re \u2013 et emp\u00eacher les gens de le d\u00e9noncer -, avec un contexte de d\u00e9bat politique ? Rappelons que l\u2019action politique \u00e0 Poitiers est fermement encadr\u00e9 par la police et la justice \u2013 le commissaire Papineau faisant quelquefois office de directeur de cabinet du maire VOIR<a href=\"http:\/\/dal86.fr\/2013\/02\/05\/1ere-etape-dans-lassignation-du-maire-de-poitiers-pour-diffamation\/#sdfootnote1sym\" name=\"sdfootnote1anc\"><sup>1<\/sup><\/a> et VOIR<a href=\"http:\/\/dal86.fr\/2013\/02\/05\/1ere-etape-dans-lassignation-du-maire-de-poitiers-pour-diffamation\/#sdfootnote2sym\" name=\"sdfootnote2anc\"><sup>2<\/sup><\/a> et la justice r\u00e9prime \u00e0 tour de bras les militants <a href=\"http:\/\/www.antirep86.fr\/2011\/02\/16\/recapitulatif-du-harcelement-sur-poitiers\/\" target=\"_blank\"><strong>VOIR<\/strong><\/a>\u00a0 \u2013 et le \u00ab d\u00e9bat politique \u00bb est monopolis\u00e9 par la municipalit\u00e9 et les autorit\u00e9s. Nous faisons l\u2019hypoth\u00e8se que c\u2019est avec l\u2019aide de la presse, surtout de la <i>Nouvelle R\u00e9publique<\/i> et de <i>Centre Presse<\/i>. Car, n\u2019oublions pas non plus que ce n\u2019est pas seulement le maire de Poitiers que Jean-Fran\u00e7ois Chazerans, Jean-Christophe Clochard et le DAL86 tra\u00eenent au tribunal pour diffamation mais aussi le directeur de publication de la <i>Nouvelle R\u00e9publique<\/i> \u2013 <i>Centre presse<\/i> suite aux propos jug\u00e9s par nous diffamatoires du directeur d\u00e9partemental de la Vienne Alain Defaye et au fait qu\u2019il n\u2019ait pas voulu publier nos droits de r\u00e9ponse.<\/p>\n<p style=\"text-align: justify\" align=\"JUSTIFY\">_____________________________<\/p>\n<div id=\"sdfootnote1\" style=\"text-align: justify\">\n<p><a href=\"http:\/\/dal86.fr\/2013\/02\/05\/1ere-etape-dans-lassignation-du-maire-de-poitiers-pour-diffamation\/#sdfootnote1anc\" name=\"sdfootnote1sym\">1 <\/a>Nous avons \u00e9crit avec humour : \u00ab Le directeur de cabinet du maire de Poitiers a chang\u00e9. Ce n\u2019est plus M. Aggoun mais M. Papineau qui cumule aussi la fonction de directeur d\u00e9partemental de la s\u00e9curit\u00e9 publique. En effet, apr\u00e8s que les sans logis et mal log\u00e9s soient all\u00e9s demander audience au maire de Poitiers, M. Papineau a d\u00e9clar\u00e9 : <em>\u00ab On a le droit de manifester, de d\u00e9fendre ses opinions, c\u2019est l\u00e9gitime. Mais, on ne peut pas tol\u00e9rer que cela se fasse de cette mani\u00e8re-l\u00e0 \u00bb<\/em> (NR du 04-04-12). Au moins les choses sont claires maintenant nous savons qui d\u00e9cide \u00e0 Poitiers. Faisons le pari que M. Aggoun ne restera pas sans boulot et qu\u2019il pourrait remplacer M. Setbon comme secr\u00e9taire g\u00e9n\u00e9ral\u00a0 de la pr\u00e9fecture\u2026 \u00bb\u00a0 <a href=\"http:\/\/dal86.fr\/2012\/04\/03\/compte-rendu-de-la-journee-du-03-04-12-par-a\/\" target=\"_blank\">http:\/\/dal86.fr\/2012\/04\/03\/compte-rendu-de-la-journee-du-03-04-12-par-a\/<\/a><\/p>\n<p><a href=\"http:\/\/dal86.fr\/2013\/02\/05\/1ere-etape-dans-lassignation-du-maire-de-poitiers-pour-diffamation\/#sdfootnote2anc\" name=\"sdfootnote2sym\">2 <\/a>\u00ab Nous avions d\u00e9cid\u00e9 de faire une action dans l\u2019apr\u00e8s-midi. Nous nous sommes donc rendus \u00e0 la Mairie ou une d\u00e9l\u00e9gation de 6 personnes est rentr\u00e9e pour demander audience au maire vers 14h30 concernant l<a href=\"http:\/\/dal86.fr\/2012\/11\/09\/pour-un-centre-dhebergement-dans-lex-lycee-des-feuillants\/\" target=\"_blank\">\u2018<\/a><strong><a href=\"http:\/\/dal86.fr\/2012\/11\/09\/pour-un-centre-dhebergement-dans-lex-lycee-des-feuillants\/\" target=\"_blank\">ouverture d\u2019un centre d\u2019h\u00e9bergement dans l\u2019ex-Lyc\u00e9e des Feuillants<\/a><\/strong><strong>.<\/strong> Ce n\u2019est qu\u2019apr\u00e8s moins d\u2019une demie heure que la police, le commissaire Papineau avec son \u00e9charpe tricolore en t\u00eate, est arriv\u00e9e pour nous annoncer que le maire ne voulait pas nous recevoir et nous faire partir. Nous avons demand\u00e9 au DDSP qui semble \u00eatre devenu le nouveau directeur de cabinet du maire s\u2019il n\u2019y avait pas quand m\u00eame un \u00e9lu pour nous recevoir. Il nous a dit qu\u2019il n\u2019\u00e9tait pas habilit\u00e9 pour nous r\u00e9pondre. Apr\u00e8s un \u00e9niemme contr\u00f4le d\u2019identit\u00e9 nous avons quitt\u00e9 les lieux. \u00bb <a href=\"http:\/\/dal86.fr\/2012\/11\/11\/compte-rendu-de-la-journee-du-9-novembre-2012\/\">http:\/\/dal86.fr\/2012\/11\/11\/compte-rendu-de-la-journee-du-9-novembre-2012\/<\/a><\/p>\n<p><em>Vu sur le site du DAL 86, 5 f\u00e9vrier 2013<\/em><\/p>\n<\/div>\n","protected":false},"excerpt":{"rendered":"<p>1\u00e8re \u00e9tape dans l\u2019assignation du maire de Poitiers pour diffamation Le 7 f\u00e9vrier passera devant le juge de la Mise en \u00e9tat pr\u00e8s du TGI les incidents de proc\u00e9dure dans l\u2019affaire de diffamation du maire de Poitiers Alain Claeys envers Jean-Fran\u00e7ois Chazerans, Jean-Christophe Clochard et le DAL86. Il s\u2019agit pour la d\u00e9fense d\u2019essayer de faire &hellip; <a href=\"https:\/\/fa86.noblogs.org\/?p=7988\" class=\"more-link\">Continuer la lecture de <span class=\"screen-reader-text\">[Poitiers] 1\u00e8re \u00e9tape dans l\u2019assignation du maire de Poitiers pour diffamation<\/span> <span class=\"meta-nav\">&rarr;<\/span><\/a><\/p>\n","protected":false},"author":2691,"featured_media":0,"comment_status":"open","ping_status":"open","sticky":false,"template":"","format":"standard","meta":{"footnotes":""},"categories":[21,16,29],"tags":[],"class_list":["post-7988","post","type-post","status-publish","format-standard","hentry","category-desinformation-bourgeoise","category-repression","category-un-toit-pour-tou-te-s"],"_links":{"self":[{"href":"https:\/\/fa86.noblogs.org\/index.php?rest_route=\/wp\/v2\/posts\/7988","targetHints":{"allow":["GET"]}}],"collection":[{"href":"https:\/\/fa86.noblogs.org\/index.php?rest_route=\/wp\/v2\/posts"}],"about":[{"href":"https:\/\/fa86.noblogs.org\/index.php?rest_route=\/wp\/v2\/types\/post"}],"author":[{"embeddable":true,"href":"https:\/\/fa86.noblogs.org\/index.php?rest_route=\/wp\/v2\/users\/2691"}],"replies":[{"embeddable":true,"href":"https:\/\/fa86.noblogs.org\/index.php?rest_route=%2Fwp%2Fv2%2Fcomments&post=7988"}],"version-history":[{"count":3,"href":"https:\/\/fa86.noblogs.org\/index.php?rest_route=\/wp\/v2\/posts\/7988\/revisions"}],"predecessor-version":[{"id":7991,"href":"https:\/\/fa86.noblogs.org\/index.php?rest_route=\/wp\/v2\/posts\/7988\/revisions\/7991"}],"wp:attachment":[{"href":"https:\/\/fa86.noblogs.org\/index.php?rest_route=%2Fwp%2Fv2%2Fmedia&parent=7988"}],"wp:term":[{"taxonomy":"category","embeddable":true,"href":"https:\/\/fa86.noblogs.org\/index.php?rest_route=%2Fwp%2Fv2%2Fcategories&post=7988"},{"taxonomy":"post_tag","embeddable":true,"href":"https:\/\/fa86.noblogs.org\/index.php?rest_route=%2Fwp%2Fv2%2Ftags&post=7988"}],"curies":[{"name":"wp","href":"https:\/\/api.w.org\/{rel}","templated":true}]}}