{"id":7995,"date":"2013-02-06T09:19:37","date_gmt":"2013-02-06T08:19:37","guid":{"rendered":"http:\/\/fa86.noblogs.org\/?p=7995"},"modified":"2013-02-06T09:21:55","modified_gmt":"2013-02-06T08:21:55","slug":"poitiers-ces-horaires-qui-font-grogner-les-usagers-du-ter","status":"publish","type":"post","link":"https:\/\/fa86.noblogs.org\/?p=7995","title":{"rendered":"[Poitiers] Ces horaires qui font grogner les usagers du TER"},"content":{"rendered":"<p style=\"text-align: justify\"><em><strong>NdPN<\/strong> : les usager-e-s de la ligne TER Poitiers-Limoges remettent \u00e7a, pour protester contre la suppression de rames TER (qui pr\u00e9pare \u00e0 l&rsquo;\u00e9vidence le terrain pour le projet de LGV&#8230;)<\/em><\/p>\n<p style=\"text-align: justify\"><a href=\"http:\/\/www.lanouvellerepublique.fr\/Vienne\/Actualite\/Economie-social\/n\/Contenus\/Articles\/2013\/02\/06\/Ces-horaires-qui-font-grogner-les-usagers-du-TER\" target=\"_blank\"><strong>Ces horaires qui font grogner les usagers du TER<\/strong><\/a><\/p>\n<p id=\"articleChapo\" style=\"text-align: justify\">Hier, les usagers du TER Limoges-Poitiers ont manifest\u00e9 contre les changements d\u2019horaires d\u00e9cid\u00e9s en d\u00e9cembre et les suppressions de dessertes locales.<a href=\"http:\/\/memorix.sdv.fr\/5c\/www.lanouvellerepublique.fr\/actualite\/economie-social_articles\/86\/poitiers\/86194\/1548355019\/Position1\/default\/empty.gif\/5575556e55564553447a454144735673\" target=\"_blank\"><img loading=\"lazy\" decoding=\"async\" alt=\"\" src=\"http:\/\/memorix.sdv.fr\/0\/default\/empty.gif\" width=\"1\" height=\"1\" border=\"0\" \/><\/a><\/p>\n<div id=\"text\" style=\"text-align: justify\">\n<p>Ils ne craignent ni le froid, ni la pluie, surtout lorsqu&rsquo;il s&rsquo;agit de d\u00e9fendre leurs int\u00e9r\u00eats dans une lutte qui semble perdue d&rsquo;avance. Les usagers poitevins de la ligne TER Limoges-Poitiers ont manifest\u00e9 leur m\u00e9contentement hier sur le quai de la gare de Poitiers. Une grogne qui d\u00e9nonce les changements d&rsquo;horaires <i>\u00ab subis depuis d\u00e9cembre 2012 \u00bb<\/i>.<\/p>\n<p><b>\u00ab\u00a0\u2009Pas de train apr\u00e8s 18\u2009h\u200904\u2009\u00a0\u00bb <\/b><\/p>\n<p>Certains d&rsquo;entre eux ont pris symboliquement le train de Mignaloux-Beauvoir \u00e0 15\u2009h\u200909 pour arriver \u00e0 Poitiers 15\u2009h\u200920. Thierry Mesmin, maire de Persac, pr\u00e9sident de la communaut\u00e9 de commune du Lussacois, conseiller g\u00e9n\u00e9ral du canton de Lussac et pr\u00e9sident de l&rsquo;association TER d&rsquo;avenir, a \u00e9t\u00e9 du voyage. <i>\u00ab Nous pointons du doigt l&rsquo;inad\u00e9quation compl\u00e8te des nouveaux horaires de train qui n&rsquo;offrent plus de correspondances satisfaisantes pour les usagers \u00bb<\/i>, d\u00e9plore Thierry Mesmin avant d&rsquo;ajouter, <i>\u00ab on remet des v\u00e9hicules sur la route alors que l&rsquo;objectif est de d\u00e9velopper les transports collectifs. Or le train en est un auquel on est particuli\u00e8rement attach\u00e9 parce qu&rsquo;il correspond \u00e0 un v\u00e9ritable besoin de la population qui l&rsquo;utilise tr\u00e8s fortement \u00bb<\/i>. Romain Papuchon du collectif des usagers de la ligne TER Limoges-Poitiers n&rsquo;en d\u00e9mord pas. <i>\u00ab Ces changements d&rsquo;horaires posent probl\u00e8me \u00e0 ceux qui ont des enfants, car le seul aller du matin \u00e0 Mignaloux est \u00e0 8\u2009h\u200900. Et apr\u00e8s 18\u2009h\u200904, il n&rsquo;y a plus de trains donc les usagers ne peuvent plus rentrer chez eux \u00bb<\/i>, d\u00e9nonce-t-il.<\/p>\n<p><b>Pr\u00e9venus une semaine avant<\/b><\/p>\n<p>Deux allers le matin et un retour le soir ont \u00e9t\u00e9 supprim\u00e9s pour la correspondance de Mignaloux-Beauvoir tandis qu&rsquo;\u00e0 Lathus, plus aucun train ne passe. <i>\u00ab Nous avons \u00e9t\u00e9 pr\u00e9venus de ces nouveaux horaires une semaine avant le changement et encore\u2009! C&rsquo;\u00e9tait un agent dans le train qui nous l&rsquo;a dit. Sur le site de TER Poitou-Charentes, il n&rsquo;y avait rien d&rsquo;indiqu\u00e9 \u00bb<\/i>, r\u00e9v\u00e8le Romain Papuchon. Ce qu&rsquo;ils souhaitent\u2009? La r\u00e9habilitation de certaines gares et de meilleurs horaires. Une seconde manifestation est pr\u00e9vue samedi 9 f\u00e9vrier \u00e0 9\u2009h\u200930, \u00e0 la gare de Limoges B\u00e9n\u00e9dictins.<\/p>\n<p><em>Aurore Ymonnet, Nouvelle R\u00e9publique, 6 f\u00e9vrier 2013<\/em><\/p>\n<\/div>\n","protected":false},"excerpt":{"rendered":"<p>NdPN : les usager-e-s de la ligne TER Poitiers-Limoges remettent \u00e7a, pour protester contre la suppression de rames TER (qui pr\u00e9pare \u00e0 l&rsquo;\u00e9vidence le terrain pour le projet de LGV&#8230;) Ces horaires qui font grogner les usagers du TER Hier, les usagers du TER Limoges-Poitiers ont manifest\u00e9 contre les changements d\u2019horaires d\u00e9cid\u00e9s en d\u00e9cembre et &hellip; <a href=\"https:\/\/fa86.noblogs.org\/?p=7995\" class=\"more-link\">Continuer la lecture de <span class=\"screen-reader-text\">[Poitiers] Ces horaires qui font grogner les usagers du TER<\/span> <span class=\"meta-nav\">&rarr;<\/span><\/a><\/p>\n","protected":false},"author":2691,"featured_media":0,"comment_status":"open","ping_status":"open","sticky":false,"template":"","format":"standard","meta":{"footnotes":""},"categories":[9,12],"tags":[],"class_list":["post-7995","post","type-post","status-publish","format-standard","hentry","category-la-rue-grogne","category-okupa-y-resiste"],"_links":{"self":[{"href":"https:\/\/fa86.noblogs.org\/index.php?rest_route=\/wp\/v2\/posts\/7995","targetHints":{"allow":["GET"]}}],"collection":[{"href":"https:\/\/fa86.noblogs.org\/index.php?rest_route=\/wp\/v2\/posts"}],"about":[{"href":"https:\/\/fa86.noblogs.org\/index.php?rest_route=\/wp\/v2\/types\/post"}],"author":[{"embeddable":true,"href":"https:\/\/fa86.noblogs.org\/index.php?rest_route=\/wp\/v2\/users\/2691"}],"replies":[{"embeddable":true,"href":"https:\/\/fa86.noblogs.org\/index.php?rest_route=%2Fwp%2Fv2%2Fcomments&post=7995"}],"version-history":[{"count":5,"href":"https:\/\/fa86.noblogs.org\/index.php?rest_route=\/wp\/v2\/posts\/7995\/revisions"}],"predecessor-version":[{"id":8000,"href":"https:\/\/fa86.noblogs.org\/index.php?rest_route=\/wp\/v2\/posts\/7995\/revisions\/8000"}],"wp:attachment":[{"href":"https:\/\/fa86.noblogs.org\/index.php?rest_route=%2Fwp%2Fv2%2Fmedia&parent=7995"}],"wp:term":[{"taxonomy":"category","embeddable":true,"href":"https:\/\/fa86.noblogs.org\/index.php?rest_route=%2Fwp%2Fv2%2Fcategories&post=7995"},{"taxonomy":"post_tag","embeddable":true,"href":"https:\/\/fa86.noblogs.org\/index.php?rest_route=%2Fwp%2Fv2%2Ftags&post=7995"}],"curies":[{"name":"wp","href":"https:\/\/api.w.org\/{rel}","templated":true}]}}