{"id":8002,"date":"2013-02-07T09:48:33","date_gmt":"2013-02-07T08:48:33","guid":{"rendered":"http:\/\/fa86.noblogs.org\/?p=8002"},"modified":"2013-02-07T09:49:40","modified_gmt":"2013-02-07T08:49:40","slug":"poitiers-privatisation-du-theatre-actee-par-la-mairie-ps","status":"publish","type":"post","link":"https:\/\/fa86.noblogs.org\/?p=8002","title":{"rendered":"[Poitiers] Privatisation du th\u00e9\u00e2tre act\u00e9e par la mairie PS"},"content":{"rendered":"<p style=\"text-align: justify\"><em><strong>NdPN<\/strong> : \u00e7a y est c&rsquo;est fait. Le lieu embl\u00e9matique du Th\u00e9\u00e2tre,\u00a0ce cin\u00e9ma bien connu d&rsquo;art et d&rsquo;essai place d&rsquo;armes, dispara\u00eet. Il sera en partie privatis\u00e9, en \u00ab\u00a0partenariat public-priv\u00e9\u00a0\u00bb, pour accueillir&#8230; des commerces. Les commer\u00e7ants et la droite se r\u00e9jouissent. Avec l&rsquo;autre salle en difficult\u00e9, celle du Dietrich, Poitiers s&rsquo;enfonce dans le d\u00e9sert cin\u00e9matographique. Blockbusters partout, cin\u00e9ma nulle part&#8230; Encore une belle facette du rouleau-compresseur marchand nomm\u00e9 Coeur d&rsquo;agglo. Merci le maire, merci le parti \u00ab\u00a0socialiste\u00a0\u00bb.<\/em><\/p>\n<p style=\"text-align: justify\"><a href=\"https:\/\/fa86.noblogs.org\/files\/2013\/02\/the-end.jpg\"><img loading=\"lazy\" decoding=\"async\" class=\"alignnone size-full wp-image-8003\" alt=\"the end\" src=\"https:\/\/fa86.noblogs.org\/files\/2013\/02\/the-end.jpg\" width=\"600\" height=\"333\" srcset=\"https:\/\/fa86.noblogs.org\/files\/2013\/02\/the-end.jpg 600w, https:\/\/fa86.noblogs.org\/files\/2013\/02\/the-end-300x166.jpg 300w\" sizes=\"auto, (max-width: 600px) 100vw, 600px\" \/><\/a><\/p>\n<p style=\"text-align: justify\"><a href=\"http:\/\/www.lanouvellerepublique.fr\/Vienne\/Actualite\/Politique\/n\/Contenus\/Articles\/2013\/02\/07\/La-Ville-vendra-une-partie-de-l-ancien-theatre-1324544\" target=\"_blank\"><strong>La Ville vendra une partie de l&rsquo;ancien th\u00e9\u00e2tre<\/strong><\/a><\/p>\n<p style=\"text-align: justify\">Les \u00e9lus ont act\u00e9 la cession \u00e0 un op\u00e9rateur priv\u00e9 pour qu\u2019il y r\u00e9alise des commerces. La Ville conservera \u201c\u2009un espace culturel d\u00e9di\u00e9 aux arts plastiques\u2009\u201d.<\/p>\n<p style=\"text-align: justify\">L&rsquo;information aurait d\u00fb \u00eatre donn\u00e9e ce jeudi soir lors de la r\u00e9union de 20\u2009h au centre de conf\u00e9rences de la gare. R\u00e9union \u00e0 laquelle sont convi\u00e9s les conseils et comit\u00e9s de quartier de toute la ville. Mais un grain de sable s&rsquo;est gliss\u00e9\u2009: les Verts ont annonc\u00e9 hier qu&rsquo;ils s&rsquo;\u00e9taient oppos\u00e9s \u00e0 la vente du th\u00e9\u00e2tre lundi en commission des finances (NR d&rsquo;hier). Du coup, Alain Claeys, actuellement \u00e0 Paris, a demand\u00e9 \u00e0 cinq \u00e9lus de la majorit\u00e9 de faire le point avec la presse d\u00e8s hier soir. Jean-Marie Compte (patrimoine), Anne G\u00e9rard (culture), El Mustapha Belgsir (\u00e9conomie), Maurice Monange (C\u0153ur d&rsquo;agglo) et Georges Stupar (commerce) s&rsquo;y sont employ\u00e9s. Le dernier en simple auditeur.<\/p>\n<p style=\"text-align: justify\">Apr\u00e8s un rappel historique, ils ont confirm\u00e9 ce que le maire ne cachait plus\u2009: le b\u00e2timent de l&rsquo;ancien th\u00e9\u00e2tre sera mis en vente.<\/p>\n<p style=\"text-align: justify\"><b>\u00ab\u00a0\u2009Nous resterons copropri\u00e9taires\u2009\u00a0\u00bb<\/b><\/p>\n<p style=\"text-align: justify\">Explication\u2009:<i> \u00ab la Ville n&rsquo;a plus les moyens de l&rsquo;entretenir \u00bb<\/i>, a dit Maurice Monange. La vente, toutefois, ne portera pas sur la totalit\u00e9 du b\u00e2timent. <i>\u00ab Nous resterons copropri\u00e9taires \u00bb, <\/i>a ajout\u00e9 El Mustapha Belgsir. Anne G\u00e9rard a pr\u00e9cis\u00e9 que la partie qui resterait municipale accueillerait <i>\u00ab un espace culturel d\u00e9di\u00e9 aux arts plastiques. \u00bb<\/i> Un cahier des charges sera r\u00e9dig\u00e9 d&rsquo;ici l&rsquo;\u00e9t\u00e9 pour pr\u00e9ciser aux candidats \u00e0 l&rsquo;acquisition les conditions que la Ville met \u00e0 la vente. Ces conditions portent tout particuli\u00e8rement sur le respect des prescriptions architecturales \u00e9mises par l&rsquo;Architecte des b\u00e2timents de France. L&rsquo;architecte les a transmises \u00e0 la Ville le 5 d\u00e9cembre. Le projet a \u00e9t\u00e9 pr\u00e9sent\u00e9 aux adjoints le 10 d\u00e9cembre en bureau municipal qui r\u00e9unit toutes les composantes de la majorit\u00e9, \u00e9lus verts compris. Celui-ci a valid\u00e9 \u00e0 l&rsquo;unanimit\u00e9 la pr\u00e9servation du b\u00e2timent, des miroirs et des verreries, l&rsquo;implantation de surfaces commerciales, la cr\u00e9ation d&rsquo;une salle publique d&rsquo;exposition d&rsquo;arts plastiques et la constitution d&rsquo;un comit\u00e9 de pilotage. Lundi, une commission g\u00e9n\u00e9rale a act\u00e9 les orientations d\u00e9finies le 10 d\u00e9cembre. Mais cette fois-ci les \u00e9lus \u00e9cologistes ont vot\u00e9 contre. Ce qui n&#8217;emp\u00eachera pas le projet d&rsquo;\u00eatre lanc\u00e9\u2026 et avec lui, la campagne des municipales.<\/p>\n<p style=\"text-align: justify\">le billet<\/p>\n<p style=\"text-align: justify\"><b>Municipales : c&rsquo;est parti<\/b><\/p>\n<p style=\"text-align: justify\">Apr\u00e8s avoir pr\u00e9sent\u00e9 les pr\u00e9conisations de l&rsquo;Architecte des b\u00e2timents de France, les \u00e9lus qui participaient hier \u00e0 la conf\u00e9rence de presse ont dit &#8211; avec v\u00e9h\u00e9mence &#8211; leur \u00e9tonnement face aux d\u00e9clarations de leurs \u00ab amis \u00bb \u00e9cologistes. <i>\u00ab Oui, il y a une concertation. Mais la concertation ne consiste pas \u00e0 arriver devant la population avec une page blanche. Nous avons d\u00e9fini un cadre. Maintenant, nous allons \u00e9couter les Poitevins. \u00bb<\/i> Parmi ces Poitevins\u2009: les \u00e9lus d&rsquo;EELV. Hier soir, leurs oreilles ont siffl\u00e9. Une maison des associations comme les Verts le demandent\u2009? <i>\u00ab Il y a plus de 600 associations sur Poitiers. On ne comprendrait pas qu&rsquo;elles aient toutes leur si\u00e8ge social place Leclerc. \u00bb<\/i> Une salle pour des artistes locaux\u2009? <i>\u00ab Tous les quartiers en disposent\u2009; on ne va pas les en priver \u00bb<\/i>. Un lieu de partage de savoirs sur le v\u00e9lo\u2009? <i>\u00ab C&rsquo;est risible\u2009! \u00bb<\/i> Avec de tels \u00e9changes, combien de temps va encore tenir l&rsquo;actuelle majorit\u00e9\u2009?<\/p>\n<p style=\"text-align: justify\"><em>Jean-Jacques Boissonneau, Nouvelle R\u00e9publique, 7 f\u00e9vrier 2013<\/em><\/p>\n<p style=\"text-align: justify\"><a href=\"http:\/\/www.lanouvellerepublique.fr\/Vienne\/Actualite\/Politique\/n\/Contenus\/Articles\/2013\/02\/07\/Dommage-1325261\" target=\"_blank\"><strong>\u00a0\u00bb Dommage \u00ab\u00a0<\/strong><\/a><\/p>\n<p style=\"text-align: justify\"><i>\u00ab Je regrette que le projet de cin\u00e9ma qui avait \u00e9t\u00e9 imagin\u00e9 dans l&rsquo;ancien th\u00e9\u00e2tre n&rsquo;ait pas vu le jour<\/i>, rel\u00e8ve Denis Garnier, ancien directeur de la Sc\u00e8ne nationale de 1992 \u00e0 2012. <i>Il est dommage qu&rsquo;un lieu culturel embl\u00e9matique comme celui du th\u00e9\u00e2tre disparaisse, m\u00eame si on conserve son caract\u00e8re architectural. J&rsquo;esp\u00e8re maintenant que le cin\u00e9ma se maintienne dans son nouveau lieu. \u00bb<\/i><\/p>\n<p style=\"text-align: justify\"><a href=\"http:\/\/www.lanouvellerepublique.fr\/Vienne\/Actualite\/Politique\/n\/Contenus\/Articles\/2013\/02\/07\/Tres-decu-1324977\" target=\"_blank\"><strong>\u00a0\u00bb Tr\u00e8s d\u00e9\u00e7u \u00ab\u00a0<\/strong><\/a><\/p>\n<p style=\"text-align: justify\"><i>\u00ab Je suis tr\u00e8s d\u00e9\u00e7u par le projet municipal. \u00bb<\/i> Nicolas Hay, le pr\u00e9sident de Poitiers Jeunes, qui avait sugg\u00e9r\u00e9 de faire de l&rsquo;ancien th\u00e9\u00e2tre un lieu associatif largement ouvert sur la jeunesse et la cr\u00e9ation, ne cache pas son indignation.<i> \u00ab Et en plus, nous ne sommes m\u00eame pas invit\u00e9s \u00e0 la r\u00e9union de ce jeudi soir. A chaque fois que nous faisons des propositions, nous sommes renvoy\u00e9s dans nos 22. C&rsquo;est tr\u00e8s frustrant. \u00bb<\/i><\/p>\n<p style=\"text-align: justify\"><a href=\"http:\/\/www.lanouvellerepublique.fr\/Vienne\/Actualite\/Politique\/n\/Contenus\/Articles\/2013\/02\/07\/Parfait-1325126\" target=\"_blank\"><strong>\u00a0\u00bb Parfait \u00ab\u00a0<\/strong><\/a><\/p>\n<p style=\"text-align: justify\"><i>\u00ab Le maire va faire ce que nous avons sugg\u00e9r\u00e9, c&rsquo;est parfait, <\/i>se f\u00e9licite Claude Lafond, le pr\u00e9sident des commer\u00e7ants du centre-ville. <i>L&rsquo;ancien th\u00e9\u00e2tre est un lieu id\u00e9al pour le commerce. Je ne pense pas que les projets d&rsquo;animation mis en avant par les \u00e9cologistes drainent plus de dix personnes. Je ne vois pas autre chose que le commerce pour faire venir du monde dans le centre de Poitiers. \u00bb<\/i><\/p>\n<p style=\"text-align: justify\"><a href=\"http:\/\/www.lanouvellerepublique.fr\/Vienne\/Actualite\/Politique\/n\/Contenus\/Articles\/2013\/02\/07\/Plutot-bien-1324928\" target=\"_blank\"><strong><i>\u00a0\u00bb Plut\u00f4t bien \u00ab\u00a0<\/i><\/strong><\/a><\/p>\n<p style=\"text-align: justify\"><i>\u00ab La vente de l&rsquo;ancien th\u00e9\u00e2tre est une sage d\u00e9cision, <\/i>indique le porte-parole de l&rsquo;UMP au conseil municipal. <i>La ville n&rsquo;a plus les moyens d&rsquo;entretenir ni de r\u00e9nover le b\u00e2timent. Une forme de partenariat public-priv\u00e9 me para\u00eet plut\u00f4t bien. C&rsquo;est la deuxi\u00e8me fois, apr\u00e8s le Parc des expositions, que le maire fait le choix d&rsquo;une privatisation. Maintenant, il faudra voir la coh\u00e9rence des futurs commerces avec ceux qui sont annonc\u00e9s au Printemps. \u00bb<\/i><\/p>\n<p style=\"text-align: justify\"><em>Nouvelle R\u00e9publique, 7 f\u00e9vrier 2013<\/em><\/p>\n","protected":false},"excerpt":{"rendered":"<p>NdPN : \u00e7a y est c&rsquo;est fait. Le lieu embl\u00e9matique du Th\u00e9\u00e2tre,\u00a0ce cin\u00e9ma bien connu d&rsquo;art et d&rsquo;essai place d&rsquo;armes, dispara\u00eet. Il sera en partie privatis\u00e9, en \u00ab\u00a0partenariat public-priv\u00e9\u00a0\u00bb, pour accueillir&#8230; des commerces. Les commer\u00e7ants et la droite se r\u00e9jouissent. Avec l&rsquo;autre salle en difficult\u00e9, celle du Dietrich, Poitiers s&rsquo;enfonce dans le d\u00e9sert cin\u00e9matographique. Blockbusters &hellip; <a href=\"https:\/\/fa86.noblogs.org\/?p=8002\" class=\"more-link\">Continuer la lecture de <span class=\"screen-reader-text\">[Poitiers] Privatisation du th\u00e9\u00e2tre act\u00e9e par la mairie PS<\/span> <span class=\"meta-nav\">&rarr;<\/span><\/a><\/p>\n","protected":false},"author":2691,"featured_media":0,"comment_status":"open","ping_status":"open","sticky":false,"template":"","format":"standard","meta":{"footnotes":""},"categories":[26,7],"tags":[],"class_list":["post-8002","post","type-post","status-publish","format-standard","hentry","category-construction-du-desert","category-propagande-marchande"],"_links":{"self":[{"href":"https:\/\/fa86.noblogs.org\/index.php?rest_route=\/wp\/v2\/posts\/8002","targetHints":{"allow":["GET"]}}],"collection":[{"href":"https:\/\/fa86.noblogs.org\/index.php?rest_route=\/wp\/v2\/posts"}],"about":[{"href":"https:\/\/fa86.noblogs.org\/index.php?rest_route=\/wp\/v2\/types\/post"}],"author":[{"embeddable":true,"href":"https:\/\/fa86.noblogs.org\/index.php?rest_route=\/wp\/v2\/users\/2691"}],"replies":[{"embeddable":true,"href":"https:\/\/fa86.noblogs.org\/index.php?rest_route=%2Fwp%2Fv2%2Fcomments&post=8002"}],"version-history":[{"count":2,"href":"https:\/\/fa86.noblogs.org\/index.php?rest_route=\/wp\/v2\/posts\/8002\/revisions"}],"predecessor-version":[{"id":8005,"href":"https:\/\/fa86.noblogs.org\/index.php?rest_route=\/wp\/v2\/posts\/8002\/revisions\/8005"}],"wp:attachment":[{"href":"https:\/\/fa86.noblogs.org\/index.php?rest_route=%2Fwp%2Fv2%2Fmedia&parent=8002"}],"wp:term":[{"taxonomy":"category","embeddable":true,"href":"https:\/\/fa86.noblogs.org\/index.php?rest_route=%2Fwp%2Fv2%2Fcategories&post=8002"},{"taxonomy":"post_tag","embeddable":true,"href":"https:\/\/fa86.noblogs.org\/index.php?rest_route=%2Fwp%2Fv2%2Ftags&post=8002"}],"curies":[{"name":"wp","href":"https:\/\/api.w.org\/{rel}","templated":true}]}}