{"id":8010,"date":"2013-02-07T10:10:30","date_gmt":"2013-02-07T09:10:30","guid":{"rendered":"http:\/\/fa86.noblogs.org\/?p=8010"},"modified":"2013-02-07T10:10:30","modified_gmt":"2013-02-07T09:10:30","slug":"le-monde-libertaire-n1696-du-7-au-13-fevrier-2013","status":"publish","type":"post","link":"https:\/\/fa86.noblogs.org\/?p=8010","title":{"rendered":"Le Monde Libertaire n\u00b01696 (du 7 au 13 F\u00e9vrier 2013)"},"content":{"rendered":"<p style=\"text-align: justify\"><em><strong>NdPN<\/strong> : le Monde libertaire sort aujourd&rsquo;hui en kiosques. Un exemplaire sera laiss\u00e9 en consultation libre au Biblio-Caf\u00e9 de Poitiers (rue de la Cath\u00e9drale). Vous pouvez aussi vous le procurer \u00e0 prix libre en nous \u00e9crivant. Trois articles d&rsquo;ores et d\u00e9j\u00e0 en ligne sur le site de Monde Libertaire (voir les liens web ci-dessous). Bonne lecture !<\/em><\/p>\n<p style=\"text-align: justify\"><strong>Le Monde Libertaire\u00a0n\u00b01696 (du 7 au 13 F\u00e9vrier 2013)<\/strong><\/p>\n<p style=\"text-align: justify\"><em>\u00abFaire de la publicit\u00e9, c\u2019est agiter un b\u00e2ton dans l\u2019auge \u00e0 cochons.\u00bb -George Orwell<\/em><\/p>\n<p style=\"text-align: justify\"><a href=\"https:\/\/fa86.noblogs.org\/files\/2013\/02\/ml-1696.png\"><img loading=\"lazy\" decoding=\"async\" class=\"alignnone size-full wp-image-8011\" alt=\"ml 1696\" src=\"https:\/\/fa86.noblogs.org\/files\/2013\/02\/ml-1696.png\" width=\"400\" height=\"556\" srcset=\"https:\/\/fa86.noblogs.org\/files\/2013\/02\/ml-1696.png 400w, https:\/\/fa86.noblogs.org\/files\/2013\/02\/ml-1696-215x300.png 215w\" sizes=\"auto, (max-width: 400px) 100vw, 400px\" \/><\/a><\/p>\n<p style=\"text-align: justify\"><strong>Sommaire du Monde Libertaire n\u00b01696<\/strong><\/p>\n<p style=\"text-align: justify\"><strong>Actualit\u00e9<\/strong><\/p>\n<p style=\"text-align: justify\"><a href=\"http:\/\/www.monde-libertaire.fr\/syndicalisme\/16208-psa-virgin-la-fraternite-ouvriere-face-aux-patrons-aux-jaunes-et-a-letat\" target=\"_blank\">Des nouvelles des Peugeot et des Virgin, par G. Goutte, page 3<\/a><\/p>\n<p style=\"text-align: justify\"><a href=\"http:\/\/www.monde-libertaire.fr\/france\/16209-ca-pue-a-rouen\" target=\"_blank\">Miasmes polluants \u00e0 gogo, par J.-P. Levaray, page 5<\/a><\/p>\n<p style=\"text-align: justify\">Une froide m\u00e9t\u00e9o syndicale, par J.-P. Germain, page 6<\/p>\n<p style=\"text-align: justify\"><a href=\"http:\/\/www.monde-libertaire.fr\/international\/16210-indignation-quand-tu-nous-tiens\" target=\"_blank\">Encore de l\u2019indignation, par R. Pino, page 11<\/a><\/p>\n<p style=\"text-align: justify\"><strong>Arguments<\/strong><\/p>\n<p style=\"text-align: justify\">Retour sur 1962, par M. Top\u00e9, page 7<\/p>\n<p style=\"text-align: justify\">La Chronique n\u00e9phr\u00e9tique de Rodkol, page 8<\/p>\n<p style=\"text-align: justify\">Les vrais visages de l\u2019imp\u00f4t, par L. Delille, page 9<\/p>\n<p style=\"text-align: justify\">O\u00f9 y\u2019a du zen, y\u2019a pas forc\u00e9ment de plaisir, par N. Potkine, page 14<\/p>\n<p style=\"text-align: justify\"><strong>International<\/strong><\/p>\n<p style=\"text-align: justify\">Encore de l&rsquo;indignation, par R. Pino, page 11<\/p>\n<p style=\"text-align: justify\">On roule les paysans gr\u00e9vistes au Cap, par S. Hatting page 15<\/p>\n<p style=\"text-align: justify\"><strong>Expressions<\/strong><\/p>\n<p style=\"text-align: justify\">P\u00e8re et fils, par F. Gomez, page 19<\/p>\n<p style=\"text-align: justify\">Un pied-noir \u00e9cartel\u00e9, par T. Guilabert, page 20<\/p>\n<p style=\"text-align: justify\">L\u2019\u00e9nigme Cipriano Mera, par T. Iba\u00f1ez, page 21<\/p>\n<p style=\"text-align: justify\"><strong>Mouvement<\/strong><\/p>\n<p style=\"text-align: justify\">Communiqu\u00e9, Radio libertaire, page 22<\/p>\n<p style=\"text-align: justify\">L\u2019agenda anar, page 23<\/p>\n<p style=\"text-align: justify\"><strong>Illustrations<\/strong><\/p>\n<p style=\"text-align: justify\">Aurelio, Kalem, Krokaga, La Sala, Nemo.<\/p>\n<p style=\"text-align: justify\"><strong>Editorial<\/strong><\/p>\n<p style=\"text-align: justify\">Ras-le-bol des aveux de sportifs cam\u00e9s en redescente, des soldes, de Frigide Barjot, du mariage gay, de Florence Cassez, des aventures aquatiques de Gabard, ras-le-bol de tous les titatas, amuse-sots et autres enfumages dont nous gavent les chiens de garde de la paix sociale. S\u00fbr, \u00e7a fait pleurer Margot et \u00e7a co\u00fbte moins cher que de tenir les promesses \u00e9lectorales de lutte contre le ch\u00f4mage et les banques. Pourtant, pas une semaine sans que des milliers de gens se retrouvent \u00e0 la rue, au RSA ou au ch\u00f4medu parce que des entrepreneurs, bien \u00e0 l\u2019abri derri\u00e8re la crise, licencient, d\u00e9localisent, se d\u00e9clarent en faillite, au grand bonheur des actionnaires et d\u2019un CAC 40 en surpoids. Florange, Sanofi, Presstalis, PSA, Virgin, Renault, Goodyear Amiens-Nord plus r\u00e9cemment. On d\u00e9graisse, on ferme. Bient\u00f4t 15 % et pourquoi pas 20 % de ch\u00f4meurs, malgr\u00e9 les finasseries des comptages officiels\u2026 La presse ti\u00e9dasse, au mieux compte les points sans s\u2019\u00e9mouvoir d\u2019un poil, au pire d\u00e9nonce les rares r\u00e9actions des malheureux salari\u00e9s dans la panade. Ainsi <em>Le Monde<\/em>, jadis vertueux fleuron du journalisme pr\u00e9tendu objectif, titre sans mollir : \u00ab Violences, menaces, PSA Aulnay sous tension \u00bb, comme si les auteurs des menaces, les coupables du conflit \u00e9taient les gr\u00e9vistes et la CGT. Et Pujadas sur France 2 d\u2019atermoyer sur les jaunes d\u2019Aulnay qui flippent devant les piquets de gr\u00e8ve. Et Europe 1 de ratiociner sur les \u00ab pressions \u00bb des gr\u00e9vistes. Et France inter de d\u00e9rouler le tapis rouge \u00e0 Fr\u00e9d\u00e9ric Saint-Geours, directeur de PSA \u00e0 la langue de bois bien pendue. Le m\u00eame France Inter, pendant une \u00e9mission matinale et branch\u00e9e, tend son micro \u00e0 quelques invit\u00e9s du gratin m\u00e9diatique. Sans bl\u00eamir, les pr\u00e9tendus \u00ab experts \u00bb tombent sentencieusement d\u2019accord : apr\u00e8s <em>Le Monde<\/em>, <em>Le Parisien<\/em>, c\u2019est maintenant BFM TV qui constitue la muse inspiratrice des 20 heures de la t\u00e9louille. Au secours ! Face \u00e0 ces milliardaires professionnels de la d\u00e9sinformation, ce sont des dizaines de milliers de vies bris\u00e9es dans une indiff\u00e9rence \u00e0 peine polie. On cache, on banalise le cycle r\u00e9pugnant : ch\u00f4mage suite \u00e0 l\u2019aust\u00e9rit\u00e9 \u2013 suite \u00e0 la crise \u2013 suite aux exactions des banques \u2013 suite\u2026 au capitalisme bien ordonn\u00e9. Quelques vieux ordinateurs cass\u00e9s, quelques jets d\u2019\u0153ufs et de tomates sur des cadres suppl\u00e9ants \u00e0 PSA\u2026 Ce serait un crime de d\u00e9fendre sa vie bec et ongles, de lutter avec col\u00e8re pour ne pas crever. Cauchemar. Dans ce climat de f\u00e9lonie, de distorsion d\u00e9lib\u00e9r\u00e9e de la r\u00e9alit\u00e9, plus que jamais la solidarit\u00e9 avec les cohortes de licenci\u00e9s, de d\u00e9localis\u00e9s, de d\u00e9class\u00e9s, demeure une priorit\u00e9 politique, sociale, \u00e9ditoriale et militante. L\u2019\u00e9quipe de r\u00e9daction du <em>Monde libertaire<\/em> s\u2019y emploie.<\/p>\n","protected":false},"excerpt":{"rendered":"<p>NdPN : le Monde libertaire sort aujourd&rsquo;hui en kiosques. Un exemplaire sera laiss\u00e9 en consultation libre au Biblio-Caf\u00e9 de Poitiers (rue de la Cath\u00e9drale). Vous pouvez aussi vous le procurer \u00e0 prix libre en nous \u00e9crivant. Trois articles d&rsquo;ores et d\u00e9j\u00e0 en ligne sur le site de Monde Libertaire (voir les liens web ci-dessous). Bonne &hellip; <a href=\"https:\/\/fa86.noblogs.org\/?p=8010\" class=\"more-link\">Continuer la lecture de <span class=\"screen-reader-text\">Le Monde Libertaire n\u00b01696 (du 7 au 13 F\u00e9vrier 2013)<\/span> <span class=\"meta-nav\">&rarr;<\/span><\/a><\/p>\n","protected":false},"author":2691,"featured_media":0,"comment_status":"open","ping_status":"open","sticky":false,"template":"","format":"standard","meta":{"footnotes":""},"categories":[17,4],"tags":[],"class_list":["post-8010","post","type-post","status-publish","format-standard","hentry","category-education-populaire","category-se-trouver"],"_links":{"self":[{"href":"https:\/\/fa86.noblogs.org\/index.php?rest_route=\/wp\/v2\/posts\/8010","targetHints":{"allow":["GET"]}}],"collection":[{"href":"https:\/\/fa86.noblogs.org\/index.php?rest_route=\/wp\/v2\/posts"}],"about":[{"href":"https:\/\/fa86.noblogs.org\/index.php?rest_route=\/wp\/v2\/types\/post"}],"author":[{"embeddable":true,"href":"https:\/\/fa86.noblogs.org\/index.php?rest_route=\/wp\/v2\/users\/2691"}],"replies":[{"embeddable":true,"href":"https:\/\/fa86.noblogs.org\/index.php?rest_route=%2Fwp%2Fv2%2Fcomments&post=8010"}],"version-history":[{"count":2,"href":"https:\/\/fa86.noblogs.org\/index.php?rest_route=\/wp\/v2\/posts\/8010\/revisions"}],"predecessor-version":[{"id":8013,"href":"https:\/\/fa86.noblogs.org\/index.php?rest_route=\/wp\/v2\/posts\/8010\/revisions\/8013"}],"wp:attachment":[{"href":"https:\/\/fa86.noblogs.org\/index.php?rest_route=%2Fwp%2Fv2%2Fmedia&parent=8010"}],"wp:term":[{"taxonomy":"category","embeddable":true,"href":"https:\/\/fa86.noblogs.org\/index.php?rest_route=%2Fwp%2Fv2%2Fcategories&post=8010"},{"taxonomy":"post_tag","embeddable":true,"href":"https:\/\/fa86.noblogs.org\/index.php?rest_route=%2Fwp%2Fv2%2Ftags&post=8010"}],"curies":[{"name":"wp","href":"https:\/\/api.w.org\/{rel}","templated":true}]}}