{"id":8024,"date":"2013-02-08T08:50:54","date_gmt":"2013-02-08T07:50:54","guid":{"rendered":"http:\/\/fa86.noblogs.org\/?p=8024"},"modified":"2013-02-08T08:50:54","modified_gmt":"2013-02-08T07:50:54","slug":"chatellerault-les-locataires-de-la-t8-ne-veulent-pas-partir","status":"publish","type":"post","link":"https:\/\/fa86.noblogs.org\/?p=8024","title":{"rendered":"[Ch\u00e2tellerault] Les locataires de la \u00a0\u00bb T8 \u00a0\u00bb ne veulent pas partir"},"content":{"rendered":"<p style=\"text-align: justify\"><a href=\"http:\/\/www.lanouvellerepublique.fr\/Vienne\/Actualite\/24-Heures\/n\/Contenus\/Articles\/2013\/02\/08\/Les-locataires-de-la-T8-ne-veulent-pas-partir-!-1326018\" target=\"_blank\"><strong>Les locataires de la \u00a0\u00bb T8 \u00a0\u00bb ne veulent pas partir !<\/strong><\/a><\/p>\n<p style=\"text-align: justify\"><img loading=\"lazy\" decoding=\"async\" class=\"alignnone\" alt=\"\" src=\"http:\/\/www.lanouvellerepublique.fr\/var\/nrv2\/storage\/images\/contenus\/articles\/2013\/02\/08\/les-locataires-de-la-t8-ne-veulent-pas-partir-!-1326018\/24866587-1-fre-FR\/Les-locataires-de-la-T8-ne-veulent-pas-partir_reference.jpg\" width=\"600\" height=\"315\" \/><\/p>\n<p style=\"text-align: justify\">Martine Pompey (\u00e0 g.) et Pierrette Reau ont appris la d\u00e9cision dans la presse.<\/p>\n<p id=\"articleChapo\" style=\"text-align: justify\">Les habitants de la \u201c\u2009T8\u2009\u201d, \u00e0 la Plaine d\u2019Ozon, ne veulent pas qu\u2019on d\u00e9molisse leur immeuble en bord de Vienne. L\u2019amicale des locataires se mobilise.<a href=\"http:\/\/memorix.sdv.fr\/5c\/www.lanouvellerepublique.fr\/actualite\/24-heures_articles\/86\/chatellerault\/86066\/754827228\/Position1\/default\/empty.gif\/5575556e555645557137414143314546\" target=\"_blank\"><img loading=\"lazy\" decoding=\"async\" alt=\"\" src=\"http:\/\/memorix.sdv.fr\/0\/default\/empty.gif\" width=\"1\" height=\"1\" border=\"0\" \/><\/a><\/p>\n<div id=\"text\" style=\"text-align: justify\">\n<p>Les habitants de la \u00ab T8 \u00bb \u00e0 Ozon, ne sont pas, mais alors vraiment pas contents\u2009! C&rsquo;est par la presse que les 70 familles assurent avoir d\u00e9couvert la d\u00e9molition de leur immeuble (notre \u00e9dition du 25 janvier). Pas terrible.<\/p>\n<p>Dans le cadre d&rsquo;un avenant \u00e0 la convention de r\u00e9novation urbaine, deux nouveaux b\u00e2timents vont \u00eatre d\u00e9truits. En l&rsquo;occurrence, le B10, rue Charles P\u00e9guy, et donc la T8, rue Charles-Cros.<i> \u00ab Les locataires de la tour ont appris qu&rsquo;on avait d\u00e9cid\u00e9 pour eux de d\u00e9molir leur habitat. Une r\u00e9union pr\u00e9alable avait au moins eu lieu avant pour les locataires du B10 \u00bb<\/i>, souligne l&rsquo;amicale des locataires d&rsquo;Ozon, affili\u00e9e \u00e0 la Conf\u00e9d\u00e9ration nationale du logement (CNL). \u00c7a, c&rsquo;est pour la forme.<\/p>\n<p><b>\u00ab\u00a0\u2009Les pauvres n&rsquo;auraient pas droit \u00e0 la vue sur la Vienne\u2009?\u2009\u00a0\u00bb<\/b><\/p>\n<p>Sur le fond, l&rsquo;amicale d\u00e9nonce haut et fort cette d\u00e9cision. <i>\u00ab Au d\u00e9part, Habitat 86 <\/i>(le propri\u00e9taire) <i>n&rsquo;est pas d&rsquo;accord pour d\u00e9truire la T8<\/i>, affirme la pr\u00e9sidente Martine Pompey. <i>C&rsquo;est le maire et l&rsquo;Anru qui veulent la raser\u2009! \u00bb<\/i> <i>\u00ab Rien ne justifie cette d\u00e9molition, co\u00fbteuse, sauf l&rsquo;aspect esth\u00e9tique en entr\u00e9e de ville<\/i>, explique de son c\u00f4t\u00e9 Pierrette Reau, pr\u00e9sidente de la CNL 86. <i>La T8 ne conna\u00eet pas de vacance et r\u00e9pond parfaitement au r\u00f4le d&rsquo;un bailleur social avec des loyers mod\u00e9r\u00e9s et un confort correct. \u00bb<\/i> Pierrette Reau met d&rsquo;ailleurs en doute la r\u00e9alit\u00e9 des constructions priv\u00e9es annonc\u00e9es \u00e0 la place, alors que l&rsquo;association Fonci\u00e8re Logement vient par exemple d&rsquo;indiquer la suspension de son projet de 35 logements. Surtout, l&rsquo;amicale se demande bien o\u00f9 seront relog\u00e9es les familles\u2009? Martine Pompey\u2009:<i> \u00ab Dans la T8, on a des appartements de toute beaut\u00e9 \u00e0 des loyers abordables. Il y a des gens l\u00e0 depuis 30 ans et qui ont investi dedans. Et on va nous dire que notre tour elle g\u00eane\u2009? Alors, les pauvres, ils n&rsquo;auraient pas droit \u00e0 la vue sur la Vienne\u2009? \u00bb<\/i>. Selon l&rsquo;association, un rendez-vous est programm\u00e9 le 14 f\u00e9vrier avec le maire. En tout \u00e9tat de cause, l&rsquo;amicale envisage une p\u00e9tition comme en 2006 lorsque l&rsquo;Anru lorgnait sur la T8 et que 240 signatures avaient \u00e9t\u00e9 envoy\u00e9es au ministre Borloo\u2009!<\/p>\n<p><em>Franck Bastard, Nouvelle R\u00e9publique, 8 f\u00e9vrier 2013<\/em><\/p>\n<\/div>\n","protected":false},"excerpt":{"rendered":"<p>Les locataires de la \u00a0\u00bb T8 \u00a0\u00bb ne veulent pas partir ! Martine Pompey (\u00e0 g.) et Pierrette Reau ont appris la d\u00e9cision dans la presse. Les habitants de la \u201c\u2009T8\u2009\u201d, \u00e0 la Plaine d\u2019Ozon, ne veulent pas qu\u2019on d\u00e9molisse leur immeuble en bord de Vienne. L\u2019amicale des locataires se mobilise. Les habitants de la &hellip; <a href=\"https:\/\/fa86.noblogs.org\/?p=8024\" class=\"more-link\">Continuer la lecture de <span class=\"screen-reader-text\">[Ch\u00e2tellerault] Les locataires de la \u00a0\u00bb T8 \u00a0\u00bb ne veulent pas partir<\/span> <span class=\"meta-nav\">&rarr;<\/span><\/a><\/p>\n","protected":false},"author":2691,"featured_media":0,"comment_status":"open","ping_status":"open","sticky":false,"template":"","format":"standard","meta":{"footnotes":""},"categories":[26,9,29],"tags":[],"class_list":["post-8024","post","type-post","status-publish","format-standard","hentry","category-construction-du-desert","category-la-rue-grogne","category-un-toit-pour-tou-te-s"],"_links":{"self":[{"href":"https:\/\/fa86.noblogs.org\/index.php?rest_route=\/wp\/v2\/posts\/8024","targetHints":{"allow":["GET"]}}],"collection":[{"href":"https:\/\/fa86.noblogs.org\/index.php?rest_route=\/wp\/v2\/posts"}],"about":[{"href":"https:\/\/fa86.noblogs.org\/index.php?rest_route=\/wp\/v2\/types\/post"}],"author":[{"embeddable":true,"href":"https:\/\/fa86.noblogs.org\/index.php?rest_route=\/wp\/v2\/users\/2691"}],"replies":[{"embeddable":true,"href":"https:\/\/fa86.noblogs.org\/index.php?rest_route=%2Fwp%2Fv2%2Fcomments&post=8024"}],"version-history":[{"count":2,"href":"https:\/\/fa86.noblogs.org\/index.php?rest_route=\/wp\/v2\/posts\/8024\/revisions"}],"predecessor-version":[{"id":8026,"href":"https:\/\/fa86.noblogs.org\/index.php?rest_route=\/wp\/v2\/posts\/8024\/revisions\/8026"}],"wp:attachment":[{"href":"https:\/\/fa86.noblogs.org\/index.php?rest_route=%2Fwp%2Fv2%2Fmedia&parent=8024"}],"wp:term":[{"taxonomy":"category","embeddable":true,"href":"https:\/\/fa86.noblogs.org\/index.php?rest_route=%2Fwp%2Fv2%2Fcategories&post=8024"},{"taxonomy":"post_tag","embeddable":true,"href":"https:\/\/fa86.noblogs.org\/index.php?rest_route=%2Fwp%2Fv2%2Ftags&post=8024"}],"curies":[{"name":"wp","href":"https:\/\/api.w.org\/{rel}","templated":true}]}}