{"id":8029,"date":"2013-02-08T18:40:59","date_gmt":"2013-02-08T17:40:59","guid":{"rendered":"http:\/\/fa86.noblogs.org\/?p=8029"},"modified":"2013-02-08T18:40:59","modified_gmt":"2013-02-08T17:40:59","slug":"poitiers-rassemblement-solidaire-pour-la-famille-adamianov","status":"publish","type":"post","link":"https:\/\/fa86.noblogs.org\/?p=8029","title":{"rendered":"[Poitiers] Rassemblement solidaire pour la famille Adamianov"},"content":{"rendered":"<p style=\"text-align: justify\">Un rassemblement sympathique a eu lieu \u00e0 la sortie de l&rsquo;\u00e9cole Jean Mermoz, avec des enseignants, des enfants et des parents d&rsquo;\u00e9l\u00e8ves. Gros tintamarre de casseroles (bravo les enfants)\u00a0! Quatre banderoles d\u00e9ploy\u00e9es, dont une de RESF 86 et la n\u00f4tre : \u00ab\u00a0Notre r\u00e9volte est sans fronti\u00e8res\u00a0\u00bb.<\/p>\n<p style=\"text-align: justify\">Une bonne nouvelle ce soir :\u00a0le papa est sorti du CRA du Mesnil-Amelot suite \u00e0 la d\u00e9cision du tribunal administratif de casser la d\u00e9cision d&rsquo;incarc\u00e9ration.\u00a0Il est donc libre \u00e0 cette heure et sur le chemin du retour. La lutte paye.\u00a0Restons vigilant-e-s.<\/p>\n<p style=\"text-align: justify\"><em>Pavillon Noir<\/em><\/p>\n","protected":false},"excerpt":{"rendered":"<p>Un rassemblement sympathique a eu lieu \u00e0 la sortie de l&rsquo;\u00e9cole Jean Mermoz, avec des enseignants, des enfants et des parents d&rsquo;\u00e9l\u00e8ves. Gros tintamarre de casseroles (bravo les enfants)\u00a0! Quatre banderoles d\u00e9ploy\u00e9es, dont une de RESF 86 et la n\u00f4tre : \u00ab\u00a0Notre r\u00e9volte est sans fronti\u00e8res\u00a0\u00bb. Une bonne nouvelle ce soir :\u00a0le papa est sorti &hellip; <a href=\"https:\/\/fa86.noblogs.org\/?p=8029\" class=\"more-link\">Continuer la lecture de <span class=\"screen-reader-text\">[Poitiers] Rassemblement solidaire pour la famille Adamianov<\/span> <span class=\"meta-nav\">&rarr;<\/span><\/a><\/p>\n","protected":false},"author":2691,"featured_media":0,"comment_status":"open","ping_status":"open","sticky":false,"template":"","format":"standard","meta":{"footnotes":""},"categories":[9,11],"tags":[],"class_list":["post-8029","post","type-post","status-publish","format-standard","hentry","category-la-rue-grogne","category-ni-patrie-ni-frontiere"],"_links":{"self":[{"href":"https:\/\/fa86.noblogs.org\/index.php?rest_route=\/wp\/v2\/posts\/8029","targetHints":{"allow":["GET"]}}],"collection":[{"href":"https:\/\/fa86.noblogs.org\/index.php?rest_route=\/wp\/v2\/posts"}],"about":[{"href":"https:\/\/fa86.noblogs.org\/index.php?rest_route=\/wp\/v2\/types\/post"}],"author":[{"embeddable":true,"href":"https:\/\/fa86.noblogs.org\/index.php?rest_route=\/wp\/v2\/users\/2691"}],"replies":[{"embeddable":true,"href":"https:\/\/fa86.noblogs.org\/index.php?rest_route=%2Fwp%2Fv2%2Fcomments&post=8029"}],"version-history":[{"count":2,"href":"https:\/\/fa86.noblogs.org\/index.php?rest_route=\/wp\/v2\/posts\/8029\/revisions"}],"predecessor-version":[{"id":8031,"href":"https:\/\/fa86.noblogs.org\/index.php?rest_route=\/wp\/v2\/posts\/8029\/revisions\/8031"}],"wp:attachment":[{"href":"https:\/\/fa86.noblogs.org\/index.php?rest_route=%2Fwp%2Fv2%2Fmedia&parent=8029"}],"wp:term":[{"taxonomy":"category","embeddable":true,"href":"https:\/\/fa86.noblogs.org\/index.php?rest_route=%2Fwp%2Fv2%2Fcategories&post=8029"},{"taxonomy":"post_tag","embeddable":true,"href":"https:\/\/fa86.noblogs.org\/index.php?rest_route=%2Fwp%2Fv2%2Ftags&post=8029"}],"curies":[{"name":"wp","href":"https:\/\/api.w.org\/{rel}","templated":true}]}}