{"id":8045,"date":"2013-02-10T13:14:16","date_gmt":"2013-02-10T12:14:16","guid":{"rendered":"http:\/\/fa86.noblogs.org\/?p=8045"},"modified":"2013-02-10T13:14:16","modified_gmt":"2013-02-10T12:14:16","slug":"poitiers-venez-remercier-la-prefete-davoir-ete-nommee-pour-soccuper-des-grands-projets-inutiles-locaux","status":"publish","type":"post","link":"https:\/\/fa86.noblogs.org\/?p=8045","title":{"rendered":"[Poitiers] Venez remercier la pr\u00e9f\u00e8te d&rsquo;avoir \u00e9t\u00e9 nomm\u00e9e pour s&rsquo;occuper des grands projets inutiles locaux"},"content":{"rendered":"<div style=\"text-align: justify\">\n<p><b><span style=\"font-family: Times New Roman\"><span style=\"font-size: medium\">Venez remercier la pr\u00e9f\u00e8te d&rsquo;avoir \u00e9t\u00e9 nomm\u00e9e pour s&rsquo;occuper des grands projets inutiles locaux<\/span><\/span><\/b><\/p>\n<p><b><span style=\"font-family: Times New Roman\"><span style=\"font-size: medium\">Le Comit\u00e9 poitevin contre l&rsquo;a\u00e9roport de Notre Dame Des Landes appelle \u00e0 se rendre lundi 11 f\u00e9vrier \u00e0 la c\u00e9r\u00e9monie de prise de fonctions de la nouvelle pr\u00e9f\u00e8te qui se tiendra \u00e0 11h au monument aux morts boulevard de Verdun, pour la remercier d&rsquo;avoir \u00e9t\u00e9 nomm\u00e9e pour s&rsquo;occuper des grands projets inutiles locaux.<\/span><\/span><\/b><\/p>\n<p><span style=\"font-family: Times New Roman\"><span style=\"font-size: medium\">En effet, <span style=\"font-size: medium\">p<\/span>olytechnicienne et \u00e9l\u00e8ve de l\u2019Ecole des Ponts et Chauss\u00e9es, c\u2019est une femme irr\u00e9sistiblement de gauche. De 1987 \u00e0 1993 elle officie \u00e0 la Direction r\u00e9gionale de l\u2019Equipement d\u2019Ile-de-France dont elle devient secr\u00e9taire g\u00e9n\u00e9rale. Apr\u00e8s un passage au Minist\u00e8re de l\u2019Education nationale sous Jospin, elle entre dans le vif du sujet au minist\u00e8re de l\u2019Equipement comme directrice de l\u2019ADOMA : un sigle nouveau qui n\u2019est qu\u2019un changement de nom de la sinistre Sonacotra qui s\u2019illustra pendant des d\u00e9cennies dans la gestion de foyers pour travailleurs immigr\u00e9s). Elle devient ensuite charg\u00e9e de la sous-direction des Chemins de fer. Les chemins de fer c\u2019est pour relier les m\u00e9tropoles entre elles. En 2002 elle s\u2019occupe un peu de ces m\u00e9tropoles en devenant conseill\u00e8re charg\u00e9e de l\u2019Equipement, de l\u2019urbanisme, du logement\u2026 et des transports, avant de reprendre le train comme directrice de la strat\u00e9gie \u00e0 la SNCF. Elle ne s\u2019occupe pas du prix du billet mais des investissements li\u00e9s aux LGV ! Devenue fine connaisseuse des rouages de l\u2019Etat en mati\u00e8re d\u2019am\u00e9nagement du territoire et de grands travaux il ne lui reste plus qu\u2019\u00e0 faire profiter le Priv\u00e9 de ses connaissance : en 2008 elle devient directrice des concessions chez Eiffage et PDG de la Compagnie Eiffage du Viaduc de Millau. Pour tr\u00e8s peu de temps puisque un an \u00e0 peine apr\u00e8s elle donne sa pleine mesure comme directrice de l\u2019Urbanisme \u00e0 la ville de Paris.<\/span><\/span><\/p>\n<p><b>Rendez-vous \u00e0 <\/b><b>10 h 30<\/b><b> devant le restaurant du TAP, \u00ab\u00a0Le M\u00e9t\u00e9o\u00a0\u00bb. Porter banderoles, pr\u00e9voir des tracts.<\/b><\/p>\n<p><em>Mail du comit\u00e9 poitevin contre l&rsquo;a\u00e9roport de Notre-Dame-des-Landes, 10 f\u00e9vrier 2013<\/em><\/p>\n<\/div>\n","protected":false},"excerpt":{"rendered":"<p>Venez remercier la pr\u00e9f\u00e8te d&rsquo;avoir \u00e9t\u00e9 nomm\u00e9e pour s&rsquo;occuper des grands projets inutiles locaux Le Comit\u00e9 poitevin contre l&rsquo;a\u00e9roport de Notre Dame Des Landes appelle \u00e0 se rendre lundi 11 f\u00e9vrier \u00e0 la c\u00e9r\u00e9monie de prise de fonctions de la nouvelle pr\u00e9f\u00e8te qui se tiendra \u00e0 11h au monument aux morts boulevard de Verdun, pour &hellip; <a href=\"https:\/\/fa86.noblogs.org\/?p=8045\" class=\"more-link\">Continuer la lecture de <span class=\"screen-reader-text\">[Poitiers] Venez remercier la pr\u00e9f\u00e8te d&rsquo;avoir \u00e9t\u00e9 nomm\u00e9e pour s&rsquo;occuper des grands projets inutiles locaux<\/span> <span class=\"meta-nav\">&rarr;<\/span><\/a><\/p>\n","protected":false},"author":2691,"featured_media":0,"comment_status":"open","ping_status":"open","sticky":false,"template":"","format":"standard","meta":{"footnotes":""},"categories":[26,18,9,12,7,4],"tags":[],"class_list":["post-8045","post","type-post","status-publish","format-standard","hentry","category-construction-du-desert","category-decroissance-libertaire","category-la-rue-grogne","category-okupa-y-resiste","category-propagande-marchande","category-se-trouver"],"_links":{"self":[{"href":"https:\/\/fa86.noblogs.org\/index.php?rest_route=\/wp\/v2\/posts\/8045","targetHints":{"allow":["GET"]}}],"collection":[{"href":"https:\/\/fa86.noblogs.org\/index.php?rest_route=\/wp\/v2\/posts"}],"about":[{"href":"https:\/\/fa86.noblogs.org\/index.php?rest_route=\/wp\/v2\/types\/post"}],"author":[{"embeddable":true,"href":"https:\/\/fa86.noblogs.org\/index.php?rest_route=\/wp\/v2\/users\/2691"}],"replies":[{"embeddable":true,"href":"https:\/\/fa86.noblogs.org\/index.php?rest_route=%2Fwp%2Fv2%2Fcomments&post=8045"}],"version-history":[{"count":1,"href":"https:\/\/fa86.noblogs.org\/index.php?rest_route=\/wp\/v2\/posts\/8045\/revisions"}],"predecessor-version":[{"id":8046,"href":"https:\/\/fa86.noblogs.org\/index.php?rest_route=\/wp\/v2\/posts\/8045\/revisions\/8046"}],"wp:attachment":[{"href":"https:\/\/fa86.noblogs.org\/index.php?rest_route=%2Fwp%2Fv2%2Fmedia&parent=8045"}],"wp:term":[{"taxonomy":"category","embeddable":true,"href":"https:\/\/fa86.noblogs.org\/index.php?rest_route=%2Fwp%2Fv2%2Fcategories&post=8045"},{"taxonomy":"post_tag","embeddable":true,"href":"https:\/\/fa86.noblogs.org\/index.php?rest_route=%2Fwp%2Fv2%2Ftags&post=8045"}],"curies":[{"name":"wp","href":"https:\/\/api.w.org\/{rel}","templated":true}]}}