{"id":8053,"date":"2013-02-11T22:32:10","date_gmt":"2013-02-11T21:32:10","guid":{"rendered":"http:\/\/fa86.noblogs.org\/?p=8053"},"modified":"2013-02-12T09:02:11","modified_gmt":"2013-02-12T08:02:11","slug":"poitiers-arrestation-de-deux-personnes-a-loccasion-de-la-ceremonie-dinvestiture-de-la-prefete","status":"publish","type":"post","link":"https:\/\/fa86.noblogs.org\/?p=8053","title":{"rendered":"[Poitiers] Arrestation de deux personnes \u00e0 l&rsquo;occasion de la c\u00e9r\u00e9monie d&rsquo;investiture de la pr\u00e9f\u00e8te"},"content":{"rendered":"<p style=\"text-align: justify\">Une petite dizaine de personnes, <a href=\"https:\/\/fa86.noblogs.org\/?p=8045\" target=\"_blank\">\u00e0 l&rsquo;appel du comit\u00e9 poitevin contre l&rsquo;a\u00e9roport de Notre-Dame-des-Landes<\/a>, ont souhait\u00e9 ce matin se rendre \u00e0 la c\u00e9r\u00e9monie d&rsquo;investiture de <a href=\"https:\/\/fa86.noblogs.org\/?p=7914\" target=\"_blank\">la nouvelle pr\u00e9f\u00e8te de la Vienne et de la r\u00e9gion<\/a>. Celle-ci, pass\u00e9e par les ponts et chauss\u00e9es, la SNCF et Eiffage,\u00a0arrive en effet fort opportun\u00e9ment pour les chantiers de Vinci dans la Vienne.<\/p>\n<p style=\"text-align: justify\">La c\u00e9r\u00e9monie avait lieu au monument aux morts, boulevard Verdun \u00e0 Poitiers.\u00a0Un grand nombre de policiers emp\u00eachaient tout acc\u00e8s au boulevard, et d&rsquo;autres bouclaient l&rsquo;acc\u00e8s au TAP. Les huit militant-e-s, avant m\u00eame d&rsquo;arriver sur le boulevard,\u00a0ont soudain vu leur banderole contre la LGV et l&rsquo;a\u00e9roport de NDDL arrach\u00e9e par le directeur d\u00e9partemental adjoint de la s\u00e9curit\u00e9\u00a0publique. Puis tou-te-s ont\u00a0\u00e9t\u00e9 contr\u00f4l\u00e9-e-s, au nom de \u00ab\u00a0l&rsquo;ill\u00e9galit\u00e9 de la manifestation\u00a0\u00bb [sic].\u00a0Une d\u00e9put\u00e9e de passage, assistant \u00e0 l&rsquo;intervention des flics, a protest\u00e9 aupr\u00e8s de la pr\u00e9f\u00e8te, semble-t-il sans grand succ\u00e8s.<\/p>\n<p style=\"text-align: justify\">Les deux camarades qui venaient de d\u00e9ployer la banderole ont ensuite \u00e9t\u00e9 carr\u00e9ment embarqu\u00e9s au poste. Les autres militant-e-s se sont dirig\u00e9-e-s vers le commissariat pour prendre des nouvelles, mais ont \u00e9t\u00e9 suivi-e-s par de nombreux policiers rendant compte au talkie-walkie, les filmant comme d&rsquo;habitude au camescope. Les deux camarades ont finalement \u00e9t\u00e9 rel\u00e2ch\u00e9s quelques heures apr\u00e8s. Ils n&rsquo;ont pour l&rsquo;instant pas \u00e9t\u00e9 inculp\u00e9s.<\/p>\n<p style=\"text-align: justify\">Depuis quelque temps, alors qu&rsquo;\u00e0 Poitiers il n&rsquo;y avait jusque l\u00e0 tacitement nul besoin de d\u00e9clarer de manif, tout rassemblement fait aujourd&rsquo;hui l&rsquo;objet d&rsquo;intimidations polici\u00e8res au pr\u00e9texte de non-d\u00e9claration en pr\u00e9fecture. Mais on n&rsquo;avait encore jamais vu de gens emmen\u00e9s au poste pour simple pr\u00e9sence sur la voie publique \u00e0 une dizaine de personnes.\u00a0Le simple fait de se poser des questions sur les rapports entre l&rsquo;Etat et Vinci semble une libert\u00e9 d&rsquo;expression d\u00e9cid\u00e9ment d\u00e9rangeante.\u00a0C&rsquo;est en tout cas\u00a0par la r\u00e9pression qu&rsquo;a d\u00e9but\u00e9, fort symboliquement,\u00a0cette prise de fonction d&rsquo;une repr\u00e9sentante de l&rsquo;Etat.<\/p>\n<p style=\"text-align: justify\">Nous relaierons sur ce blog d&rsquo;\u00e9ventuels communiqu\u00e9s \u00e0 suivre.<\/p>\n<p style=\"text-align: justify\"><em>Pavillon Noir, 11 f\u00e9vrier 2013<\/em><\/p>\n<p style=\"text-align: justify\">***<\/p>\n<p style=\"text-align: justify\"><a href=\"http:\/\/www.lanouvellerepublique.fr\/Vienne\/Services\/Toutes-les-DMAs\/n\/Contenus\/DMAs\/2013\/02\/11\/La-nouvelle-prefete-a-pris-ses-fonctions-1330451\" target=\"_blank\"><strong>La nouvelle pr\u00e9f\u00e8te a pris ses fonctions<\/strong><\/a><\/p>\n<p style=\"text-align: justify\">Elisabeth Borne, nouvelle pr\u00e9f\u00e8te de la r\u00e9gion Poitou-Charentes, a pris officiellement ses fonctions ce matin \u00e0 la pr\u00e9fecture \u00e0 Poitiers. Comme le veut la tradition r\u00e9publicaine, son premier acte de repr\u00e9sentant de l&rsquo;Etat a \u00e9t\u00e9 le d\u00e9p\u00f4t d&rsquo;une gerbe au monument aux morts du boulevard de Verdun en fin de matin\u00e9e, en pr\u00e9sence des autorit\u00e9s civiles et militaires. Une c\u00e9r\u00e9monie plac\u00e9e sous haute surveillance polici\u00e8re puisqu&rsquo;une demi-douzaine de militants du comit\u00e9 local des opposants \u00e0 l&rsquo;a\u00e9roport de Notre-Dame-des-Landes en Loire-Atlantique a tent\u00e9 d&rsquo;interpeller la pr\u00e9f\u00e8te notamment en scandant des slogans contre le projet et son promoteur le groupe Vinci. Ils ont \u00e9t\u00e9 maintenus \u00e0 distance par le service d&rsquo;ordre en bas du boulevard.<\/p>\n<p style=\"text-align: justify\"><a href=\"http:\/\/www.lanouvellerepublique.fr\/Vienne\/Services\/Toutes-les-DMAs\/n\/Contenus\/DMAs\/2013\/02\/11\/Poitiers-deux-arrestations-pendant-la-ceremonie-prefectorale-devant-le-monument-aux-morts-1330407\" target=\"_blank\"><strong>Poitiers: deux arrestations pendant la c\u00e9r\u00e9monie pr\u00e9fectorale devant le monument aux morts<\/strong><\/a><\/p>\n<p style=\"text-align: justify\">Le comit\u00e9 des opposants \u00e0 l&rsquo;a\u00e9roport Notre-Dame-des-Landes avait choisi de manifester, ce matin, lors de la c\u00e9r\u00e9monie officielle de prise de fonction de la pr\u00e9f\u00e8te devant le monument aux morts du boulevard de Verdun. Deux militants ont \u00e9t\u00e9 arr\u00eat\u00e9s aolors qu&rsquo;ils venaient de d\u00e9ployer des banderoles.<\/p>\n<p style=\"text-align: justify\"><em>Nouvelle R\u00e9publique, d\u00e9p\u00eaches du 11 f\u00e9vrier 2012<\/em><\/p>\n<p style=\"text-align: justify\"><em><strong>Mise \u00e0 jour<\/strong> 12\/02\/2013 : bingo, <a href=\"http:\/\/www.lanouvellerepublique.fr\/Vienne\/Actualite\/24-Heures\/n\/Contenus\/Articles\/2013\/02\/12\/La-nouvelle-prefete-est-aux-commandes-1331361\" target=\"_blank\">dans l&rsquo;article de la NR de ce mardi 12 f\u00e9vrier<\/a>, on apprend que la pr\u00e9f\u00e8te a entre autres \u00ab\u00a0priorit\u00e9s\u00a0\u00bb, <strong>\u00ab\u00a0la question de la s\u00e9curit\u00e9\u00a0\u00bb, \u00a0\u00ab\u00a0le chantier de la LGV Tours-Bordeaux\u00a0\u00bb et \u00ab\u00a0le projet de LGV Poitiers-Limoges\u00a0\u00bb&#8230;<\/strong><\/em><\/p>\n","protected":false},"excerpt":{"rendered":"<p>Une petite dizaine de personnes, \u00e0 l&rsquo;appel du comit\u00e9 poitevin contre l&rsquo;a\u00e9roport de Notre-Dame-des-Landes, ont souhait\u00e9 ce matin se rendre \u00e0 la c\u00e9r\u00e9monie d&rsquo;investiture de la nouvelle pr\u00e9f\u00e8te de la Vienne et de la r\u00e9gion. Celle-ci, pass\u00e9e par les ponts et chauss\u00e9es, la SNCF et Eiffage,\u00a0arrive en effet fort opportun\u00e9ment pour les chantiers de Vinci &hellip; <a href=\"https:\/\/fa86.noblogs.org\/?p=8053\" class=\"more-link\">Continuer la lecture de <span class=\"screen-reader-text\">[Poitiers] Arrestation de deux personnes \u00e0 l&rsquo;occasion de la c\u00e9r\u00e9monie d&rsquo;investiture de la pr\u00e9f\u00e8te<\/span> <span class=\"meta-nav\">&rarr;<\/span><\/a><\/p>\n","protected":false},"author":2691,"featured_media":0,"comment_status":"open","ping_status":"open","sticky":false,"template":"","format":"standard","meta":{"footnotes":""},"categories":[26,8,16],"tags":[],"class_list":["post-8053","post","type-post","status-publish","format-standard","hentry","category-construction-du-desert","category-ecrits","category-repression"],"_links":{"self":[{"href":"https:\/\/fa86.noblogs.org\/index.php?rest_route=\/wp\/v2\/posts\/8053","targetHints":{"allow":["GET"]}}],"collection":[{"href":"https:\/\/fa86.noblogs.org\/index.php?rest_route=\/wp\/v2\/posts"}],"about":[{"href":"https:\/\/fa86.noblogs.org\/index.php?rest_route=\/wp\/v2\/types\/post"}],"author":[{"embeddable":true,"href":"https:\/\/fa86.noblogs.org\/index.php?rest_route=\/wp\/v2\/users\/2691"}],"replies":[{"embeddable":true,"href":"https:\/\/fa86.noblogs.org\/index.php?rest_route=%2Fwp%2Fv2%2Fcomments&post=8053"}],"version-history":[{"count":4,"href":"https:\/\/fa86.noblogs.org\/index.php?rest_route=\/wp\/v2\/posts\/8053\/revisions"}],"predecessor-version":[{"id":8055,"href":"https:\/\/fa86.noblogs.org\/index.php?rest_route=\/wp\/v2\/posts\/8053\/revisions\/8055"}],"wp:attachment":[{"href":"https:\/\/fa86.noblogs.org\/index.php?rest_route=%2Fwp%2Fv2%2Fmedia&parent=8053"}],"wp:term":[{"taxonomy":"category","embeddable":true,"href":"https:\/\/fa86.noblogs.org\/index.php?rest_route=%2Fwp%2Fv2%2Fcategories&post=8053"},{"taxonomy":"post_tag","embeddable":true,"href":"https:\/\/fa86.noblogs.org\/index.php?rest_route=%2Fwp%2Fv2%2Ftags&post=8053"}],"curies":[{"name":"wp","href":"https:\/\/api.w.org\/{rel}","templated":true}]}}