{"id":8066,"date":"2013-02-12T21:12:52","date_gmt":"2013-02-12T20:12:52","guid":{"rendered":"http:\/\/fa86.noblogs.org\/?p=8066"},"modified":"2013-02-12T21:12:52","modified_gmt":"2013-02-12T20:12:52","slug":"poitiers-solidarite-avec-la-famille-l-au-tribunal-dinstance-le-15-02-13","status":"publish","type":"post","link":"https:\/\/fa86.noblogs.org\/?p=8066","title":{"rendered":"[Poitiers] Solidarit\u00e9 avec la famille L. au Tribunal d\u2019Instance le 15-02-13"},"content":{"rendered":"<p style=\"text-align: justify\"><a href=\"http:\/\/dal86.fr\/2013\/02\/12\/solidarite-avec-la-famille-l-au-tribunal-dinstance-le-15-02-13\/\" target=\"_blank\"><strong>Solidarit\u00e9 avec la famille L. au Tribunal d\u2019Instance le 15-02-13<\/strong><\/a><\/p>\n<p style=\"text-align: justify\">La famille L. passe en jugement vendredi 15 f\u00e9vrier \u00e0 9h au Tribunal d\u2019Instance 21 rue Saint-Louis, assign\u00e9e en r\u00e9f\u00e9r\u00e9 par le propri\u00e9taire de la maison dans laquelle elle vit actuellement. Initialement pr\u00e9vue le 1er f\u00e9vrier cette audience a \u00e9t\u00e9 report\u00e9e pour cause de demande d\u2019aide juridictionnelle.<\/p>\n<p style=\"text-align: justify\">Il s\u2019agit d\u2019une famille d\u2019origine roumaine, compos\u00e9e de la m\u00e8re de famille, de l\u2019une de ses filles de 13 ans, et d\u2019une autre de 20 ans qui a une petite fille de 9 mois, pr\u00e9sente avec le p\u00e8re de son enfant. Ils vivaient dehors et dormaient tous dans une voiture gar\u00e9e sur les parkings.<\/p>\n<p style=\"text-align: justify\">Avec une autre famille compos\u00e9e d\u2019un couple dont la femme de 18 ans \u00e9tait enceinte de trois mois, ils ont contact\u00e9 le DAL86, samedi 22 d\u00e9cembre au milieu de l\u2019apr\u00e8s-midi. Nous leur avons conseill\u00e9 d\u2019appeler le 115. La personne du standard du 115 a pris leurs noms et leur a dit qu\u2019il n\u2019y avait pas de place. L\u2019un des militants du DAL86 a alors pris le t\u00e9l\u00e9phone et a insist\u00e9 en appuyant sur le fait qu\u2019il y avait un enfant de 9 mois, un autre de 13 ans et une femme enceinte qui \u00e9taient \u00e0 la rue. La personne du standard du 115 a alors r\u00e9pondu qu\u2019elle allait se renseigner et qu\u2019il fallait rappeler dans une heure. Quand les personnes ont rappel\u00e9, le standardiste du 115 leur a dit qu\u2019il y avait des places mais \u00e0 20 km de Poitiers\u2026<\/p>\n<p style=\"text-align: justify\">Le DAL86 a conduit ces deux familles dans les locaux de l\u2019Aide Sociale \u00e0 l\u2019Enfance le 26 d\u00e9cembre. Selon l\u2019ASE, la situation de ces familles, de ces enfants de 9 mois et de 13 ans et de cette jeune femme de 18 ans enceinte, n\u2019\u00e9tait pas \u00ab pr\u00e9occupante \u00bb puisqu\u2019ils couchaient dans une voiture ! Et il ont refus\u00e9 la prise en charge.<\/p>\n<p style=\"text-align: justify\">Le jeudi 27 d\u00e9cembre, ayant \u00e9t\u00e9 forc\u00e9s de se s\u00e9parer de leur voiture, \u00e0 la rue donc en grand danger, ils sont rentr\u00e9s pour se mettre \u00e0 l\u2019abri, par la porte ouverte, d\u2019une maison compos\u00e9e de 4 appartements sans locataires depuis au moins quatre ans.<\/p>\n<p style=\"text-align: justify\"><strong>Le 2 janvier, la famille L. a averti le pr\u00e9fet par fax et lettre recommand\u00e9e avec accus\u00e9 de r\u00e9ception qu\u2019\u00e9tant en \u00e9tat de n\u00e9cessit\u00e9, elle avait d\u00fb entrer dans ce logement et lui demandait de bien vouloir la prendre en charge.<\/strong> Aujourd\u2019hui, elle n\u2019a toujours pas de r\u00e9ponse de la pr\u00e9fecture.<\/p>\n<p style=\"text-align: justify\" align=\"CENTER\"><b>Comment l\u2019Etat fran\u00e7ais peut-il faire fi de toutes ces lois qu\u2019il s\u2019est d\u2019ailleurs prescrit lui-m\u00eame : <i>le droit \u00e0 un h\u00e9bergement d\u00e9cent et p\u00e9renne, l\u2019int\u00e9r\u00eat sup\u00e9rieur de l\u2019enfant, le droit \u00e0 mener une vie d\u00e9cente<\/i>\u2026 ?<\/b><\/p>\n<p style=\"text-align: justify\" align=\"CENTER\"><b>La question qui se posera au tribunal d\u2019instance vendredi sera de savoir si le <i>droit de propri\u00e9t\u00e9<\/i> peut c\u00e9der face \u00e0 des droits concurrents et de valeur sup\u00e9rieure, comme <i>le droit au logement, celui \u00e0 mener une vie familiale normale, ou encore les droits de l\u2019enfant<\/i>\u2026<\/b><\/p>\n<p style=\"text-align: justify\" align=\"CENTER\"><b>Nous vous invitons \u00e0 venir nombreux vendredi 15 f\u00e9vrier 2013 \u00e0 9h au Tribunal d\u2019Instance pour apporter tout votre soutien \u00e0 cette famille Merci et d\u2019en parler massivement autour de vous.<\/b><\/p>\n<p style=\"text-align: justify\" align=\"RIGHT\">DAL86 \u2013 dal86@free.fr \u2013 06 52 93 54 44 \/ 05 49 88 94 56<\/p>\n<p style=\"text-align: justify\" align=\"RIGHT\">Permanences : tous les samedis matin de 11h \u00e0 12h et tous les mardis soirs de 17h \u00e0 18h Maison de la Solidarit\u00e9 22 rue du Pigeon Blanc Poitiers<\/p>\n<p style=\"text-align: justify\" align=\"RIGHT\"><em>Vu sur DAL 86, 12 f\u00e9vrier 2013<\/em><\/p>\n","protected":false},"excerpt":{"rendered":"<p>Solidarit\u00e9 avec la famille L. au Tribunal d\u2019Instance le 15-02-13 La famille L. passe en jugement vendredi 15 f\u00e9vrier \u00e0 9h au Tribunal d\u2019Instance 21 rue Saint-Louis, assign\u00e9e en r\u00e9f\u00e9r\u00e9 par le propri\u00e9taire de la maison dans laquelle elle vit actuellement. Initialement pr\u00e9vue le 1er f\u00e9vrier cette audience a \u00e9t\u00e9 report\u00e9e pour cause de demande &hellip; <a href=\"https:\/\/fa86.noblogs.org\/?p=8066\" class=\"more-link\">Continuer la lecture de <span class=\"screen-reader-text\">[Poitiers] Solidarit\u00e9 avec la famille L. au Tribunal d\u2019Instance le 15-02-13<\/span> <span class=\"meta-nav\">&rarr;<\/span><\/a><\/p>\n","protected":false},"author":2691,"featured_media":0,"comment_status":"open","ping_status":"open","sticky":false,"template":"","format":"standard","meta":{"footnotes":""},"categories":[11,16,4,29],"tags":[],"class_list":["post-8066","post","type-post","status-publish","format-standard","hentry","category-ni-patrie-ni-frontiere","category-repression","category-se-trouver","category-un-toit-pour-tou-te-s"],"_links":{"self":[{"href":"https:\/\/fa86.noblogs.org\/index.php?rest_route=\/wp\/v2\/posts\/8066","targetHints":{"allow":["GET"]}}],"collection":[{"href":"https:\/\/fa86.noblogs.org\/index.php?rest_route=\/wp\/v2\/posts"}],"about":[{"href":"https:\/\/fa86.noblogs.org\/index.php?rest_route=\/wp\/v2\/types\/post"}],"author":[{"embeddable":true,"href":"https:\/\/fa86.noblogs.org\/index.php?rest_route=\/wp\/v2\/users\/2691"}],"replies":[{"embeddable":true,"href":"https:\/\/fa86.noblogs.org\/index.php?rest_route=%2Fwp%2Fv2%2Fcomments&post=8066"}],"version-history":[{"count":2,"href":"https:\/\/fa86.noblogs.org\/index.php?rest_route=\/wp\/v2\/posts\/8066\/revisions"}],"predecessor-version":[{"id":8068,"href":"https:\/\/fa86.noblogs.org\/index.php?rest_route=\/wp\/v2\/posts\/8066\/revisions\/8068"}],"wp:attachment":[{"href":"https:\/\/fa86.noblogs.org\/index.php?rest_route=%2Fwp%2Fv2%2Fmedia&parent=8066"}],"wp:term":[{"taxonomy":"category","embeddable":true,"href":"https:\/\/fa86.noblogs.org\/index.php?rest_route=%2Fwp%2Fv2%2Fcategories&post=8066"},{"taxonomy":"post_tag","embeddable":true,"href":"https:\/\/fa86.noblogs.org\/index.php?rest_route=%2Fwp%2Fv2%2Ftags&post=8066"}],"curies":[{"name":"wp","href":"https:\/\/api.w.org\/{rel}","templated":true}]}}