{"id":8069,"date":"2013-02-13T08:52:53","date_gmt":"2013-02-13T07:52:53","guid":{"rendered":"http:\/\/fa86.noblogs.org\/?p=8069"},"modified":"2013-02-13T09:03:05","modified_gmt":"2013-02-13T08:03:05","slug":"poitiers-communique-du-comite-poitevin-contre-laeroport-de-notre-dame-des-landes","status":"publish","type":"post","link":"https:\/\/fa86.noblogs.org\/?p=8069","title":{"rendered":"[Poitiers] Communiqu\u00e9 du comit\u00e9 poitevin contre l&rsquo;a\u00e9roport de Notre-Dame-des-Landes"},"content":{"rendered":"<p style=\"text-align: justify\"><em><strong>NdPN<\/strong> : ce communiqu\u00e9 du comit\u00e9 poitevin contre l&rsquo;a\u00e9roport de Notre-Dame-des-Landes fait suite \u00e0 la r\u00e9pression relat\u00e9e sur notre blog <a href=\"https:\/\/fa86.noblogs.org\/?p=8053\" target=\"_blank\"><strong>ici<\/strong><\/a>.<\/em><\/p>\n<p style=\"text-align: justify\"><a href=\"https:\/\/fa86.noblogs.org\/files\/2013\/02\/Non-NDDL-11-02-13.jpg\"><img loading=\"lazy\" decoding=\"async\" class=\"alignnone size-full wp-image-8072\" alt=\"Non NDDL 11-02-13\" src=\"https:\/\/fa86.noblogs.org\/files\/2013\/02\/Non-NDDL-11-02-13.jpg\" width=\"680\" height=\"498\" srcset=\"https:\/\/fa86.noblogs.org\/files\/2013\/02\/Non-NDDL-11-02-13.jpg 680w, https:\/\/fa86.noblogs.org\/files\/2013\/02\/Non-NDDL-11-02-13-300x219.jpg 300w\" sizes=\"auto, (max-width: 680px) 100vw, 680px\" \/><\/a><\/p>\n<p style=\"text-align: justify\"><strong>Communiqu\u00e9\u00a0<\/strong><\/p>\n<p style=\"text-align: justify\">Hier, lundi 11 f\u00e9vrier, le Comit\u00e9 poitevin contre l\u2019a\u00e9roport de Notre-Dame-des-Landes avait appel\u00e9 \u00e0 se rendre \u00e0 la c\u00e9r\u00e9monie de prise de fonctions de la nouvelle pr\u00e9f\u00e8te, devant le monument aux morts boulevard de Verdun \u00e0 Poitiers, afin de \u00ab la remercier d\u2019avoir \u00e9t\u00e9 nomm\u00e9e pour s\u2019occuper des grands projets inutiles locaux \u00bb.<\/p>\n<p style=\"text-align: justify\">L\u2019accueil qui nous a \u00e9t\u00e9 fait fut la parfaite d\u00e9monstration des accointances entre les int\u00e9r\u00eats priv\u00e9s et le pouvoir. Un impressionnant d\u00e9ploiement de forces polici\u00e8res avait \u00e9t\u00e9 mis en place, avec des rues barr\u00e9es, et le sous-directeur de la s\u00e9curit\u00e9 nous a arrach\u00e9 la banderole \u00ab Ni LGV ni a\u00e9roport, Vinci d\u00e9gage ! \u00bb, avant m\u00eame que nous ayons eu le temps de la d\u00e9ployer, au pied de l\u2019avenue montant au monument o\u00f9 se pressaient les autorit\u00e9s civiles et militaires pour saluer la pr\u00e9f\u00e8te. Ont suivi les interpellations et mises en garde \u00e0 vue des deux personnes qui tenaient cette banderole, et un contr\u00f4le d\u2019identit\u00e9 pour toutes les autres, au motif que nous participions \u00e0 une \u00ab manifestation non autoris\u00e9e \u00bb.<\/p>\n<p style=\"text-align: justify\">Dans son discours, celle qui a entre autres \u00e9t\u00e9 directrice g\u00e9n\u00e9rale de l&rsquo;urbanisme de la ville de Paris avant d\u2019officier \u00e0 la SNCF, RFF et Eiffage a soulign\u00e9 ses \u00ab priorit\u00e9s \u00bb : la question de la s\u00e9curit\u00e9, bien s\u00fbr, mais aussi le chantier de la LGV Tours-Bordeaux, le projet de LGV Poitiers-Limoges\u2026 illustrant l\u00e0 encore les accointances entre le public et le priv\u00e9.<\/p>\n<p style=\"text-align: justify\">La question qui se pose \u00e9galement est celle de la libert\u00e9 d\u2019expression et de manifestation \u00e0 Poitiers. Il est \u00e9vident que les autorit\u00e9s politiques, polici\u00e8res et pr\u00e9fectorales veulent en finir avec ce qui \u00e9tait monnaie courante \u00e0 Poitiers depuis des d\u00e9cennies : ne pas demander d\u2019autorisation pour manifester. Il est tout aussi \u00e9vident que celles et ceux qui manifestent dans la rue pour telle ou telle cause ne plieront pas.<\/p>\n<p style=\"text-align: justify\">Le Comit\u00e9 poitevin contre l\u2019a\u00e9roport de Notre-Dame-des-Landes d\u00e9nonce la censure op\u00e9r\u00e9e une fois de plus par les autorit\u00e9s concernant la libert\u00e9 d\u2019expression\u2026<\/p>\n<p style=\"text-align: justify\"><em>Mail, 12 f\u00e9vrier 2013<\/em><\/p>\n","protected":false},"excerpt":{"rendered":"<p>NdPN : ce communiqu\u00e9 du comit\u00e9 poitevin contre l&rsquo;a\u00e9roport de Notre-Dame-des-Landes fait suite \u00e0 la r\u00e9pression relat\u00e9e sur notre blog ici. Communiqu\u00e9\u00a0 Hier, lundi 11 f\u00e9vrier, le Comit\u00e9 poitevin contre l\u2019a\u00e9roport de Notre-Dame-des-Landes avait appel\u00e9 \u00e0 se rendre \u00e0 la c\u00e9r\u00e9monie de prise de fonctions de la nouvelle pr\u00e9f\u00e8te, devant le monument aux morts boulevard &hellip; <a href=\"https:\/\/fa86.noblogs.org\/?p=8069\" class=\"more-link\">Continuer la lecture de <span class=\"screen-reader-text\">[Poitiers] Communiqu\u00e9 du comit\u00e9 poitevin contre l&rsquo;a\u00e9roport de Notre-Dame-des-Landes<\/span> <span class=\"meta-nav\">&rarr;<\/span><\/a><\/p>\n","protected":false},"author":2691,"featured_media":0,"comment_status":"open","ping_status":"open","sticky":false,"template":"","format":"standard","meta":{"footnotes":""},"categories":[16],"tags":[],"class_list":["post-8069","post","type-post","status-publish","format-standard","hentry","category-repression"],"_links":{"self":[{"href":"https:\/\/fa86.noblogs.org\/index.php?rest_route=\/wp\/v2\/posts\/8069","targetHints":{"allow":["GET"]}}],"collection":[{"href":"https:\/\/fa86.noblogs.org\/index.php?rest_route=\/wp\/v2\/posts"}],"about":[{"href":"https:\/\/fa86.noblogs.org\/index.php?rest_route=\/wp\/v2\/types\/post"}],"author":[{"embeddable":true,"href":"https:\/\/fa86.noblogs.org\/index.php?rest_route=\/wp\/v2\/users\/2691"}],"replies":[{"embeddable":true,"href":"https:\/\/fa86.noblogs.org\/index.php?rest_route=%2Fwp%2Fv2%2Fcomments&post=8069"}],"version-history":[{"count":4,"href":"https:\/\/fa86.noblogs.org\/index.php?rest_route=\/wp\/v2\/posts\/8069\/revisions"}],"predecessor-version":[{"id":8071,"href":"https:\/\/fa86.noblogs.org\/index.php?rest_route=\/wp\/v2\/posts\/8069\/revisions\/8071"}],"wp:attachment":[{"href":"https:\/\/fa86.noblogs.org\/index.php?rest_route=%2Fwp%2Fv2%2Fmedia&parent=8069"}],"wp:term":[{"taxonomy":"category","embeddable":true,"href":"https:\/\/fa86.noblogs.org\/index.php?rest_route=%2Fwp%2Fv2%2Fcategories&post=8069"},{"taxonomy":"post_tag","embeddable":true,"href":"https:\/\/fa86.noblogs.org\/index.php?rest_route=%2Fwp%2Fv2%2Ftags&post=8069"}],"curies":[{"name":"wp","href":"https:\/\/api.w.org\/{rel}","templated":true}]}}