{"id":8091,"date":"2013-02-14T10:01:34","date_gmt":"2013-02-14T09:01:34","guid":{"rendered":"http:\/\/fa86.noblogs.org\/?p=8091"},"modified":"2013-02-14T10:01:34","modified_gmt":"2013-02-14T09:01:34","slug":"poitiers-egalite-hommes-femmes-oui-mais-seulement-pour-les-entrepreneures","status":"publish","type":"post","link":"https:\/\/fa86.noblogs.org\/?p=8091","title":{"rendered":"[Poitiers] Egalit\u00e9 hommes-femmes oui, mais seulement pour les entrepreneures&#8230;"},"content":{"rendered":"<p style=\"text-align: justify\"><em><strong>NdPN<\/strong> :\u00a0Egalit\u00e9 hommes-femmes oui, mais seulement pour les entrepreneures&#8230; La parit\u00e9 : \u00ab\u00a0positive\u00a0\u00bb ou pas, c&rsquo;est toujours de la discrimination !\u00a0Rien \u00e0 attendre de l&rsquo;Etat ou de la R\u00e9gion, les libert\u00e9s se conqui\u00e8rent, elles ne se demandent pas et ne se n\u00e9gocient pas.<\/em><\/p>\n<p style=\"text-align: justify\"><a href=\"http:\/\/www.lanouvellerepublique.fr\/Vienne\/Services\/Toutes-les-DMAs\/n\/Contenus\/DMAs\/2013\/02\/13\/La-ministre-des-Droits-des-femmes-Najat-Vallaud-Belkacem-le-25-fevrier-a-Poitiers-1333294\" target=\"_blank\"><strong>La ministre des Droits des femmes Najat Vallaud-Belkacem le 25 f\u00e9vrier \u00e0 Poitiers<\/strong><\/a><\/p>\n<p style=\"text-align: justify\">La pr\u00e9sidente du Conseil r\u00e9gional Poitou-Charentes va r\u00e9unir cent femmes entrepreneures de la r\u00e9gion \u00e0 l&rsquo;occasion de la visite de la ministre des Droits des femmes le lundi 25 f\u00e9vrier. S\u00e9gol\u00e8ne Royal approuve la volont\u00e9 de Najat Vallaud-Belkacem, \u00ab<i>de s&rsquo;appuyer sur l&rsquo;exp\u00e9rience de la <\/i><i>R\u00e9gion et de venir voir les r\u00e9alisations int\u00e9ressantes en mati\u00e8re d&rsquo;acc\u00e8s \u00e0 l&rsquo;\u00e9galit\u00e9 et \u00e0 la parit\u00e9 pour mener les actions innovantes de son minist\u00e8re.<\/i>\u00bb La ministre sera en d\u00e9placement \u00e0 la Maison de la R\u00e9gion \u00e0 Poitiers pour une rencontre avec 100 femmes qui ont men\u00e9 une action exemplaire en Poitou-Charentes, suivie d&rsquo;un d\u00e9bat sur l&rsquo;entreprenariat f\u00e9minin \u00e0 partir des exp\u00e9riences men\u00e9es en r\u00e9gion et pouvant servir d&rsquo;exemple nationalement.<\/p>\n<p style=\"text-align: justify\"><em>D\u00e9p\u00eache Nouvelle R\u00e9publique, 13 f\u00e9vrier 2013<\/em><\/p>\n","protected":false},"excerpt":{"rendered":"<p>NdPN :\u00a0Egalit\u00e9 hommes-femmes oui, mais seulement pour les entrepreneures&#8230; La parit\u00e9 : \u00ab\u00a0positive\u00a0\u00bb ou pas, c&rsquo;est toujours de la discrimination !\u00a0Rien \u00e0 attendre de l&rsquo;Etat ou de la R\u00e9gion, les libert\u00e9s se conqui\u00e8rent, elles ne se demandent pas et ne se n\u00e9gocient pas. La ministre des Droits des femmes Najat Vallaud-Belkacem le 25 f\u00e9vrier \u00e0 &hellip; <a href=\"https:\/\/fa86.noblogs.org\/?p=8091\" class=\"more-link\">Continuer la lecture de <span class=\"screen-reader-text\">[Poitiers] Egalit\u00e9 hommes-femmes oui, mais seulement pour les entrepreneures&#8230;<\/span> <span class=\"meta-nav\">&rarr;<\/span><\/a><\/p>\n","protected":false},"author":2691,"featured_media":0,"comment_status":"open","ping_status":"open","sticky":false,"template":"","format":"standard","meta":{"footnotes":""},"categories":[14],"tags":[],"class_list":["post-8091","post","type-post","status-publish","format-standard","hentry","category-questions-de-genres"],"_links":{"self":[{"href":"https:\/\/fa86.noblogs.org\/index.php?rest_route=\/wp\/v2\/posts\/8091","targetHints":{"allow":["GET"]}}],"collection":[{"href":"https:\/\/fa86.noblogs.org\/index.php?rest_route=\/wp\/v2\/posts"}],"about":[{"href":"https:\/\/fa86.noblogs.org\/index.php?rest_route=\/wp\/v2\/types\/post"}],"author":[{"embeddable":true,"href":"https:\/\/fa86.noblogs.org\/index.php?rest_route=\/wp\/v2\/users\/2691"}],"replies":[{"embeddable":true,"href":"https:\/\/fa86.noblogs.org\/index.php?rest_route=%2Fwp%2Fv2%2Fcomments&post=8091"}],"version-history":[{"count":2,"href":"https:\/\/fa86.noblogs.org\/index.php?rest_route=\/wp\/v2\/posts\/8091\/revisions"}],"predecessor-version":[{"id":8093,"href":"https:\/\/fa86.noblogs.org\/index.php?rest_route=\/wp\/v2\/posts\/8091\/revisions\/8093"}],"wp:attachment":[{"href":"https:\/\/fa86.noblogs.org\/index.php?rest_route=%2Fwp%2Fv2%2Fmedia&parent=8091"}],"wp:term":[{"taxonomy":"category","embeddable":true,"href":"https:\/\/fa86.noblogs.org\/index.php?rest_route=%2Fwp%2Fv2%2Fcategories&post=8091"},{"taxonomy":"post_tag","embeddable":true,"href":"https:\/\/fa86.noblogs.org\/index.php?rest_route=%2Fwp%2Fv2%2Ftags&post=8091"}],"curies":[{"name":"wp","href":"https:\/\/api.w.org\/{rel}","templated":true}]}}