{"id":8114,"date":"2013-02-15T15:36:34","date_gmt":"2013-02-15T14:36:34","guid":{"rendered":"http:\/\/fa86.noblogs.org\/?p=8114"},"modified":"2013-02-15T15:41:03","modified_gmt":"2013-02-15T14:41:03","slug":"poitiers-dans-leducation-nationale-lavenir-de-lemploi-cest-la-precarite","status":"publish","type":"post","link":"https:\/\/fa86.noblogs.org\/?p=8114","title":{"rendered":"[Poitiers] Dans l&rsquo;Education Nationale, l&rsquo;avenir de l&#8217;emploi c&rsquo;est la pr\u00e9carit\u00e9"},"content":{"rendered":"<p style=\"text-align: justify\"><em><strong>NdPN<\/strong> : Remplacer des titulaires par des pr\u00e9caires, c&rsquo;est beau le socialisme. Avec comme toujours, la NR pour nous pr\u00e9senter la pr\u00e9carit\u00e9 comme un avenir radieux&#8230; En attendant, qu&rsquo;en pensent les syndiqu\u00e9-e-s, qui il y a quelques ann\u00e9es encore, s&rsquo;opposaient au tutorat d&#8217;emplois pr\u00e9caires ?<\/em><\/p>\n<p style=\"text-align: justify\"><a href=\"http:\/\/www.lanouvellerepublique.fr\/Vienne\/Services\/Toutes-les-DMAs\/n\/Contenus\/DMAs\/2013\/02\/14\/Les-premiers-contrats-Emplois-d-avenir-signes-pour-les-professeurs-de-demain-1335904\"><strong>Les premiers contrats Emplois d&rsquo;avenir sign\u00e9s pour les professeurs de demain<\/strong><\/a><\/p>\n<p style=\"text-align: justify\">Les tout premiers Emplois d&rsquo;avenir professeur viennent d&rsquo;\u00eatre sign\u00e9s, en pr\u00e9sence du recteur Jacques Moret, au sein du coll\u00e8ge Jean-Moulin de Poitiers. Trois \u00e9tudiants (2e et 3e ann\u00e9e de licence) en math\u00e9matiques et langues ont paraph\u00e9 le contrat (renouvelable chaque ann\u00e9e) les liant \u00ab moralement \u00bb \u00e0 l&rsquo;\u00c9ducation nationale pendant 36 mois. Ils vont, 12 heures par semaine en moyenne pendant toute l&rsquo;ann\u00e9e scolaire, se mettre progressivement dans la peau d&rsquo;un enseignant accompagn\u00e9 par un professeur tuteur. Une formation en alternance pour les 80 \u00e9tudiants de l&rsquo;acad\u00e9mie de Poitiers qui vont b\u00e9n\u00e9ficier de ce dispositif d\u00e8s \u00e0 pr\u00e9sent.<\/p>\n<p style=\"text-align: justify\"><em>D\u00e9p\u00eache de la Nouvelle R\u00e9publique, 14 f\u00e9vrier 2013<\/em><\/p>\n<p style=\"text-align: justify\"><a href=\"http:\/\/www.lanouvellerepublique.fr\/Vienne\/Actualite\/Education\/n\/Contenus\/Articles\/2013\/02\/15\/Les-professeurs-de-demain-signent-aujourd-hui-1336936\" target=\"_blank\"><strong>Les professeurs de demain signent aujourd&rsquo;hui<\/strong><\/a><\/p>\n<p id=\"articleChapo\" style=\"text-align: justify\">Les difficult\u00e9s de recruter des enseignants dans certaines disciplines pourraient \u00eatre gomm\u00e9es avec l\u2019arriv\u00e9e des contrats Emploi d\u2019avenir. A suivre.<a href=\"http:\/\/memorix.sdv.fr\/5c\/www.lanouvellerepublique.fr\/actualite\/education_articles\/86\/poitiers\/86194\/317269414\/Position1\/default\/empty.gif\/5575556e55564565526363414339586a\" target=\"_blank\"><img loading=\"lazy\" decoding=\"async\" alt=\"\" src=\"http:\/\/memorix.sdv.fr\/0\/default\/empty.gif\" width=\"1\" height=\"1\" border=\"0\" \/><\/a><\/p>\n<div id=\"text\" style=\"text-align: justify\">\n<p>C&rsquo;est avec, d&rsquo;un c\u00f4t\u00e9 une certaine \u00e9motion, selon les propos du recteur Jacques Moret, et de l&rsquo;autre un tantinet de f\u00e9brilit\u00e9 que les contrats des tout premiers Emplois d&rsquo;avenir professeur viennent d&rsquo;\u00eatre sign\u00e9s au sein du coll\u00e8ge Jean-Moulin de Poitiers. Les \u00e9tudiants (2<sup>e<\/sup> et 3<sup>e<\/sup> ann\u00e9e de licence) en math\u00e9matiques et langues ont paraph\u00e9 le contrat (renouvelable chaque ann\u00e9e) les liant \u00ab moralement \u00bb \u00e0 l&rsquo;\u00c9ducation nationale pendant 36 mois. Ils vont, 12 heures par semaine en moyenne pendant toute l&rsquo;ann\u00e9e scolaire en parall\u00e8le de leurs cours \u00e0 l&rsquo;universit\u00e9, se mettre progressivement dans la peau d&rsquo;un enseignant accompagn\u00e9 par un professeur tuteur.<\/p>\n<p>Une formation en alternance qui sera r\u00e9mun\u00e9r\u00e9e 400\u2009\u20ac, somme \u00e0 laquelle l&rsquo;\u00e9tudiant pourra ajouter ses bourses (revenu moyen au final\u2009: 900\u2009\u20ac). 120 demandes pour 80 contrats ont n\u00e9cessit\u00e9 une s\u00e9lection en fonction de trois grands crit\u00e8res\u2009: un bon niveau universitaire, une attitude disciplin\u00e9e et le d\u00e9sir de vouloir se pr\u00e9senter au concours de l&rsquo;enseignement. R\u00e9ellement motiv\u00e9s, Matthieu De Carvalho et Sa\u00efd Fidel le sont. Le premier (3<sup>e<\/sup> ann\u00e9e de licence en espagnol) a saisi cette <i>\u00ab belle opportunit\u00e9 pour acqu\u00e9rir de l&rsquo;exp\u00e9rience afin d&rsquo;\u00eatre pr\u00eat, le jour venu, face \u00e0 une classe. \u00bb<\/i> Une <i>\u00ab plong\u00e9e dans le milieu professionnel \u00bb<\/i> qui sera aussi un test. <i>\u00ab Comme je vais aborder toutes les facettes du m\u00e9tier en ayant un vrai r\u00f4le aupr\u00e8s des \u00e9l\u00e8ves, \u00e7a va peut-\u00eatre aussi m&rsquo;ouvrir les yeux m\u00eame si l&rsquo;enseignement est vraiment ma voie. \u00bb<\/i><\/p>\n<p><b>\u00ab\u00a0\u2009Une belle opportunit\u00e9 pour acqu\u00e9rir de l&rsquo;exp\u00e9rience\u2009\u00a0\u00bb<\/b><\/p>\n<p>Sa\u00efd Fidel (2<sup>e<\/sup> ann\u00e9e licence de maths), lui, a eu le d\u00e9clic en 3<sup>e<\/sup> dans son \u00eele natale, Mayotte.<i> \u00ab C&rsquo;est un professeur qui arrivait de la m\u00e9tropole qui, gr\u00e2ce \u00e0 sa m\u00e9thode, m&rsquo;a vraiment donn\u00e9 l&rsquo;envie d&rsquo;enseigner. J&rsquo;ai suivi ma premi\u00e8re ann\u00e9e de licence \u00e0 Mayotte avant de venir en France. J&rsquo;\u00e9tais d\u00e9sorient\u00e9 car ici ce n&rsquo;est pas le m\u00eame rythme. Apr\u00e8s toutes ces difficult\u00e9s, je suis tr\u00e8s content d&rsquo;avoir \u00e9t\u00e9 retenu. Je ne cache pas que \u00e7a va aussi m&rsquo;aider financi\u00e8rement. \u00bb<\/i> Sa\u00efd, aussi motiv\u00e9 que les autres \u00e9tudiants, n&rsquo;envisage pas, lui non plus, de plan B. Il sera prof\u2009!<\/p>\n<p><em>M.-L. A., Nouvelle R\u00e9publique, 15 f\u00e9vrier 2013<\/em><\/p>\n<\/div>\n","protected":false},"excerpt":{"rendered":"<p>NdPN : Remplacer des titulaires par des pr\u00e9caires, c&rsquo;est beau le socialisme. Avec comme toujours, la NR pour nous pr\u00e9senter la pr\u00e9carit\u00e9 comme un avenir radieux&#8230; En attendant, qu&rsquo;en pensent les syndiqu\u00e9-e-s, qui il y a quelques ann\u00e9es encore, s&rsquo;opposaient au tutorat d&#8217;emplois pr\u00e9caires ? Les premiers contrats Emplois d&rsquo;avenir sign\u00e9s pour les professeurs de &hellip; <a href=\"https:\/\/fa86.noblogs.org\/?p=8114\" class=\"more-link\">Continuer la lecture de <span class=\"screen-reader-text\">[Poitiers] Dans l&rsquo;Education Nationale, l&rsquo;avenir de l&#8217;emploi c&rsquo;est la pr\u00e9carit\u00e9<\/span> <span class=\"meta-nav\">&rarr;<\/span><\/a><\/p>\n","protected":false},"author":2691,"featured_media":0,"comment_status":"open","ping_status":"open","sticky":false,"template":"","format":"standard","meta":{"footnotes":""},"categories":[26,17],"tags":[],"class_list":["post-8114","post","type-post","status-publish","format-standard","hentry","category-construction-du-desert","category-education-populaire"],"_links":{"self":[{"href":"https:\/\/fa86.noblogs.org\/index.php?rest_route=\/wp\/v2\/posts\/8114","targetHints":{"allow":["GET"]}}],"collection":[{"href":"https:\/\/fa86.noblogs.org\/index.php?rest_route=\/wp\/v2\/posts"}],"about":[{"href":"https:\/\/fa86.noblogs.org\/index.php?rest_route=\/wp\/v2\/types\/post"}],"author":[{"embeddable":true,"href":"https:\/\/fa86.noblogs.org\/index.php?rest_route=\/wp\/v2\/users\/2691"}],"replies":[{"embeddable":true,"href":"https:\/\/fa86.noblogs.org\/index.php?rest_route=%2Fwp%2Fv2%2Fcomments&post=8114"}],"version-history":[{"count":3,"href":"https:\/\/fa86.noblogs.org\/index.php?rest_route=\/wp\/v2\/posts\/8114\/revisions"}],"predecessor-version":[{"id":8116,"href":"https:\/\/fa86.noblogs.org\/index.php?rest_route=\/wp\/v2\/posts\/8114\/revisions\/8116"}],"wp:attachment":[{"href":"https:\/\/fa86.noblogs.org\/index.php?rest_route=%2Fwp%2Fv2%2Fmedia&parent=8114"}],"wp:term":[{"taxonomy":"category","embeddable":true,"href":"https:\/\/fa86.noblogs.org\/index.php?rest_route=%2Fwp%2Fv2%2Fcategories&post=8114"},{"taxonomy":"post_tag","embeddable":true,"href":"https:\/\/fa86.noblogs.org\/index.php?rest_route=%2Fwp%2Fv2%2Ftags&post=8114"}],"curies":[{"name":"wp","href":"https:\/\/api.w.org\/{rel}","templated":true}]}}