{"id":8134,"date":"2013-02-17T08:35:40","date_gmt":"2013-02-17T07:35:40","guid":{"rendered":"http:\/\/fa86.noblogs.org\/?p=8134"},"modified":"2013-02-17T08:55:30","modified_gmt":"2013-02-17T07:55:30","slug":"poitiers-le-theatre-est-a-nous","status":"publish","type":"post","link":"https:\/\/fa86.noblogs.org\/?p=8134","title":{"rendered":"[Poitiers] \u00a0\u00bb Le th\u00e9\u00e2tre est \u00e0 nous \u00a0\u00bb"},"content":{"rendered":"<p style=\"text-align: justify\"><em><strong>NdPN<\/strong> : du monde contre <a href=\"https:\/\/fa86.noblogs.org\/?p=8002\" target=\"_blank\">la privatisation du Th\u00e9\u00e2tre<\/a> \u00e0 Poitiers, et tant mieux. Deux remarques n\u00e9anmoins. D&rsquo;une part, la p\u00e9tition ne sert \u00e0 rien, et les partis\u00a0qui\u00a0proposent ce mode de lutte le savent tr\u00e8s bien. Mais bon, les \u00e9lections approchant, faut bien se donner une petite image, et \u00e7a ne mange pas de pain. D&rsquo;autre part, ce serait chouette de voir autant de monde\u00a0se rassembler\u00a0lorsque des squats sont \u00e9vacu\u00e9s \u00e0 Poitiers, que des gens sont expuls\u00e9s de leur logement et que des salari\u00e9-e-s sont vir\u00e9-e-s de leurs moyens de production.\u00a0Le th\u00e9\u00e2tre est \u00e0 nous ? <strong>Tout <\/strong>est \u00e0 nous, et l&rsquo;indignation n&rsquo;a pas lieu d&rsquo;\u00eatre que lorsqu&rsquo;il s&rsquo;agit de lieux de\u00a0\u00ab\u00a0culture\u00a0\u00bb.<\/em><\/p>\n<p style=\"text-align: justify\"><a href=\"http:\/\/www.lanouvellerepublique.fr\/Vienne\/Loisirs\/Patrimoine-tourisme\/n\/Contenus\/Articles\/2013\/02\/17\/Le-theatre-est-a-nous-1338912\" target=\"_blank\"><strong>\u00a0\u00bb Le th\u00e9\u00e2tre est \u00e0 nous \u00ab\u00a0<\/strong><\/a><\/p>\n<p style=\"text-align: justify\"><img loading=\"lazy\" decoding=\"async\" class=\"alignnone\" alt=\"\" src=\"http:\/\/www.lanouvellerepublique.fr\/var\/nrv2\/storage\/images\/contenus\/articles\/2013\/02\/17\/le-theatre-est-a-nous-1338912\/25095707-1-fre-FR\/Le-theatre-est-a-nous_reference.jpg\" width=\"600\" height=\"426\" \/><\/p>\n<p style=\"text-align: justify\"><em>Les manifestants ont exprim\u00e9 leur opposition \u00e0 la vente de l&rsquo;ancien th\u00e9\u00e2tre, hier apr\u00e8s-midi. &#8211; (Photo Patrick Lavaud)<\/em><\/p>\n<p id=\"articleChapo\" style=\"text-align: justify\">250 \u00e0 300 Poitevins, oppos\u00e9s au projet de vente d\u2019une grande partie de l\u2019ancien th\u00e9\u00e2tre municipal, ont manifest\u00e9 samedi, place Leclerc.<a href=\"http:\/\/memorix.sdv.fr\/5c\/www.lanouvellerepublique.fr\/loisirs\/patrimoine-tourisme_articles\/86\/poitiers\/86194\/529437631\/Position1\/default\/empty.gif\/5575556e5556456768746741416c6e67\" target=\"_blank\"><img loading=\"lazy\" decoding=\"async\" alt=\"\" src=\"http:\/\/memorix.sdv.fr\/0\/default\/empty.gif\" width=\"1\" height=\"1\" border=\"0\" \/><\/a><\/p>\n<div id=\"text\" style=\"text-align: justify\">\n<p><i>D<\/i><i>ans ce lieu, j&rsquo;ai ri, j&rsquo;ai pleur\u00e9 et j&rsquo;ai r\u00eav\u00e9. <\/i>Cette phrase a \u00e9t\u00e9 \u00e9crite sur un papier kraft pos\u00e9 sur les pav\u00e9s blancs, devant l&rsquo;ancien th\u00e9\u00e2tre, place du mar\u00e9chal Leclerc. Entre 250 et 300 Poitevins, avaient r\u00e9pondu, hier en d\u00e9but d&rsquo;apr\u00e8s-midi, \u00e0 l&rsquo;appel \u00e0 la manifestation lanc\u00e9 sur facebook puis relay\u00e9 par la presse. Sous le soleil, au rythme de percussions lanc\u00e9es \u00e0 plein r\u00e9gime, les quinquag\u00e9naires et sexag\u00e9naires (les plus nombreux) mais aussi des jeunes expriment \u00e0 travers leurs \u00e9crits et leurs mots, leur attachement \u00e0 ce lieu de culture promis \u00e0 la vente par le maire\u2009; leur refus de le voir transform\u00e9 dans sa plus grande partie en commerces.<\/p>\n<p><b>Les p\u00e9titions remises au maire lors du prochain conseil municipal<\/b><\/p>\n<p>La Ville co-propri\u00e9taire cr\u00e9erait <i>\u00ab un espace culturel d\u00e9di\u00e9 aux arts plastiques \u00bb<\/i>. Le hall, le foyer, les miroirs de l&rsquo;atelier Pansart seraient conserv\u00e9s. En guise de r\u00e9ponses, \u00ab\u00a0\u2009Pas de priv\u00e9 dans la cit\u00e9\u2009\u00a0\u00bb, \u00ab\u00a0\u2009le th\u00e9\u00e2tre est \u00e0 nous\u2009\u00a0\u00bb, \u00ab\u00a0\u2009pas de culture dans des bo\u00eetes \u00e0 chaussures\u2009\u00a0\u00bb, \u00ab\u00a0\u2009Je veux des marionnettes, pas des chaussettes\u2009\u00a0\u00bb, s&rsquo;\u00e9talent sur les affiches. Des militants mettent en avant leur appartenance politique. Europe \u00e9cologie les verts tout particuli\u00e8rement. <b>Arnaud Clairand<\/b> prendra la parole pour lire un po\u00e8me en alexandrin et brocarder le maire. Les jeunes communistes sont plus discrets. Le NPA et le Parti de gauche se d\u00e9clarent avant tout co-organisateurs de la manifestation. Parmi les anonymes, <b>Tess, 16 ans<\/b>\u2009: <i>\u00ab Je connais l&rsquo;ancien th\u00e9\u00e2tre depuis que je suis toute petite. Il fait partie de Poitiers. Ce n&rsquo;est pas normal de le transformer en commerces. Il aurait \u00e9t\u00e9 pr\u00e9f\u00e9rable d&rsquo;y laisser le Tap cin\u00e9ma. Il n&rsquo;y a quasiment pas de salles de concert. Pourquoi pas ici\u2009? \u00bb<\/i>. Fr\u00e9d\u00e9rique, 45 ans, d\u00e9clare\u2009: <i>\u00ab Les commerces, y&rsquo;en a marre. Ce n&rsquo;est pas le bon choix \u00bb.<\/i> <b>Mich\u00e8le 59 ans, et Monique 62 ans,<\/b> observent qu&rsquo;il devait y avoir une concertation avec les habitants or <i>\u00ab elle n&rsquo;a pas eu lieu \u00bb<\/i>. <i>\u00ab Il faut que \u00e7a reste un lieu culturel. C&rsquo;est un patrimoine. Il y a assez de galeries marchandes \u00e0 Poitiers \u00bb,<\/i> ass\u00e8nent-elles. <i>\u00ab Un lieu de vie et d&rsquo;expression car de plus en plus de gens veulent parler \u00bb,<\/i> souligne <b>France Joubert<\/b>, militant syndical investi dans la cause de l&rsquo;Europe. <b>Jacques Arfeuill\u00e8re <\/b>(Parti de gauche) pense que cette mobilisation <i>\u00ab qui doit \u00e9tonner le maire \u00bb<\/i> peut faire bouger les lignes. Fr\u00e9d\u00e9rique a l&rsquo;espoir qu&rsquo;il tiendra compte de leur avis. Avant que le rassemblement ne se disloque, Maryse Desbourdes (NPA) annonce que les p\u00e9titions * seront remises lors du prochain conseil municipal le lundi 25 mars.<\/p>\n<p>* Sur www.avaaz.org (p\u00e9titions citoyennes), 1.700 signatures avaient \u00e9t\u00e9 recueillies, samedi, \u00e0 17 h 45.<\/p>\n<p><em>Marie-Catherine Bernard, Nouvelle R\u00e9publique, 17 f\u00e9vrier 2013<\/em><\/p>\n<p><a href=\"http:\/\/www.lanouvellerepublique.fr\/Vienne\/Actualite\/Politique\/n\/Contenus\/Articles\/2013\/02\/17\/Theatre-politique-1338973\" target=\"_blank\"><strong>Th\u00e9\u00e2tre politique<\/strong><\/a><\/p>\n<p>C&rsquo;est parti\u2009! La campagne des municipales est bel et bien lanc\u00e9e, dans les rangs de la gauche poitevine. Alain Claeys a clarifi\u00e9 la situation, jeudi, en annon\u00e7ant qu&rsquo;il sera candidat au renouvellement de son mandat de maire. Des jeunes socialistes \u00e0 son adjoint \u00e0 la coh\u00e9sion sociale, Michel Berthier, en passant par le communiste Jean-Jacques Gu\u00e9rin, beaucoup ont aussit\u00f4t salu\u00e9 sa d\u00e9cision. La gauche de la gauche et les \u00e9cologistes sont d\u00e9sormais contraints, pour leur part, \u00e0 acc\u00e9l\u00e9rer le pas. Ils ont d\u00e9j\u00e0 trouv\u00e9 un premier terrain d&rsquo;affrontement, avec la transformation annonc\u00e9e de l&rsquo;ancien th\u00e9\u00e2tre municipal en lieu d&rsquo;exposition, g\u00e9r\u00e9 par la ville, et en espace commercial. Vide depuis le d\u00e9part de la programmation art et essai du Tap cin\u00e9ma, qui lui a pr\u00e9f\u00e9r\u00e9 trois salles plus modernes au CGR Castille, le vieux b\u00e2timent des ann\u00e9es cinquante devient l&#8217;embl\u00e8me de cette pr\u00e9campagne. Quel meilleur endroit que la place d&rsquo;Armes pour ces grandes man\u0153uvres\u2009?<\/p>\n<p><em>Alain Defaye, Nouvelle R\u00e9publique, 17 f\u00e9vrier 2013<\/em><\/p>\n<\/div>\n","protected":false},"excerpt":{"rendered":"<p>NdPN : du monde contre la privatisation du Th\u00e9\u00e2tre \u00e0 Poitiers, et tant mieux. Deux remarques n\u00e9anmoins. D&rsquo;une part, la p\u00e9tition ne sert \u00e0 rien, et les partis\u00a0qui\u00a0proposent ce mode de lutte le savent tr\u00e8s bien. Mais bon, les \u00e9lections approchant, faut bien se donner une petite image, et \u00e7a ne mange pas de pain. &hellip; <a href=\"https:\/\/fa86.noblogs.org\/?p=8134\" class=\"more-link\">Continuer la lecture de <span class=\"screen-reader-text\">[Poitiers] \u00a0\u00bb Le th\u00e9\u00e2tre est \u00e0 nous \u00a0\u00bb<\/span> <span class=\"meta-nav\">&rarr;<\/span><\/a><\/p>\n","protected":false},"author":2691,"featured_media":0,"comment_status":"open","ping_status":"open","sticky":false,"template":"","format":"standard","meta":{"footnotes":""},"categories":[26,19,9,12,7],"tags":[],"class_list":["post-8134","post","type-post","status-publish","format-standard","hentry","category-construction-du-desert","category-dystopie-urbaine","category-la-rue-grogne","category-okupa-y-resiste","category-propagande-marchande"],"_links":{"self":[{"href":"https:\/\/fa86.noblogs.org\/index.php?rest_route=\/wp\/v2\/posts\/8134","targetHints":{"allow":["GET"]}}],"collection":[{"href":"https:\/\/fa86.noblogs.org\/index.php?rest_route=\/wp\/v2\/posts"}],"about":[{"href":"https:\/\/fa86.noblogs.org\/index.php?rest_route=\/wp\/v2\/types\/post"}],"author":[{"embeddable":true,"href":"https:\/\/fa86.noblogs.org\/index.php?rest_route=\/wp\/v2\/users\/2691"}],"replies":[{"embeddable":true,"href":"https:\/\/fa86.noblogs.org\/index.php?rest_route=%2Fwp%2Fv2%2Fcomments&post=8134"}],"version-history":[{"count":4,"href":"https:\/\/fa86.noblogs.org\/index.php?rest_route=\/wp\/v2\/posts\/8134\/revisions"}],"predecessor-version":[{"id":8136,"href":"https:\/\/fa86.noblogs.org\/index.php?rest_route=\/wp\/v2\/posts\/8134\/revisions\/8136"}],"wp:attachment":[{"href":"https:\/\/fa86.noblogs.org\/index.php?rest_route=%2Fwp%2Fv2%2Fmedia&parent=8134"}],"wp:term":[{"taxonomy":"category","embeddable":true,"href":"https:\/\/fa86.noblogs.org\/index.php?rest_route=%2Fwp%2Fv2%2Fcategories&post=8134"},{"taxonomy":"post_tag","embeddable":true,"href":"https:\/\/fa86.noblogs.org\/index.php?rest_route=%2Fwp%2Fv2%2Ftags&post=8134"}],"curies":[{"name":"wp","href":"https:\/\/api.w.org\/{rel}","templated":true}]}}