{"id":8139,"date":"2013-02-18T05:15:47","date_gmt":"2013-02-18T04:15:47","guid":{"rendered":"http:\/\/fa86.noblogs.org\/?p=8139"},"modified":"2013-02-18T05:15:47","modified_gmt":"2013-02-18T04:15:47","slug":"communique-de-la-federation-anarchiste","status":"publish","type":"post","link":"https:\/\/fa86.noblogs.org\/?p=8139","title":{"rendered":"Communiqu\u00e9 de la F\u00e9d\u00e9ration Anarchiste"},"content":{"rendered":"<p style=\"text-align: justify\"><a href=\"http:\/\/www.federation-anarchiste.org\/spip.php?article1125\" target=\"_blank\"><strong>Crise \u00e9conomique : toujours moins pour les salari\u00e9s, toujours plus pour le patronat.<\/strong><\/a><\/p>\n<p style=\"text-align: justify\">Crise \u00e9conomique : toujours moins pour les salari\u00e9s, toujours plus pour le patronat.<\/p>\n<p style=\"text-align: justify\">La politique \u00e9conomique du gouvernement s\u2019inscrit dans une continuit\u00e9 lib\u00e9rale. Tout d\u2019abord, le gouvernement n\u2019a pas de marge de man\u0153uvre du fait du jeu des march\u00e9s, de ses liens avec le patronat et du faux f\u00e9d\u00e9ralisme qu\u2019est l\u2019Union europ\u00e9enne qui place le pays en situation de contrainte, domin\u00e9 par la direction allemande, repr\u00e9sent\u00e9e par la chanceli\u00e8re Merkel.<\/p>\n<p style=\"text-align: justify\">De plus, le gouvernement, dans ce contexte, applique une politique d\u2019aust\u00e9rit\u00e9. Il cherche \u00e0 r\u00e9duire les remboursements de la S\u00e9curit\u00e9 sociale. Son plan de lutte contre la pauvret\u00e9 sonne comme une insulte, une aum\u00f4ne : le RSA est augment\u00e9 de moins de 10 euros par mois et le SMIC a \u00e9t\u00e9 augment\u00e9 de 3 \u00e0 4 euros par mois ! Mais, Il accorde 20 milliards d\u2019euros au patronat et baisse ses charges sociales sur trois ans.<\/p>\n<p style=\"text-align: justify\">Ce gouvernement annonce une nouvelle r\u00e9forme de la retraite qui r\u00e9duira encore le pouvoir d\u2019achat des retrait\u00e9s ou prolongera de quelques ann\u00e9es l\u2019obligation de travailler pour obtenir une retraite, parfois ind\u00e9cente. Hollande nous avait promis des sauvetages en nombre des entreprises en faillite. Que de promesses non tenues&#8230;<\/p>\n<p style=\"text-align: justify\">Que dire de la remise en cause du code du travail visant \u00e0 favoriser une flexibilit\u00e9 qui rendra tout salaire al\u00e9atoire, qui instaure les baisses de revenus, rend obligatoire la mobilit\u00e9, facilite les licenciements en cas de restructuration ? Dr\u00f4le de gauche ! Mais rien de surprenant pour nous, anarchistes, qui n\u2019avons aucune illusion sur la social-d\u00e9mocratie incarn\u00e9e par le gouvernement Ayrault, ni sur l\u2019\u00c9tat, bras droit du patronat.<\/p>\n<p style=\"text-align: justify\">Cette politique b\u00e9n\u00e9ficie de la complicit\u00e9 des directions syndicales \u2013 et surtout de la CFDT qui, depuis des ann\u00e9es, ent\u00e9rine les lois rognant les acquis des salari\u00e9s.<\/p>\n<p style=\"text-align: justify\">L\u2019accord sur la \u00ab flexis\u00e9curit\u00e9 \u00bb, c\u2019est la g\u00e9n\u00e9ralisation d\u2019une compl\u00e9mentaire sant\u00e9 mis\u00e9rable, une limitation bien faible du temps partiel. \u00c0 cela s\u2019ajoutent des droits \u201crechargeables\u201d \u00e0 l\u2019assurance-ch\u00f4mage, le patronat conc\u00e9dant une d\u00e9risoire augmentation des cotisations correspondantes. Nous soulignons que cette petite concession patronale n\u2019est rien si l\u2019on consid\u00e8re la masse financi\u00e8re des d\u00e9fiscalisations accumul\u00e9es, ces derni\u00e8res d\u00e9cennies. Ces droits rechargeables seront surtout l\u2019occasion de permettre aux patrons de payer encore moins les salari\u00e9s \u00e0 l\u2019embauche, sous pr\u00e9texte qu\u2019ils continueront de percevoir des allocations.<\/p>\n<p style=\"text-align: justify\">L\u2019\u00c9tat envisage un projet de loi bas\u00e9 sur cet accord sc\u00e9l\u00e9rat \u00e9labor\u00e9 par la CFDT et le patronat sur la \u00ab flexis\u00e9curit\u00e9 \u00bb et valid\u00e9 aussi gr\u00e2ce \u00e0 la CFE-CGC et la CFTC.Allons-nous rester les bras crois\u00e9s ?<\/p>\n<p style=\"text-align: justify\">De son c\u00f4t\u00e9, la F\u00e9d\u00e9ration anarchiste soutiendra ceux qui se battent contre ce sabotage des droits acquis par les salari\u00e9s, au prix d\u2019\u00e2pres luttes, et qui annonce un salariat \u00e0 la botte du patronat et une aggravation g\u00e9n\u00e9ralis\u00e9e des conditions de vie du plus grand nombre.<\/p>\n<p style=\"text-align: justify\">De ce point de vue, sans se faire d\u2019illusion sur les int\u00e9r\u00eats et man\u0153uvres d\u2019appareil, la F\u00e9d\u00e9ration anarchiste est attentive au rapprochement entre la CGT et FO (non signataires), auxquelles pourraient se joindre la FSU, Solidaires et la CNT. En effet, une telle \u00e9volution permettrait d\u2019ouvrir une perspective pour les salari\u00e9s et les ch\u00f4meurs, \u00e0 la base, afin d\u2019imposer une v\u00e9ritable r\u00e9sistance sociale sans laquelle tout espoir de changement r\u00e9el est vain.<\/p>\n<p style=\"text-align: justify\">Alors que le gouvernement se vante de vouloir r\u00e9duire les d\u00e9penses publiques, pourquoi ne commence-t-il pas par attribuer les allocations familiales en fonctions des revenus ? Ce gouvernement, dit de gauche, pr\u00e9f\u00e8re, au nom de la comp\u00e9titivit\u00e9, s\u2019en prendre \u00e0 ceux qui sont d\u00e9j\u00e0 exploit\u00e9s.<\/p>\n<p style=\"text-align: justify\">La F\u00e9d\u00e9ration anarchiste appelle \u00e0 la lutte contre ce gouvernement et sa politique \u00e9conomique, qui n\u2019a de socialiste que le nom.<\/p>\n<p style=\"text-align: justify\">Non \u00e0 la collusion entre des syndicats et le MEDEF. Non \u00e0 une politique d\u2019aust\u00e9rit\u00e9 qui plonge dans la mis\u00e8re ceux qui sont, d\u00e9j\u00e0, en grande difficult\u00e9.<\/p>\n<p><em>Secr\u00e9taire aux Relations ext\u00e9rieures de la F\u00e9d\u00e9ration anarchiste, dimanche 17 f\u00e9vrier 2013<\/em><\/p>\n","protected":false},"excerpt":{"rendered":"<p>Crise \u00e9conomique : toujours moins pour les salari\u00e9s, toujours plus pour le patronat. Crise \u00e9conomique : toujours moins pour les salari\u00e9s, toujours plus pour le patronat. La politique \u00e9conomique du gouvernement s\u2019inscrit dans une continuit\u00e9 lib\u00e9rale. Tout d\u2019abord, le gouvernement n\u2019a pas de marge de man\u0153uvre du fait du jeu des march\u00e9s, de ses liens &hellip; <a href=\"https:\/\/fa86.noblogs.org\/?p=8139\" class=\"more-link\">Continuer la lecture de <span class=\"screen-reader-text\">Communiqu\u00e9 de la F\u00e9d\u00e9ration Anarchiste<\/span> <span class=\"meta-nav\">&rarr;<\/span><\/a><\/p>\n","protected":false},"author":2691,"featured_media":0,"comment_status":"open","ping_status":"open","sticky":false,"template":"","format":"standard","meta":{"footnotes":""},"categories":[9,12],"tags":[],"class_list":["post-8139","post","type-post","status-publish","format-standard","hentry","category-la-rue-grogne","category-okupa-y-resiste"],"_links":{"self":[{"href":"https:\/\/fa86.noblogs.org\/index.php?rest_route=\/wp\/v2\/posts\/8139","targetHints":{"allow":["GET"]}}],"collection":[{"href":"https:\/\/fa86.noblogs.org\/index.php?rest_route=\/wp\/v2\/posts"}],"about":[{"href":"https:\/\/fa86.noblogs.org\/index.php?rest_route=\/wp\/v2\/types\/post"}],"author":[{"embeddable":true,"href":"https:\/\/fa86.noblogs.org\/index.php?rest_route=\/wp\/v2\/users\/2691"}],"replies":[{"embeddable":true,"href":"https:\/\/fa86.noblogs.org\/index.php?rest_route=%2Fwp%2Fv2%2Fcomments&post=8139"}],"version-history":[{"count":1,"href":"https:\/\/fa86.noblogs.org\/index.php?rest_route=\/wp\/v2\/posts\/8139\/revisions"}],"predecessor-version":[{"id":8140,"href":"https:\/\/fa86.noblogs.org\/index.php?rest_route=\/wp\/v2\/posts\/8139\/revisions\/8140"}],"wp:attachment":[{"href":"https:\/\/fa86.noblogs.org\/index.php?rest_route=%2Fwp%2Fv2%2Fmedia&parent=8139"}],"wp:term":[{"taxonomy":"category","embeddable":true,"href":"https:\/\/fa86.noblogs.org\/index.php?rest_route=%2Fwp%2Fv2%2Fcategories&post=8139"},{"taxonomy":"post_tag","embeddable":true,"href":"https:\/\/fa86.noblogs.org\/index.php?rest_route=%2Fwp%2Fv2%2Ftags&post=8139"}],"curies":[{"name":"wp","href":"https:\/\/api.w.org\/{rel}","templated":true}]}}