{"id":8141,"date":"2013-02-18T05:26:21","date_gmt":"2013-02-18T04:26:21","guid":{"rendered":"http:\/\/fa86.noblogs.org\/?p=8141"},"modified":"2013-02-18T05:26:21","modified_gmt":"2013-02-18T04:26:21","slug":"reflexes-lextreme-droite-mieux-la-connaitre-pour-mieux-la-combattre-version-2013","status":"publish","type":"post","link":"https:\/\/fa86.noblogs.org\/?p=8141","title":{"rendered":"REFLEXes : L\u2019extr\u00eame droite, mieux la connaitre pour mieux la combattre (version 2013)"},"content":{"rendered":"<p style=\"text-align: justify\"><a href=\"http:\/\/reflexes.samizdat.net\/spip.php?article491\" target=\"_blank\"><strong>L\u2019extr\u00eame droite, mieux la connaitre pour mieux la combattre (version 2013)<\/strong><\/a><\/p>\n<p style=\"text-align: justify\">\u00c0 quoi ressemble l\u2019extr\u00eame droite aujourd\u2019hui ? Quelle est la place du Front national ? Combien de groupes y a-t-il \u00e0 sa marge, et que repr\u00e9sentent-ils vraiment ? Pas si facile aujourd\u2019hui de r\u00e9pondre. Face \u00e0 une extr\u00eame droite en perp\u00e9tuelle \u00e9volution, cherchant de plus en plus souvent \u00e0 brouiller les cartes pour mieux se refaire une virginit\u00e9 et appara\u00eetre plus forte qu\u2019elle ne l\u2019est, il vaut mieux conna\u00eetre les histoires, les alliances et les positionnements de ces diff\u00e9rents mouvements pour mieux anticiper leurs actions et leurs politiques. Le sch\u00e9ma ci-dessus permet d\u2019y voir plus clair.<\/p>\n<p style=\"text-align: justify\"><a href=\"http:\/\/reflexes.samizdat.net\/IMG\/pdf\/schema-extreme-droite-2013-petit.pdf\">http:\/\/reflexes.samizdat.net\/IMG\/pdf\/schema-extreme-droite-2013-petit.pdf<\/a><\/p>\n<p style=\"text-align: justify\">En ce d\u00e9but d\u2019ann\u00e9e 2013 l\u2019extr\u00eame droite fran\u00e7aise reste toujours extr\u00eamement morcel\u00e9e. Cela peut s\u2019expliquer par des divergences id\u00e9ologiques (bien que les alliances contre-nature continuent d\u2019exister), mais \u00e9galement des querelles de personnes. Les rapports de force entre ces diff\u00e9rents groupuscules se modifient r\u00e9guli\u00e8rement et peuvent \u00eatre tr\u00e8s rapides. Apr\u00e8s avoir longtemps domin\u00e9 par son activisme l\u2019extr\u00eame droite radicale (comprendre tout ce qui se trouvait en dehors du FN), les Identitaires, faute d\u2019avoir su faire \u00e9voluer leur strat\u00e9gie et leur fonctionnement groupusculaire en mouvement structur\u00e9 et adulte, ont petit \u00e0 petit perdu du terrain face \u00e0 de nouveaux groupes. On peut penser en particulier \u00e0 Troisi\u00e8me Voie et aux Jeunesses Nationalistes (la branche \u00ab jeune \u00bb de l\u2019\u0152uvre Fran\u00e7aise), qui en misant \u00e9galement sur l\u2019activisme et la rue pour se faire conna\u00eetre, ont de leur c\u00f4t\u00e9 opt\u00e9 pour un nationalisme plus traditionnel.<\/p>\n<p style=\"text-align: justify\">S\u2019il y a encore un an Troisi\u00e8me Voie et Serge Ayoub semblaient les mieux arm\u00e9s pour concurrencer et d\u00e9passer les Identitaires sur le terrain de l\u2019activisme et du nombre de militants, ils ont depuis \u00e9t\u00e9 d\u00e9pass\u00e9 par les Jeunesses Nationalistes d\u2019Alexandre Gabriac. Profitant des diff\u00e9rentes crises qu\u2019ont connu TV et les Identitaires pour r\u00e9cup\u00e9rer ici et l\u00e0 des militants \u00e9gar\u00e9s, voire des sections enti\u00e8res, les JN ont \u00e9galement mis la main sur le GUD Lyon et Paris, devenant ainsi en moins d\u2019un an une structure implant\u00e9e dans les principales villes de France.<\/p>\n<p style=\"text-align: justify\">\u00c0 travers cet organigramme, qui ne peut qu\u2019\u00eatre \u00e9ph\u00e9m\u00e8re, nous avons tent\u00e9 de dresser le bilan de cette extr\u00eame droite, en terme d\u2019alliance et de positionnement, afin de permettre \u00e0 chacun(e) de s\u2019y retrouver. Les pr\u00e9sidentielles de 2012 ont quelque peu perturb\u00e9 ce milieu, le principal perdant de l\u2019histoire \u00e9tant les Identitaires, qui apr\u00e8s avoir renonc\u00e9 \u00e0 pr\u00e9senter un candidat, n\u2019ont pas su adopter au niveau national et faire accepter une ligne de conduite claire vis-\u00e0-vis du Front National. Les Identitaires ressortent de cette p\u00e9riode avec une scission, un Philippe Vardon qui joue de plus en plus la carte de son avenir personnel et un Fabrice Robert qui tentent de maintenir \u00e0 flot un navire qui prend de plus en plus l\u2019eau.<\/p>\n<p style=\"text-align: justify\">Du c\u00f4t\u00e9 de l\u2019extr\u00eame droite institutionnelle, nous avons associ\u00e9 au FN la mouvance souverainiste qui revient sur le devant de la sc\u00e8ne comme force d\u2019appoint du parti de Marine Le Pen, ainsi que les diff\u00e9rentes tendances \u00ab radicales \u00bb de l\u2019UMP (la Droite populaire ayant ouvert la voie). Reste \u00e0 voir quelle sera l\u2019attitude sur le moyen et long terme de ces diff\u00e9rentes tendances \u00e0 l\u2019\u00e9gard du Front national : mais dans le discours, tous les verrous ont d\u00e9j\u00e0 saut\u00e9. Par ailleurs, le cinquantenaire de l\u2019ind\u00e9pendance de l\u2019Alg\u00e9rie nous donne l\u2019occasion d\u2019int\u00e9grer au sch\u00e9ma un r\u00e9seau peu connu et pourtant un des plus anciens et mieux organis\u00e9s de l\u2019extr\u00eame droite, celui des nostalgiques de l\u2019Alg\u00e9rie fran\u00e7aise.<\/p>\n<p style=\"text-align: justify\"><em>15 f\u00e9vrier 2013<\/em><\/p>\n<p style=\"text-align: justify\">REFLEXes <a href=\"http:\/\/reflexes.samizdat.net\">http:\/\/reflexes.samizdat.net<\/a><\/p>\n<p style=\"text-align: justify\">contact\u00a0: <a href=\"mailto:reflexes@samizdat.net\">reflexes(a)samizdat.net<\/a><\/p>\n","protected":false},"excerpt":{"rendered":"<p>L\u2019extr\u00eame droite, mieux la connaitre pour mieux la combattre (version 2013) \u00c0 quoi ressemble l\u2019extr\u00eame droite aujourd\u2019hui ? Quelle est la place du Front national ? Combien de groupes y a-t-il \u00e0 sa marge, et que repr\u00e9sentent-ils vraiment ? Pas si facile aujourd\u2019hui de r\u00e9pondre. Face \u00e0 une extr\u00eame droite en perp\u00e9tuelle \u00e9volution, cherchant de &hellip; <a href=\"https:\/\/fa86.noblogs.org\/?p=8141\" class=\"more-link\">Continuer la lecture de <span class=\"screen-reader-text\">REFLEXes : L\u2019extr\u00eame droite, mieux la connaitre pour mieux la combattre (version 2013)<\/span> <span class=\"meta-nav\">&rarr;<\/span><\/a><\/p>\n","protected":false},"author":2691,"featured_media":0,"comment_status":"open","ping_status":"open","sticky":false,"template":"","format":"standard","meta":{"footnotes":""},"categories":[6],"tags":[],"class_list":["post-8141","post","type-post","status-publish","format-standard","hentry","category-paf-le-faf"],"_links":{"self":[{"href":"https:\/\/fa86.noblogs.org\/index.php?rest_route=\/wp\/v2\/posts\/8141","targetHints":{"allow":["GET"]}}],"collection":[{"href":"https:\/\/fa86.noblogs.org\/index.php?rest_route=\/wp\/v2\/posts"}],"about":[{"href":"https:\/\/fa86.noblogs.org\/index.php?rest_route=\/wp\/v2\/types\/post"}],"author":[{"embeddable":true,"href":"https:\/\/fa86.noblogs.org\/index.php?rest_route=\/wp\/v2\/users\/2691"}],"replies":[{"embeddable":true,"href":"https:\/\/fa86.noblogs.org\/index.php?rest_route=%2Fwp%2Fv2%2Fcomments&post=8141"}],"version-history":[{"count":2,"href":"https:\/\/fa86.noblogs.org\/index.php?rest_route=\/wp\/v2\/posts\/8141\/revisions"}],"predecessor-version":[{"id":8143,"href":"https:\/\/fa86.noblogs.org\/index.php?rest_route=\/wp\/v2\/posts\/8141\/revisions\/8143"}],"wp:attachment":[{"href":"https:\/\/fa86.noblogs.org\/index.php?rest_route=%2Fwp%2Fv2%2Fmedia&parent=8141"}],"wp:term":[{"taxonomy":"category","embeddable":true,"href":"https:\/\/fa86.noblogs.org\/index.php?rest_route=%2Fwp%2Fv2%2Fcategories&post=8141"},{"taxonomy":"post_tag","embeddable":true,"href":"https:\/\/fa86.noblogs.org\/index.php?rest_route=%2Fwp%2Fv2%2Ftags&post=8141"}],"curies":[{"name":"wp","href":"https:\/\/api.w.org\/{rel}","templated":true}]}}