{"id":8153,"date":"2013-02-20T07:42:16","date_gmt":"2013-02-20T06:42:16","guid":{"rendered":"http:\/\/fa86.noblogs.org\/?p=8153"},"modified":"2013-02-20T07:42:16","modified_gmt":"2013-02-20T06:42:16","slug":"86-les-retraite-e-s-ne-battent-pas-en-retraite","status":"publish","type":"post","link":"https:\/\/fa86.noblogs.org\/?p=8153","title":{"rendered":"[86] Les retrait\u00e9-e-s ne battent pas en retraite"},"content":{"rendered":"<p style=\"text-align: justify\"><a href=\"http:\/\/www.lanouvellerepublique.fr\/Vienne\/Actualite\/Economie-social\/n\/Contenus\/Articles\/2013\/02\/20\/Les-retraites-ont-ils-le-droit-de-vivre-1342526\" target=\"_blank\"><strong>\u00a0\u00bb Les retrait\u00e9s ont-ils le droit de vivre ? \u00ab\u00a0<\/strong><\/a><\/p>\n<p style=\"text-align: justify\">Les motifs de grogne sont nombreux pour les repr\u00e9sentants de l\u2019Union syndicale des retrait\u00e9s de la Vienne qui l\u2019exprimeront haut et fort le 5 mars.<\/p>\n<p style=\"text-align: justify\">Parce qu&rsquo;ils expriment tout haut le ras-le-bol ressenti par celles. et ceux qui le vivent au quotidien, les repr\u00e9sentants de l&rsquo;Union syndicale des retrait\u00e9s de la CGT de la Vienne ont d\u00e9cid\u00e9 de prendre part \u00e0 la journ\u00e9e d&rsquo;action du 5 mars prochain aux c\u00f4t\u00e9s des actifs. Et les motifs de grogne sont nombreux. Marc Laprie, secr\u00e9taire g\u00e9n\u00e9rale \u00e0 l&rsquo;Union, Jacques Morisset, secr\u00e9taire-adjoint de l&rsquo;Union et Catherine Giraud, membre du secr\u00e9tariat de l&rsquo;Union dressent un \u00e9tat des lieux qui interpelle.<\/p>\n<p style=\"text-align: justify\"><b>Seuil de pauvret\u00e9<\/b><\/p>\n<p style=\"text-align: justify\">Pour les trois syndicalistes, les retrait\u00e9s sont malmen\u00e9s en France. <i>\u00ab Comment peut-on vivre avec une retraite de 840 euros en moyenne\u2009? L&rsquo;\u00e9quivalent du seuil de pauvret\u00e9. D&rsquo;autant plus que le loyer mensuel pour une maison de retraite ou un Ehpad se situe entre 1.600 et 2.200\u2009\u20ac. Des sommes qui impactent forc\u00e9ment sur les familles et notamment les enfants qui, dans la plupart des cas, ont eux aussi des difficult\u00e9s \u00e0 vivre d\u00e9cemment. \u00bb<\/i> S&rsquo;appuyant sur les projections \u00ab catastrophiques \u00bb du Conseil d&rsquo;orientation des retraites, Marc Laprie a d\u00e9nonc\u00e9\u2009: la tr\u00e8s faible revalorisation des pensions, les propositions r\u00e9gressives avanc\u00e9es par le Medef par rapport aux ouvertures de droits (notamment le recul de l&rsquo;\u00e2ge), la cr\u00e9ation d&rsquo;une taxe additionnelle de 0,3\u2009% \u00e0 partir du 1<sup>er<\/sup> avril sur les retrait\u00e9s imposables, la baisse annonc\u00e9e pour les ch\u00f4meurs seniors dispens\u00e9s de recherche d&#8217;emploi de la valeur de la part AGFF (Association qui assure entre autres le surco\u00fbt des d\u00e9parts avant l&rsquo;\u00e2ge du taux plein dans les r\u00e9gimes compl\u00e9mentaires ARRCO et AGIRC) \u2026 A cette liste non exhaustive s&rsquo;ajoutent les hausses successives de l&rsquo;\u00e9nergie, des transports, de l&rsquo;audiovisuel, la perte d&rsquo;une demi-part pour l&rsquo;imposition des veufs, veuves ou retrait\u00e9s s\u00e9par\u00e9s, la remise en cause de l&rsquo;abattement des 10\u2009%, une revalorisation des pensions de 0,8\u2009% (alors que l&rsquo;inflation est \u00e0 1,8\u2009%)\u2026<\/p>\n<p style=\"text-align: justify\"><b>Questionnaire<\/b><\/p>\n<p style=\"text-align: justify\"><i>\u00ab Avons-nous le droit de vivre\u2009? \u00bb<\/i>, devait r\u00e9sumer Marc Laprie. Et c&rsquo;est pour prendre le pouls d&rsquo;une partie de la population, souvent isol\u00e9e et qui souffre de cette situation, que l&rsquo;Union syndicale lance une vaste campagne de sensibilisation aupr\u00e8s des retrait\u00e9s en distribuant un questionnaire sur tous les march\u00e9s du d\u00e9partement. Un moyen suppl\u00e9mentaire de conna\u00eetre les difficult\u00e9s et les attentes de cette frange de la population. Les syndicalistes esp\u00e8rent de nombreux retours pour pouvoir par la suite interpeller les d\u00e9put\u00e9s sur ce sujet. A suivre\u2026<\/p>\n<p style=\"text-align: justify\"><em>M-L A, Nouvelle R\u00e9publique, 20 f\u00e9vrier 2013<\/em><\/p>\n","protected":false},"excerpt":{"rendered":"<p>\u00a0\u00bb Les retrait\u00e9s ont-ils le droit de vivre ? \u00ab\u00a0 Les motifs de grogne sont nombreux pour les repr\u00e9sentants de l\u2019Union syndicale des retrait\u00e9s de la Vienne qui l\u2019exprimeront haut et fort le 5 mars. Parce qu&rsquo;ils expriment tout haut le ras-le-bol ressenti par celles. et ceux qui le vivent au quotidien, les repr\u00e9sentants de &hellip; <a href=\"https:\/\/fa86.noblogs.org\/?p=8153\" class=\"more-link\">Continuer la lecture de <span class=\"screen-reader-text\">[86] Les retrait\u00e9-e-s ne battent pas en retraite<\/span> <span class=\"meta-nav\">&rarr;<\/span><\/a><\/p>\n","protected":false},"author":2691,"featured_media":0,"comment_status":"open","ping_status":"open","sticky":false,"template":"","format":"standard","meta":{"footnotes":""},"categories":[9],"tags":[],"class_list":["post-8153","post","type-post","status-publish","format-standard","hentry","category-la-rue-grogne"],"_links":{"self":[{"href":"https:\/\/fa86.noblogs.org\/index.php?rest_route=\/wp\/v2\/posts\/8153","targetHints":{"allow":["GET"]}}],"collection":[{"href":"https:\/\/fa86.noblogs.org\/index.php?rest_route=\/wp\/v2\/posts"}],"about":[{"href":"https:\/\/fa86.noblogs.org\/index.php?rest_route=\/wp\/v2\/types\/post"}],"author":[{"embeddable":true,"href":"https:\/\/fa86.noblogs.org\/index.php?rest_route=\/wp\/v2\/users\/2691"}],"replies":[{"embeddable":true,"href":"https:\/\/fa86.noblogs.org\/index.php?rest_route=%2Fwp%2Fv2%2Fcomments&post=8153"}],"version-history":[{"count":2,"href":"https:\/\/fa86.noblogs.org\/index.php?rest_route=\/wp\/v2\/posts\/8153\/revisions"}],"predecessor-version":[{"id":8155,"href":"https:\/\/fa86.noblogs.org\/index.php?rest_route=\/wp\/v2\/posts\/8153\/revisions\/8155"}],"wp:attachment":[{"href":"https:\/\/fa86.noblogs.org\/index.php?rest_route=%2Fwp%2Fv2%2Fmedia&parent=8153"}],"wp:term":[{"taxonomy":"category","embeddable":true,"href":"https:\/\/fa86.noblogs.org\/index.php?rest_route=%2Fwp%2Fv2%2Fcategories&post=8153"},{"taxonomy":"post_tag","embeddable":true,"href":"https:\/\/fa86.noblogs.org\/index.php?rest_route=%2Fwp%2Fv2%2Ftags&post=8153"}],"curies":[{"name":"wp","href":"https:\/\/api.w.org\/{rel}","templated":true}]}}