{"id":8165,"date":"2013-02-21T23:13:15","date_gmt":"2013-02-21T22:13:15","guid":{"rendered":"http:\/\/fa86.noblogs.org\/?p=8165"},"modified":"2013-02-21T23:14:02","modified_gmt":"2013-02-21T22:14:02","slug":"moi-president-de-la-republique-la-tirade-dhollandreou","status":"publish","type":"post","link":"https:\/\/fa86.noblogs.org\/?p=8165","title":{"rendered":"\u00ab Moi pr\u00e9sident de la R\u00e9publique \u00bb : la tirade d\u2019Hollandr\u00e9ou"},"content":{"rendered":"<p style=\"text-align: justify\"><a href=\"http:\/\/ellynn.fr\/dessousdebruxelles\/spip.php?article193\" target=\"_blank\"><strong>\u00ab Moi pr\u00e9sident de la R\u00e9publique \u00bb : la tirade d\u2019Hollandr\u00e9ou<\/strong><\/a><\/p>\n<p style=\"text-align: justify\">C\u2019\u00e9tait en mai 2012. Le candidat \u00e0 la pr\u00e9sidence de la R\u00e9publique F. Hollandr\u00e9ou se lan\u00e7ait, lors d\u2019un d\u00e9bat t\u00e9l\u00e9vis\u00e9, dans une longue tirade en forme d\u2019anaphore qui restera grav\u00e9e dans les m\u00e9moires. S\u2019ensuivit une brutale chute de popularit\u00e9 qui couta la victoire au candidat socialiste &#8211; une victoire jusqu\u2019alors pourtant quasiment acquise. Nous avons retranscrit ici la tirade du candidat malheureux :<\/p>\n<div style=\"text-align: justify\">\n<p><img loading=\"lazy\" decoding=\"async\" alt=\"-\" src=\"local\/cache-vignettes\/L8xH11\/puce-cebf5.gif\" width=\"8\" height=\"11\" \/> Moi Pr\u00e9sident de la R\u00e9publique, je signerai des deux mains le trait\u00e9 budg\u00e9taire europ\u00e9en, qui justifiera a posteriori le renoncement \u00e0 toute politique de \u00ab changement \u00bb.<\/p>\n<p><img loading=\"lazy\" decoding=\"async\" alt=\"-\" src=\"local\/cache-vignettes\/L8xH11\/puce-cebf5.gif\" width=\"8\" height=\"11\" \/> Moi Pr\u00e9sident de la R\u00e9publique, je couperai dans les d\u00e9penses et services publics au nom de la rigueur budg\u00e9taire et j\u2019exon\u00e9rerai encore davantage les grandes entreprises de cotisations sociales au nom de la comp\u00e9titivit\u00e9.<\/p>\n<p><img loading=\"lazy\" decoding=\"async\" alt=\"-\" src=\"local\/cache-vignettes\/L8xH11\/puce-cebf5.gif\" width=\"8\" height=\"11\" \/> Moi Pr\u00e9sident de la R\u00e9publique, je taxerai les riches de mani\u00e8re symbolique &#8211; pour ne pas les \u00ab \u00e9trangler \u00bb &#8211; et j\u2019augmenterai en contrepartie la TVA, parce que les pauvres sont certes pauvres, mais ils sont plus nombreux.<\/p>\n<p><img loading=\"lazy\" decoding=\"async\" alt=\"-\" src=\"local\/cache-vignettes\/L8xH11\/puce-cebf5.gif\" width=\"8\" height=\"11\" \/> Moi Pr\u00e9sident de la R\u00e9publique, je soutiendrai les propositions du MEDEF, au nom de la \u00ab comp\u00e9titivit\u00e9 \u00bb, pour faciliter les licenciements, et faire pr\u00e9valoir les accords particuliers sur le droit du travail.<\/p>\n<p><img loading=\"lazy\" decoding=\"async\" alt=\"-\" src=\"local\/cache-vignettes\/L8xH11\/puce-cebf5.gif\" width=\"8\" height=\"11\" \/> Moi Pr\u00e9sident de la R\u00e9publique, je prendrai garde \u00e0 ce que les groupes qui licencient en France puissent le faire en l\u2019absence de toutes entraves, si ce n\u2019est la signature d\u2019accords qu\u2019ils seront libres de ne pas tenir.<\/p>\n<p><img loading=\"lazy\" decoding=\"async\" alt=\"-\" src=\"local\/cache-vignettes\/L8xH11\/puce-cebf5.gif\" width=\"8\" height=\"11\" \/> Moi Pr\u00e9sident de la R\u00e9publique, je demanderai \u00e0 mon ami Didier Migaud de la Cour des comptes, d\u2019agiter le chiffon rouge des d\u00e9ficits de l\u2019assurance ch\u00f4mage et des caisses de retraites pour pr\u00e9parer le terrain \u00e0 la remise en cause de la protection sociale et la financiarisation des retraites.<\/p>\n<p><img loading=\"lazy\" decoding=\"async\" alt=\"-\" src=\"local\/cache-vignettes\/L8xH11\/puce-cebf5.gif\" width=\"8\" height=\"11\" \/> Moi Pr\u00e9sident de la R\u00e9publique, je persisterai et signerai dans la mise en \u0153uvre des projets \u00e9cologiquement, socialement et \u00e9conomiquement contest\u00e9s de Notre-dame-des-Landes et de la ligne \u00e0 grande vitesse Lyon-Turin, au plus grand b\u00e9n\u00e9fice du secteur priv\u00e9.<\/p>\n<p><img loading=\"lazy\" decoding=\"async\" alt=\"-\" src=\"local\/cache-vignettes\/L8xH11\/puce-cebf5.gif\" width=\"8\" height=\"11\" \/> Moi Pr\u00e9sident de la R\u00e9publique, je pr\u00e9parerai de nouvelles loi de d\u00e9centralisation et une r\u00e9forme de la fiscalit\u00e9 locale pour d\u00e9fiscaliser encore davantage les entreprises au nom de la comp\u00e9titivit\u00e9 territoriale, au risque d\u2019asphyxier financi\u00e8rement collectivit\u00e9s locales et services publics.<\/p>\n<p><img loading=\"lazy\" decoding=\"async\" alt=\"-\" src=\"local\/cache-vignettes\/L8xH11\/puce-cebf5.gif\" width=\"8\" height=\"11\" \/> Moi Pr\u00e9sident de la R\u00e9publique, je porterai le nombre d\u2019expulsion de Roms \u00e0 des niveaux records et n\u2019organiserai pas de r\u00e9gularisation massive de sans-papiers, je ne contribuerai pas \u00e0 l\u2019\u00e9galit\u00e9 des droits en proposant le vote des \u00e9trangers aux \u00e9lections locales.<\/p>\n<p><img loading=\"lazy\" decoding=\"async\" alt=\"-\" src=\"local\/cache-vignettes\/L8xH11\/puce-cebf5.gif\" width=\"8\" height=\"11\" \/> Moi Pr\u00e9sident de la R\u00e9publique, je placerai un proche \u00e0 la t\u00eate du CSA, d\u00e9baucherai des syndicalistes peu scrupuleux, et maintiendrai en poste un Ministre poursuivi pour fraude fiscale, malgr\u00e9 un conflit d\u2019int\u00e9r\u00eat \u00e9vident.<\/p>\n<p><img loading=\"lazy\" decoding=\"async\" alt=\"-\" src=\"local\/cache-vignettes\/L8xH11\/puce-cebf5.gif\" width=\"8\" height=\"11\" \/> Moi Pr\u00e9sident de la R\u00e9publique, je ne ferai rien pour emp\u00eacher l\u2019\u00e9vasion fiscale, quand bien m\u00eame celle-ci repr\u00e9senterait de l\u2019ordre de 80 millliards d\u2019euros de recettes en moins dans le budget de l\u2019Etat.<\/p>\n<p><img loading=\"lazy\" decoding=\"async\" alt=\"-\" src=\"local\/cache-vignettes\/L8xH11\/puce-cebf5.gif\" width=\"8\" height=\"11\" \/> Moi Pr\u00e9sident de la R\u00e9publique, je prendrai soin de ne jamais bousculer les int\u00e9r\u00eats des banques, de ne pas s\u00e9parer strictement leurs activit\u00e9s de d\u00e9p\u00f4t et de sp\u00e9culation, de ne pas encadrer les stocks options, les bonus des traders, les activit\u00e9s des banques dans les paradis fiscaux, ni les pratiques sp\u00e9culatives les plus dommageables \u00e0 l\u2019\u00e9conomie.<\/p>\n<p><img loading=\"lazy\" decoding=\"async\" alt=\"-\" src=\"local\/cache-vignettes\/L8xH11\/puce-cebf5.gif\" width=\"8\" height=\"11\" \/> En r\u00e9sum\u00e9, moi Pr\u00e9sident de la R\u00e9publique, je m\u2019appliquerai \u00e0 rassurer les march\u00e9s financiers en appliquant les m\u00eames recettes que la Tro\u00efka impose dans les pays d\u2019Europe du sud, et conduirai \u00e0 ce titre une politique \u00e9conomique et sociale de droite, dans la droite ligne de celle de mon pr\u00e9d\u00e9cesseur.<\/p>\n<p><i>Retranscrit par les Dessous de Bruxelles &#8211;\u00a0texte du 24 janvier 2013<\/i><\/p>\n<\/div>\n","protected":false},"excerpt":{"rendered":"<p>\u00ab Moi pr\u00e9sident de la R\u00e9publique \u00bb : la tirade d\u2019Hollandr\u00e9ou C\u2019\u00e9tait en mai 2012. Le candidat \u00e0 la pr\u00e9sidence de la R\u00e9publique F. Hollandr\u00e9ou se lan\u00e7ait, lors d\u2019un d\u00e9bat t\u00e9l\u00e9vis\u00e9, dans une longue tirade en forme d\u2019anaphore qui restera grav\u00e9e dans les m\u00e9moires. S\u2019ensuivit une brutale chute de popularit\u00e9 qui couta la victoire au &hellip; <a href=\"https:\/\/fa86.noblogs.org\/?p=8165\" class=\"more-link\">Continuer la lecture de <span class=\"screen-reader-text\">\u00ab Moi pr\u00e9sident de la R\u00e9publique \u00bb : la tirade d\u2019Hollandr\u00e9ou<\/span> <span class=\"meta-nav\">&rarr;<\/span><\/a><\/p>\n","protected":false},"author":2691,"featured_media":0,"comment_status":"open","ping_status":"open","sticky":false,"template":"","format":"standard","meta":{"footnotes":""},"categories":[21],"tags":[],"class_list":["post-8165","post","type-post","status-publish","format-standard","hentry","category-desinformation-bourgeoise"],"_links":{"self":[{"href":"https:\/\/fa86.noblogs.org\/index.php?rest_route=\/wp\/v2\/posts\/8165","targetHints":{"allow":["GET"]}}],"collection":[{"href":"https:\/\/fa86.noblogs.org\/index.php?rest_route=\/wp\/v2\/posts"}],"about":[{"href":"https:\/\/fa86.noblogs.org\/index.php?rest_route=\/wp\/v2\/types\/post"}],"author":[{"embeddable":true,"href":"https:\/\/fa86.noblogs.org\/index.php?rest_route=\/wp\/v2\/users\/2691"}],"replies":[{"embeddable":true,"href":"https:\/\/fa86.noblogs.org\/index.php?rest_route=%2Fwp%2Fv2%2Fcomments&post=8165"}],"version-history":[{"count":3,"href":"https:\/\/fa86.noblogs.org\/index.php?rest_route=\/wp\/v2\/posts\/8165\/revisions"}],"predecessor-version":[{"id":8167,"href":"https:\/\/fa86.noblogs.org\/index.php?rest_route=\/wp\/v2\/posts\/8165\/revisions\/8167"}],"wp:attachment":[{"href":"https:\/\/fa86.noblogs.org\/index.php?rest_route=%2Fwp%2Fv2%2Fmedia&parent=8165"}],"wp:term":[{"taxonomy":"category","embeddable":true,"href":"https:\/\/fa86.noblogs.org\/index.php?rest_route=%2Fwp%2Fv2%2Fcategories&post=8165"},{"taxonomy":"post_tag","embeddable":true,"href":"https:\/\/fa86.noblogs.org\/index.php?rest_route=%2Fwp%2Fv2%2Ftags&post=8165"}],"curies":[{"name":"wp","href":"https:\/\/api.w.org\/{rel}","templated":true}]}}