{"id":8171,"date":"2013-02-22T08:46:13","date_gmt":"2013-02-22T07:46:13","guid":{"rendered":"http:\/\/fa86.noblogs.org\/?p=8171"},"modified":"2013-02-22T08:46:59","modified_gmt":"2013-02-22T07:46:59","slug":"st-leger-de-montbrillais-86-vinci-detruit-merci-letat","status":"publish","type":"post","link":"https:\/\/fa86.noblogs.org\/?p=8171","title":{"rendered":"[St-L\u00e9ger-de-Montbrillais &#8211; 86] Vinci d\u00e9truit, merci l&rsquo;Etat."},"content":{"rendered":"<p style=\"text-align: justify\"><a href=\"http:\/\/www.lanouvellerepublique.fr\/Vienne\/Actualite\/Environnement\/n\/Contenus\/Articles\/2013\/02\/22\/Carriere-pour-la-LGV-ca-decape-!-1344652\" target=\"_blank\"><strong>Carri\u00e8re pour la LGV, \u00e7a d\u00e9cape !<\/strong><\/a><\/p>\n<p style=\"text-align: justify\"><img loading=\"lazy\" decoding=\"async\" class=\"alignnone\" alt=\"\" src=\"http:\/\/www.lanouvellerepublique.fr\/var\/nrv2\/storage\/images\/contenus\/articles\/2013\/02\/22\/carriere-pour-la-lgv-ca-decape-!-1344652\/25201433-1-fre-FR\/Carriere-pour-la-LGV-ca-decape_reference.jpg\" width=\"600\" height=\"315\" \/><\/p>\n<p style=\"text-align: justify\"><em>La phase de d\u00e9capage a commenc\u00e9 depuis le d\u00e9but de semaine.<\/em><\/p>\n<p id=\"articleChapo\" style=\"text-align: justify\">C\u2019est parti sur le champ du Moulin-\u00e0-Vent \u00e0 St-L\u00e9ger-de-Montbrillais. Depuis le d\u00e9but de la semaine, des engins d\u00e9capent la terre v\u00e9g\u00e9tale de surface.<a href=\"http:\/\/memorix.sdv.fr\/5c\/www.lanouvellerepublique.fr\/actualite\/environnement_articles\/86\/loudun\/86137\/1091071563\/Position1\/default\/empty.gif\/5575556e5556456e486e4d4141326e4f\" target=\"_blank\"><img loading=\"lazy\" decoding=\"async\" alt=\"\" src=\"http:\/\/memorix.sdv.fr\/0\/default\/empty.gif\" width=\"1\" height=\"1\" border=\"0\" \/><\/a><\/p>\n<div id=\"text\" style=\"text-align: justify\">\n<p>Apr\u00e8s l&rsquo;autorisation du pr\u00e9fet en janvier, Vinci Construction Terrassement, commence les travaux d&rsquo;exploitation.<b> <\/b>Depuis le d\u00e9but de la semaine, les engins de terrassement sont entr\u00e9s en action pour la premi\u00e8re phase d&rsquo;exploitation de la carri\u00e8re au lieu-dit Le Moulin-\u00e0-Vent, sur la commune de Saint-L\u00e9ger-de-Montbrillais.<\/p>\n<p><b>Attention aux oiseaux\u2009!<\/b><\/p>\n<p>Cette premi\u00e8re phase consiste \u00e0 d\u00e9caper la terre v\u00e9g\u00e9tale, qui est mise en d\u00e9p\u00f4t \u00e0 proximit\u00e9 sous forme de stocks temporaires dont la hauteur ne d\u00e9passe pas 2 m, et ce pour limiter le tassement li\u00e9 au poids du mat\u00e9riau stock\u00e9. Cette op\u00e9ration, qui se terminera d\u00e9but mars, permet la suppression ou r\u00e9duction de l&rsquo;impact sur la faune sauvage\u2009: possibilit\u00e9 de nidification des oiseaux de plaine o\u00f9 la zone Natura 2000 de La Champagne de M\u00e9ron a \u00e9t\u00e9 cr\u00e9\u00e9e. Avant le d\u00e9but de l&rsquo;extraction des granulats, la soci\u00e9t\u00e9 Vinci Construction Terrassement am\u00e9nagera un tourne-\u00e0-gauche sur la RD 347 dans le sens Loudun &#8211; Montreuil-Bellay en accord avec le service des routes du conseil g\u00e9n\u00e9ral de la Vienne. Le co\u00fbt de cet am\u00e9nagement sera enti\u00e8rement support\u00e9 par la soci\u00e9t\u00e9 Vinci Construction Terrassement. Une partie importante du site ne sera pas exploit\u00e9e (bande de 50 m\u00e8tres en bordure de la route d\u00e9partementale). Une surface est r\u00e9serv\u00e9e pour le stockage de la terre v\u00e9g\u00e9tale et la sous-couche de terre non arable.<\/p>\n<p><b>700.000 tonnes de granulats \u00e0 extraire<\/b><\/p>\n<p>Viendra ensuite l&rsquo;exploitation de la couche de granulats qui sera transport\u00e9e sur le site de la future LGV dans le secteur de la Celle- Saint-Avant en Indre et Loire. 700.000 tonnes de granulats devraient \u00eatre extraites de la carri\u00e8re du Moulin-\u00e0-Vent d&rsquo;ici la fin 2013. Une partie des travaux est confi\u00e9e \u00e0 des entreprises locales.<\/p>\n<p>r\u00e9action<\/p>\n<p><b>Romain Bonnet interpelle le pr\u00e9fet et demande l&rsquo;interdiction des camions \u00e0 certaines heures<\/b><\/p>\n<p>Romain Bonnet est le pr\u00e9sident de Ligue contre la violence routi\u00e8re 86. Il a \u00e9crit au pr\u00e9fet pour attirer son attention au sujet de l&rsquo;ouverture de la carri\u00e8re et des probl\u00e8mes d&rsquo;ins\u00e9curit\u00e9 routi\u00e8re que risque d&rsquo;entra\u00eener le passage des camions\u2009: \u00ab Les travaux concernant l&rsquo;exploitation de la carri\u00e8re de Saint-L\u00e9ger-de-Montbrillais viennent de d\u00e9buter, il semble que Vinci ne souhaite pas perdre de temps. Les premi\u00e8res extractions des granulats devraient se faire tr\u00e8s vite, avec les incidences qui vont avec et notamment concernant les poids lourds. \u00bb \u00ab Un recours sera prochainement d\u00e9pos\u00e9 pour l&rsquo;annulation de l&rsquo;arr\u00eat\u00e9 pris par l&rsquo;ancien pr\u00e9fet autorisant l&rsquo;exploitation de cette carri\u00e8re. <strong>Il n&rsquo;existe aujourd&rsquo;hui aucune assurance concernant la dur\u00e9e d&rsquo;exploitation de cette derni\u00e8re, Vinci souhaite d\u00e9j\u00e0 avoir un d\u00e9lai suppl\u00e9mentaire de 2 ans soit jusqu&rsquo;\u00e0 fin 2015 contre fin 2013 aujourd&rsquo;hui<\/strong> <sup>(1)<\/sup> . \u00bb \u00ab L&rsquo;augmentation du nombre de poids lourds devrait s&rsquo;accentuer avec la carri\u00e8re. C&rsquo;est pour cette raison que je demande aux autorit\u00e9s de prendre toutes les dispositions n\u00e9cessaires en attendant les suites qui seront donn\u00e9es au recours qui doit \u00eatre d\u00e9pos\u00e9 devant le tribunal administratif. \u00bb Romain Bonnet demande \u00ab l&rsquo;interdiction de la circulation des poids lourds en rapport avec la carri\u00e8re aux heures o\u00f9 le trafic est le plus important soit\u2009le matin de 7\u2009h \u00e0 9\u2009h, en fin d&rsquo;apr\u00e8s-midi de 16\u2009h\u200930 \u00e0 19\u2009h \u00bb \u00ab Ces horaires correspondent \u00e0 l&rsquo;heure de d\u00e9bauche, mais c&rsquo;est aussi \u00e0 ce moment-l\u00e0 que les cars scolaires transportant les enfants et adolescents seront les plus nombreux, aucun risque ne doit \u00eatre donc pris. \u00bb<\/p>\n<p>(1) voir proc\u00e8s-verbal de la Codena du 17 janvier.<\/p>\n<p><em>Corr. Jean-Claude Rabin, Nouvelle R\u00e9publique, 22 f\u00e9vrier 2013<\/em><\/p>\n<\/div>\n","protected":false},"excerpt":{"rendered":"<p>Carri\u00e8re pour la LGV, \u00e7a d\u00e9cape ! La phase de d\u00e9capage a commenc\u00e9 depuis le d\u00e9but de semaine. C\u2019est parti sur le champ du Moulin-\u00e0-Vent \u00e0 St-L\u00e9ger-de-Montbrillais. Depuis le d\u00e9but de la semaine, des engins d\u00e9capent la terre v\u00e9g\u00e9tale de surface. Apr\u00e8s l&rsquo;autorisation du pr\u00e9fet en janvier, Vinci Construction Terrassement, commence les travaux d&rsquo;exploitation. Depuis &hellip; <a href=\"https:\/\/fa86.noblogs.org\/?p=8171\" class=\"more-link\">Continuer la lecture de <span class=\"screen-reader-text\">[St-L\u00e9ger-de-Montbrillais &#8211; 86] Vinci d\u00e9truit, merci l&rsquo;Etat.<\/span> <span class=\"meta-nav\">&rarr;<\/span><\/a><\/p>\n","protected":false},"author":2691,"featured_media":0,"comment_status":"open","ping_status":"open","sticky":false,"template":"","format":"standard","meta":{"footnotes":""},"categories":[26,18,7],"tags":[],"class_list":["post-8171","post","type-post","status-publish","format-standard","hentry","category-construction-du-desert","category-decroissance-libertaire","category-propagande-marchande"],"_links":{"self":[{"href":"https:\/\/fa86.noblogs.org\/index.php?rest_route=\/wp\/v2\/posts\/8171","targetHints":{"allow":["GET"]}}],"collection":[{"href":"https:\/\/fa86.noblogs.org\/index.php?rest_route=\/wp\/v2\/posts"}],"about":[{"href":"https:\/\/fa86.noblogs.org\/index.php?rest_route=\/wp\/v2\/types\/post"}],"author":[{"embeddable":true,"href":"https:\/\/fa86.noblogs.org\/index.php?rest_route=\/wp\/v2\/users\/2691"}],"replies":[{"embeddable":true,"href":"https:\/\/fa86.noblogs.org\/index.php?rest_route=%2Fwp%2Fv2%2Fcomments&post=8171"}],"version-history":[{"count":3,"href":"https:\/\/fa86.noblogs.org\/index.php?rest_route=\/wp\/v2\/posts\/8171\/revisions"}],"predecessor-version":[{"id":8174,"href":"https:\/\/fa86.noblogs.org\/index.php?rest_route=\/wp\/v2\/posts\/8171\/revisions\/8174"}],"wp:attachment":[{"href":"https:\/\/fa86.noblogs.org\/index.php?rest_route=%2Fwp%2Fv2%2Fmedia&parent=8171"}],"wp:term":[{"taxonomy":"category","embeddable":true,"href":"https:\/\/fa86.noblogs.org\/index.php?rest_route=%2Fwp%2Fv2%2Fcategories&post=8171"},{"taxonomy":"post_tag","embeddable":true,"href":"https:\/\/fa86.noblogs.org\/index.php?rest_route=%2Fwp%2Fv2%2Ftags&post=8171"}],"curies":[{"name":"wp","href":"https:\/\/api.w.org\/{rel}","templated":true}]}}