{"id":8175,"date":"2013-02-22T09:51:00","date_gmt":"2013-02-22T08:51:00","guid":{"rendered":"http:\/\/fa86.noblogs.org\/?p=8175"},"modified":"2013-02-22T09:51:31","modified_gmt":"2013-02-22T08:51:31","slug":"etazunis-un-senateur-affirme-que-les-drones-americains-ont-tue-environ-4700-personnes","status":"publish","type":"post","link":"https:\/\/fa86.noblogs.org\/?p=8175","title":{"rendered":"[Etats-Unis] Un s\u00e9nateur affirme que les drones am\u00e9ricains ont tu\u00e9 environ 4700 personnes"},"content":{"rendered":"<p style=\"text-align: justify\">On sait qu&rsquo;Obama, \u00ab\u00a0prix nobel de la paix\u00a0\u00bb\u00a0[sic], <a href=\"http:\/\/www.europe1.fr\/International\/Obama-a-t-il-merite-son-prix-Nobel-1271911\/\" target=\"_blank\">n&rsquo;a pas ferm\u00e9 l&rsquo;immonde Guantanamo. Qu&rsquo;il a valid\u00e9 trente milliards d&rsquo;euros d&rsquo;aide \u00e0 l&rsquo;Etat d&rsquo;Isra\u00ebl sur dix ans, et soutenu cet Etat dans le d\u00e9ploiement d&rsquo;un bouclier antimissiles. On sait aussi qu&rsquo;il a amplifi\u00e9 les frappes de drones am\u00e9ricains<\/a>. Mais on ne savait pas jusque l\u00e0 le nombre pr\u00e9cis de victimes, l&rsquo;Etat am\u00e9ricain refusant de donner des chiffres.<\/p>\n<p style=\"text-align: justify\">Mardi dernier, devant le Rotary Club de Caroline du Sud,\u00a0<a href=\"http:\/\/rt.com\/usa\/sen-lindsey-graham-says-us-drones-have-killed-nearly-5000-people-185\/\" target=\"_blank\">le s\u00e9nateur\u00a0\u00e9tatsunien\u00a0Lindsey Graham a affirm\u00e9 que les drones am\u00e9ricains ont tu\u00e9 4700 personnes dans le monde, notamment au Pakistan<\/a>. Ce chiffre effarant va m\u00eame au-del\u00e0 des calculs de certaines ONG.<\/p>\n<p style=\"text-align: justify\">Surtout quand on sait que <a href=\"http:\/\/rt.com\/usa\/sen-lindsey-graham-says-us-drones-have-killed-nearly-5000-people-185\/\" target=\"_blank\">des chercheurs des universit\u00e9s de Stanford et de New-York ont estim\u00e9 que seules 2% des victimes des drones \u00e9taient des \u00ab\u00a0leaders\u00a0\u00bb de groupes terroristes&#8230; Le minist\u00e8re de l&rsquo;int\u00e9rieur pakistanais a quant \u00e0 lui estim\u00e9\u00a0que 80% des personnes tu\u00e9es par des frappes de drones am\u00e9ricains sur le territoire national \u00e9taient civiles<\/a>.<\/p>\n<p style=\"text-align: justify\">Le s\u00e9nateur Graham, qui se prononce clairement pour l&rsquo;usage de drones arm\u00e9s, ajoute \u00e0 sa d\u00e9claration\u00a0une phrase qui r\u00e9sume bien\u00a0tout le cynisme de l&rsquo;Etat am\u00e9ricain\u00a0:<\/p>\n<p style=\"text-align: justify\"><i>\u201cSometimes you hit innocent people, and I hate that, but we\u2019re at war, and we\u2019ve taken out some very senior members of Al-Qaeda.\u201d<\/i><\/p>\n<p style=\"text-align: justify\"><em><strong>Traduction<\/strong> : \u00ab\u00a0Parfois vous tuez des innocents, et je d\u00e9teste \u00e7a, mais nous sommes en guerre, et nous avons d\u00e9gag\u00e9 des membres \u00e9minents d&rsquo;Al-Qaida\u00a0\u00bb.<\/em><\/p>\n<p style=\"text-align: justify\">Le s\u00e9nateur\u00a0pr\u00e9conise aussi l&rsquo;usage de drones sans armes <a href=\"http:\/\/easley.patch.com\/articles\/sen-graham-i-support-drone-strikes\" target=\"_blank\">le long des fronti\u00e8res am\u00e9ricaines, pour \u00ab\u00a0contr\u00f4ler l&rsquo;immigration ill\u00e9gale\u00a0\u00bb.<\/a>\u00a0De fait, les drones servent d\u00e9j\u00e0 \u00e0 quadriller <a href=\"http:\/\/www.rue89.com\/2012\/12\/29\/apres-lirak-et-lafghanistan-les-drones-envahissent-le-ciel-americain-238186\" target=\"_blank\">la population civile am\u00e9ricaine<\/a>.<\/p>\n<p style=\"text-align: justify\">Pour ces beaux d\u00e9mocrates, lutter contre la terreur passerait donc\u00a0par le massacre d\u00e9lib\u00e9r\u00e9 de milliers de civils et la surveillance de la vie de tout un chacun.\u00a0Tr\u00e8s logique, tr\u00e8s efficace pour \u00e9viter de susciter une radicalisation, parmi des populations meurtries.<\/p>\n<p style=\"text-align: justify\">Mais la fin du \u00ab\u00a0terrorisme\u00a0\u00bb n&rsquo;est pas le but. Le but, c&rsquo;est de faire tourner le lobby militaire, biberonn\u00e9 par les Etats \u00e0 coups de\u00a0milliards.<\/p>\n<p style=\"text-align: justify\">Aux-Etats-Unis comme ailleurs : l&rsquo;Etat fran\u00e7ais, d\u00e9j\u00e0 c\u00e9l\u00e8bre pour <a href=\"http:\/\/www.leparisien.fr\/liveafp-france\/la-police-francaise-presente-son-drone-elsa-a-ses-partenaires-europeennes-15-10-2008-277348.php\" target=\"_blank\">son projet de drone ELSA permettant de surveiller les manifs et les quartiers pauvres<\/a>,\u00a0argue aujourd&rsquo;hui\u00a0d&rsquo;une <a href=\"http:\/\/www.francetvinfo.fr\/mali-la-france-a-t-elle-un-probleme-de-drones_207907.html\" target=\"_blank\">d\u00e9faillance en termes de flotte de drones dans sa guerre au Mali<\/a>, pour relancer un programme ad hoc, et appuyer <a href=\"http:\/\/www.lesechos.fr\/entreprises-secteurs\/air-defense\/actu\/0202423502807-drones-de-combat-neuron-a-fait-son-premier-vol-516407.php\" target=\"_blank\">le projet\u00a0nEUROn du philanthrope Dassault<\/a>&#8230; pr\u00e9sent\u00e9 il y a un mois \u00e0 Istres. Le hasard fait bien les choses&#8230;<\/p>\n<p style=\"text-align: justify\"><em>Pavillon Noir, 22 f\u00e9vrier 2013<\/em><\/p>\n","protected":false},"excerpt":{"rendered":"<p>On sait qu&rsquo;Obama, \u00ab\u00a0prix nobel de la paix\u00a0\u00bb\u00a0[sic], n&rsquo;a pas ferm\u00e9 l&rsquo;immonde Guantanamo. Qu&rsquo;il a valid\u00e9 trente milliards d&rsquo;euros d&rsquo;aide \u00e0 l&rsquo;Etat d&rsquo;Isra\u00ebl sur dix ans, et soutenu cet Etat dans le d\u00e9ploiement d&rsquo;un bouclier antimissiles. On sait aussi qu&rsquo;il a amplifi\u00e9 les frappes de drones am\u00e9ricains. Mais on ne savait pas jusque l\u00e0 le &hellip; <a href=\"https:\/\/fa86.noblogs.org\/?p=8175\" class=\"more-link\">Continuer la lecture de <span class=\"screen-reader-text\">[Etats-Unis] Un s\u00e9nateur affirme que les drones am\u00e9ricains ont tu\u00e9 environ 4700 personnes<\/span> <span class=\"meta-nav\">&rarr;<\/span><\/a><\/p>\n","protected":false},"author":2691,"featured_media":0,"comment_status":"open","ping_status":"open","sticky":false,"template":"","format":"standard","meta":{"footnotes":""},"categories":[28,11,16],"tags":[],"class_list":["post-8175","post","type-post","status-publish","format-standard","hentry","category-a-bas-les-bidasses","category-ni-patrie-ni-frontiere","category-repression"],"_links":{"self":[{"href":"https:\/\/fa86.noblogs.org\/index.php?rest_route=\/wp\/v2\/posts\/8175","targetHints":{"allow":["GET"]}}],"collection":[{"href":"https:\/\/fa86.noblogs.org\/index.php?rest_route=\/wp\/v2\/posts"}],"about":[{"href":"https:\/\/fa86.noblogs.org\/index.php?rest_route=\/wp\/v2\/types\/post"}],"author":[{"embeddable":true,"href":"https:\/\/fa86.noblogs.org\/index.php?rest_route=\/wp\/v2\/users\/2691"}],"replies":[{"embeddable":true,"href":"https:\/\/fa86.noblogs.org\/index.php?rest_route=%2Fwp%2Fv2%2Fcomments&post=8175"}],"version-history":[{"count":3,"href":"https:\/\/fa86.noblogs.org\/index.php?rest_route=\/wp\/v2\/posts\/8175\/revisions"}],"predecessor-version":[{"id":8178,"href":"https:\/\/fa86.noblogs.org\/index.php?rest_route=\/wp\/v2\/posts\/8175\/revisions\/8178"}],"wp:attachment":[{"href":"https:\/\/fa86.noblogs.org\/index.php?rest_route=%2Fwp%2Fv2%2Fmedia&parent=8175"}],"wp:term":[{"taxonomy":"category","embeddable":true,"href":"https:\/\/fa86.noblogs.org\/index.php?rest_route=%2Fwp%2Fv2%2Fcategories&post=8175"},{"taxonomy":"post_tag","embeddable":true,"href":"https:\/\/fa86.noblogs.org\/index.php?rest_route=%2Fwp%2Fv2%2Ftags&post=8175"}],"curies":[{"name":"wp","href":"https:\/\/api.w.org\/{rel}","templated":true}]}}