{"id":8180,"date":"2013-03-03T22:19:42","date_gmt":"2013-03-03T21:19:42","guid":{"rendered":"http:\/\/fa86.noblogs.org\/?p=8180"},"modified":"2013-03-03T22:47:37","modified_gmt":"2013-03-03T21:47:37","slug":"poitiers-manifestation-ce-mardi-5-mars-contre-les-accords-competitivite-emploi","status":"publish","type":"post","link":"https:\/\/fa86.noblogs.org\/?p=8180","title":{"rendered":"[Poitiers] Manifestation ce mardi 5 mars contre les accords \u00ab\u00a0comp\u00e9titivit\u00e9 emploi\u00a0\u00bb"},"content":{"rendered":"<p style=\"text-align: justify\"><strong>Nos vies ne leur appartiennent pas !<\/strong><\/p>\n<p style=\"text-align: justify\">CGT, FO, FSU et Solidaires\u00a0<a href=\"http:\/\/www.lanouvellerepublique.fr\/Vienne\/Actualite\/Economie-social\/n\/Contenus\/Articles\/2013\/02\/22\/La-CGT-et-FO-contre-les-accords-de-competitivite-emplois-1344555\" target=\"_blank\">manifesteront ensemble ce mardi 5 f\u00e9vrier <\/a>contre les accords \u00ab\u00a0comp\u00e9titivit\u00e9 et s\u00e9curisation de l&#8217;emploi\u00a0\u00bb.<\/p>\n<p style=\"text-align: justify\">Le groupe Pavillon Noir (F\u00e9d\u00e9ration Anarchiste 86), <strong><a href=\"https:\/\/fa86.noblogs.org\/?p=7725\" target=\"_blank\">qui a d\u00e9j\u00e0 d\u00e9nonc\u00e9 sur ce blog ces accords\u00a0inacceptables<\/a>,\u00a0<\/strong>appelle \u00e0 soutenir cette journ\u00e9e de gr\u00e8ve, d&rsquo;actions et de manifestations,<strong> et propose de se joindre \u00e0 la manif avec un cort\u00e8ge anti-autoritaire.<\/strong><\/p>\n<p style=\"text-align: justify\">Amenez vos drapeaux noirs, vos slogans, vos chansonnettes\u00a0et toutes vos bonnes id\u00e9es, et <strong>rendez-vous \u00e0 Poitiers, promenade des cours (pont Saint-Cyprien), ce mardi 5 mars \u00e0 14 heures !<\/strong><\/p>\n<p style=\"text-align: justify\"><em>Pavillon Noir, 3 mars 2013<\/em><\/p>\n<p style=\"text-align: justify\"><em><strong>NdPN<\/strong> : <a href=\"https:\/\/fa86.noblogs.org\/?p=8124\" target=\"_blank\">voir ici le tract de la coordination syndicale de la F\u00e9d\u00e9ration Anarchiste, qui sera diffus\u00e9 durant la manif<\/a>.<\/em><\/p>\n","protected":false},"excerpt":{"rendered":"<p>Nos vies ne leur appartiennent pas ! CGT, FO, FSU et Solidaires\u00a0manifesteront ensemble ce mardi 5 f\u00e9vrier contre les accords \u00ab\u00a0comp\u00e9titivit\u00e9 et s\u00e9curisation de l&#8217;emploi\u00a0\u00bb. Le groupe Pavillon Noir (F\u00e9d\u00e9ration Anarchiste 86), qui a d\u00e9j\u00e0 d\u00e9nonc\u00e9 sur ce blog ces accords\u00a0inacceptables,\u00a0appelle \u00e0 soutenir cette journ\u00e9e de gr\u00e8ve, d&rsquo;actions et de manifestations, et propose de se &hellip; <a href=\"https:\/\/fa86.noblogs.org\/?p=8180\" class=\"more-link\">Continuer la lecture de <span class=\"screen-reader-text\">[Poitiers] Manifestation ce mardi 5 mars contre les accords \u00ab\u00a0comp\u00e9titivit\u00e9 emploi\u00a0\u00bb<\/span> <span class=\"meta-nav\">&rarr;<\/span><\/a><\/p>\n","protected":false},"author":2691,"featured_media":0,"comment_status":"open","ping_status":"open","sticky":false,"template":"","format":"standard","meta":{"footnotes":""},"categories":[9,4],"tags":[],"class_list":["post-8180","post","type-post","status-publish","format-standard","hentry","category-la-rue-grogne","category-se-trouver"],"_links":{"self":[{"href":"https:\/\/fa86.noblogs.org\/index.php?rest_route=\/wp\/v2\/posts\/8180","targetHints":{"allow":["GET"]}}],"collection":[{"href":"https:\/\/fa86.noblogs.org\/index.php?rest_route=\/wp\/v2\/posts"}],"about":[{"href":"https:\/\/fa86.noblogs.org\/index.php?rest_route=\/wp\/v2\/types\/post"}],"author":[{"embeddable":true,"href":"https:\/\/fa86.noblogs.org\/index.php?rest_route=\/wp\/v2\/users\/2691"}],"replies":[{"embeddable":true,"href":"https:\/\/fa86.noblogs.org\/index.php?rest_route=%2Fwp%2Fv2%2Fcomments&post=8180"}],"version-history":[{"count":3,"href":"https:\/\/fa86.noblogs.org\/index.php?rest_route=\/wp\/v2\/posts\/8180\/revisions"}],"predecessor-version":[{"id":8182,"href":"https:\/\/fa86.noblogs.org\/index.php?rest_route=\/wp\/v2\/posts\/8180\/revisions\/8182"}],"wp:attachment":[{"href":"https:\/\/fa86.noblogs.org\/index.php?rest_route=%2Fwp%2Fv2%2Fmedia&parent=8180"}],"wp:term":[{"taxonomy":"category","embeddable":true,"href":"https:\/\/fa86.noblogs.org\/index.php?rest_route=%2Fwp%2Fv2%2Fcategories&post=8180"},{"taxonomy":"post_tag","embeddable":true,"href":"https:\/\/fa86.noblogs.org\/index.php?rest_route=%2Fwp%2Fv2%2Ftags&post=8180"}],"curies":[{"name":"wp","href":"https:\/\/api.w.org\/{rel}","templated":true}]}}