{"id":8194,"date":"2013-03-06T08:41:29","date_gmt":"2013-03-06T07:41:29","guid":{"rendered":"http:\/\/fa86.noblogs.org\/?p=8194"},"modified":"2013-03-06T09:06:47","modified_gmt":"2013-03-06T08:06:47","slug":"civaux-fukushima-desastre-nucleaire-durable","status":"publish","type":"post","link":"https:\/\/fa86.noblogs.org\/?p=8194","title":{"rendered":"[Civaux &#8211; Fukushima] D\u00e9sastre nucl\u00e9aire durable"},"content":{"rendered":"<p style=\"text-align: justify\"><a href=\"http:\/\/www.lanouvellerepublique.fr\/Vienne\/Actualite\/Environnement\/n\/Contenus\/Articles\/2013\/03\/06\/Une-ecologiste-a-Fukushima-voyage-au-bout-de-l-enfer-1359937\" target=\"_blank\"><strong>Une \u00e9cologiste \u00e0 Fukushima : voyage au bout de l&rsquo;enfer<\/strong><\/a><\/p>\n<p id=\"articleChapo\" style=\"text-align: justify\">Conseill\u00e8re r\u00e9gionale verte, H\u00e9l\u00e8ne Shemwell a fait le d\u00e9placement au Japon sur les lieux de la catastrophe nucl\u00e9aire du 11 mars 2011. Carnet de bord.<a href=\"http:\/\/memorix.sdv.fr\/5c\/www.lanouvellerepublique.fr\/actualite\/environnement_articles\/86\/poitiers\/86194\/727409828\/Position1\/default\/empty.gif\/5575556e55564532384377414234574f\" target=\"_blank\"><img loading=\"lazy\" decoding=\"async\" alt=\"\" src=\"http:\/\/memorix.sdv.fr\/0\/default\/empty.gif\" width=\"1\" height=\"1\" border=\"0\" \/><\/a><\/p>\n<div id=\"text\" style=\"text-align: justify\">\n<p>Hier, H\u00e9l\u00e8ne Shemwell a boucl\u00e9 l&rsquo;assembl\u00e9e g\u00e9n\u00e9rale de la commission locale d&rsquo;information de la centrale de Civaux. De son d\u00e9placement \u00e0 Fukushima avec une d\u00e9l\u00e9gation fran\u00e7aise mi-d\u00e9cembre, la conseill\u00e8re r\u00e9gionale verte a ramen\u00e9 un r\u00e9cit saisissant et des images poignantes.<\/p>\n<p><b>&gt; Suicides.<\/b> \u00ab Autour de la centrale, une zone est strictement interdite. La<b> <\/b>zone 1, o\u00f9 nous avons pu p\u00e9n\u00e9trer en bus, est inhabitable pour une dur\u00e9e ind\u00e9termin\u00e9e. Le plus frappant, c&rsquo;est d&rsquo;y voir toujours des voitures, des amoncellements de t\u00f4les. Mais en raison du taux de radioactivit\u00e9, on ne peut plus toucher aux d\u00e9chets. En zone 2, les gens ont \u00e9t\u00e9 \u00e9vacu\u00e9s, pas les animaux familiers, laiss\u00e9s sur place. On s&rsquo;y est promen\u00e9s en masque et combinaison. Pourtant, on voit des ouvriers travailler pour mettre la terre pollu\u00e9e dans des sacs, diss\u00e9min\u00e9s ensuite dans tout le pays. Inqui\u00e9tant. Les habitants ignorent s&rsquo;ils pourront revenir un jour chez eux et les suicides sont l\u00e9gion. \u00bb <b>&gt; Pestif\u00e9r\u00e9s. <\/b>\u00ab La population a \u00e9t\u00e9 maintenue dans la zone 3 mais il ne reste que les plus modestes. Les plus ais\u00e9s sont partis ailleurs. Les enfants, priv\u00e9s de r\u00e9cr\u00e9ation, sont cens\u00e9s sortir une demi-heure par jour seulement. En tant que m\u00e8re et grand-m\u00e8re, c&rsquo;est ce qui me touche le plus. Des excursions sont organis\u00e9es une ou deux fois par mois pour qu&rsquo;ils puissent \u00eatre en contact avec la nature. A l&rsquo;\u00e9cole, les enfants \u00e9vacu\u00e9s d\u00e9clarant venir de Fukushima sont consid\u00e9r\u00e9s comme des pestif\u00e9r\u00e9s. \u00bb <b>&gt; Fukushima \u00e0 Civaux\u2009?<\/b> \u00ab La zone interdite irait jusqu&rsquo;\u00e0 Valdivienne et Mignaloux. Chasseneuil et Buxerolles seraient touch\u00e9s. En zone 2, il faudrait \u00e9vacuer tous les habitants de Poitiers, Neuville ou Mirebeau. \u00bb <b>&gt; Catastrophe bis. <\/b>\u00ab Sur place, nous avons v\u00e9cu un petit s\u00e9isme de magnitude 5. Le pays s&rsquo;attend \u00e0 un tr\u00e8s fort s\u00e9isme dans les mois \u00e0 venir. Il para\u00eet que si d&rsquo;ici-l\u00e0, le combustible de la piscine du r\u00e9acteur 4 de la centrale Fukushima n&rsquo;\u00e9tait pas mis \u00e0 l&rsquo;abri, le Japon pourrait ne plus \u00eatre l\u00e0. \u00bb <b>&gt; Conclusion.<\/b> \u00ab L&rsquo;histoire de Fukushima, elle ne fait que commencer et va durer des si\u00e8cles. Alors, comprenez notre inqui\u00e9tude. \u00bb<\/p>\n<p><em>Jean-Fran\u00e7ois Rullier, Nouvelle R\u00e9publique, 6 mars 2013<\/em><\/p>\n<p><em><strong>NdPN<\/strong> : voir aussi <a href=\"http:\/\/www.la-croix.com\/Actualite\/Economie\/Economie\/Le-stockage-des-dechets-radioactifs-en-Allemagne-vire-au-desastre-_NG_-2010-02-08-546433\" target=\"_blank\">cet article sur le stockage d\u00e9sastreux des d\u00e9chets nucl\u00e9aires en Allemagne<\/a>.<\/em><\/p>\n<\/div>\n","protected":false},"excerpt":{"rendered":"<p>Une \u00e9cologiste \u00e0 Fukushima : voyage au bout de l&rsquo;enfer Conseill\u00e8re r\u00e9gionale verte, H\u00e9l\u00e8ne Shemwell a fait le d\u00e9placement au Japon sur les lieux de la catastrophe nucl\u00e9aire du 11 mars 2011. Carnet de bord. Hier, H\u00e9l\u00e8ne Shemwell a boucl\u00e9 l&rsquo;assembl\u00e9e g\u00e9n\u00e9rale de la commission locale d&rsquo;information de la centrale de Civaux. De son d\u00e9placement &hellip; <a href=\"https:\/\/fa86.noblogs.org\/?p=8194\" class=\"more-link\">Continuer la lecture de <span class=\"screen-reader-text\">[Civaux &#8211; Fukushima] D\u00e9sastre nucl\u00e9aire durable<\/span> <span class=\"meta-nav\">&rarr;<\/span><\/a><\/p>\n","protected":false},"author":2691,"featured_media":0,"comment_status":"open","ping_status":"open","sticky":false,"template":"","format":"standard","meta":{"footnotes":""},"categories":[25,11],"tags":[],"class_list":["post-8194","post","type-post","status-publish","format-standard","hentry","category-antinucleaire","category-ni-patrie-ni-frontiere"],"_links":{"self":[{"href":"https:\/\/fa86.noblogs.org\/index.php?rest_route=\/wp\/v2\/posts\/8194","targetHints":{"allow":["GET"]}}],"collection":[{"href":"https:\/\/fa86.noblogs.org\/index.php?rest_route=\/wp\/v2\/posts"}],"about":[{"href":"https:\/\/fa86.noblogs.org\/index.php?rest_route=\/wp\/v2\/types\/post"}],"author":[{"embeddable":true,"href":"https:\/\/fa86.noblogs.org\/index.php?rest_route=\/wp\/v2\/users\/2691"}],"replies":[{"embeddable":true,"href":"https:\/\/fa86.noblogs.org\/index.php?rest_route=%2Fwp%2Fv2%2Fcomments&post=8194"}],"version-history":[{"count":4,"href":"https:\/\/fa86.noblogs.org\/index.php?rest_route=\/wp\/v2\/posts\/8194\/revisions"}],"predecessor-version":[{"id":8202,"href":"https:\/\/fa86.noblogs.org\/index.php?rest_route=\/wp\/v2\/posts\/8194\/revisions\/8202"}],"wp:attachment":[{"href":"https:\/\/fa86.noblogs.org\/index.php?rest_route=%2Fwp%2Fv2%2Fmedia&parent=8194"}],"wp:term":[{"taxonomy":"category","embeddable":true,"href":"https:\/\/fa86.noblogs.org\/index.php?rest_route=%2Fwp%2Fv2%2Fcategories&post=8194"},{"taxonomy":"post_tag","embeddable":true,"href":"https:\/\/fa86.noblogs.org\/index.php?rest_route=%2Fwp%2Fv2%2Ftags&post=8194"}],"curies":[{"name":"wp","href":"https:\/\/api.w.org\/{rel}","templated":true}]}}