{"id":8198,"date":"2013-03-06T08:50:11","date_gmt":"2013-03-06T07:50:11","guid":{"rendered":"http:\/\/fa86.noblogs.org\/?p=8198"},"modified":"2013-03-06T08:52:01","modified_gmt":"2013-03-06T07:52:01","slug":"poitiers-manif-du-5-mars-2013-contre-les-accords-de-flexisecurite","status":"publish","type":"post","link":"https:\/\/fa86.noblogs.org\/?p=8198","title":{"rendered":"[Poitiers] Manif du 5 mars 2013 contre les accords de flexis\u00e9curit\u00e9"},"content":{"rendered":"<p style=\"text-align: justify\"><em><strong>NdPN<\/strong> : 1500 \u00e0 2000 personnes ont battu le pav\u00e9 poitevin. Ce qui n&rsquo;est pas trop mal&#8230; compte tenu du creux de mobilisation li\u00e9 \u00e0 la couleur du gouvernement, ses complices bureaucrates des centrales syndicales ayant frein\u00e9 des quatre fers les mobilisations depuis mai dernier. <a href=\"https:\/\/fa86.noblogs.org\/?p=8124\" target=\"_blank\">300 tracts diffus\u00e9s par Pavillon Noir (FA 86)<\/a>. Grosse pr\u00e9sence de flics du renseignement en civil. <a href=\"http:\/\/www.lanouvellerepublique.fr\/Vienne\/Actualite\/24-Heures\/n\/Contenus\/Articles\/2013\/03\/05\/VIDEO.-Manif-des-centaines-de-Poitevins-defilent-contre-l-Ani-1358727\" target=\"_blank\">Une vid\u00e9o de la NR ici<\/a>.<\/em><\/p>\n<p style=\"text-align: justify\"><a href=\"http:\/\/www.lanouvellerepublique.fr\/Vienne\/Services\/Toutes-les-DMAs\/n\/Contenus\/DMAs\/2013\/03\/05\/1.500-manifestants-contre-la-flexisecurite-de-l-emploi-a-Poitiers-1358679\" target=\"_blank\"><strong>1.500 manifestants contre la \u00ab\u00a0flexis\u00e9curit\u00e9\u00a0\u00bb de l&#8217;emploi \u00e0 Poitiers<\/strong><\/a><\/p>\n<p style=\"text-align: justify\">Un rassemblement est organis\u00e9 actuellement dans le centre-ville de Poitiers contre l&rsquo;accord sur \u00abla s\u00e9curisation de l&#8217;emploi\u00bb, \u00e0 l&rsquo;appel de la CGT et de FO. Le cort\u00e8ge parti de la Promenade des Cours, vient d&rsquo;arriver place Leclerc, comprenant 800 personnes selon la police, 1.500 \u00e0 2.000 selon les syndicats, auxquels se sont joints l&rsquo;union syndicale Solidaires et la FSU 86, ainsi que le Parti de gauche, le NPA 86 et la F\u00e9d\u00e9ration anarchiste.<\/p>\n<p style=\"text-align: justify\"><em>Nouvelle R\u00e9publique, 5 mars 2013<\/em><\/p>\n<p style=\"text-align: justify\"><a href=\"http:\/\/www.lanouvellerepublique.fr\/Vienne\/Actualite\/Economie-social\/n\/Contenus\/Articles\/2013\/03\/06\/Pascal-Briand-Le-delai-de-confiance-est-passe-1359057\" target=\"_blank\"><strong>Pascal Briand : \u00a0\u00bb Le d\u00e9lai de confiance est pass\u00e9 \u00ab\u00a0<\/strong><\/a><\/p>\n<p style=\"text-align: justify\">Mobilisation moyenne mais d\u00e9termination sans faille contre l\u2019accord sur l\u2019emploi. Les syndicats ont lanc\u00e9 un avertissement s\u00e9v\u00e8re au gouvernement.<\/p>\n<p style=\"text-align: justify\">Ils n&rsquo;\u00e9taient pas c\u00f4te \u00e0 c\u00f4te les deux syndicats qualifi\u00e9s de <i>\u00ab fr\u00e8res ennemis \u00bb, <\/i>mais l&rsquo;un derri\u00e8re l&rsquo;autre\u2009: la CGT en t\u00eate de cort\u00e8ge et FO derri\u00e8re, qui collait aux banderoles c\u00e9g\u00e9tistes. <i>\u00ab C&rsquo;est de la petite histoire tout cela, <\/i>commente Pascal Briand, secr\u00e9taire d\u00e9partemental de la CGT, <i>seul compte la d\u00e9fense des salari\u00e9s \u00bb. <\/i>Durant le discours, sous les fen\u00eatres du d\u00e9put\u00e9 maire de Poitiers, les deux leaders \u00e9taient r\u00e9unis. Car l&rsquo;enjeu de cette manifestation d\u00e9passe les guerres intestines. Les militants parlent de<i> \u00ab recul social historique \u00bb <\/i>sur l&rsquo;accord national interprofessionnel (ANI) sign\u00e9 le 11 janvier par le Medef et trois conf\u00e9d\u00e9rations syndicales. <i>\u00ab C&rsquo;est un accord minoritaire qui ne doit pas aboutir \u00e0 une loi \u00bb, <\/i>a affirm\u00e9 haut et fort Pascal Briand.<\/p>\n<p style=\"text-align: justify\">Environ un millier de personnes (800 selon la police, 1.500 \u00e0 2.000 selon les syndicats) sont venues, hier apr\u00e8s-midi, battre le pav\u00e9 poitevin pour dire non au projet de loi qui, s&rsquo;il passe, r\u00e9duirait les indemnit\u00e9s de licenciements, limiterait la dur\u00e9e de prescription pour les recours devant le conseil des prud&rsquo;hommes, contraindrait les salari\u00e9s \u00e0 accepter des baisses de salaires et une mobilit\u00e9 interne forc\u00e9e, bafouerait le contrat de travail. <i>\u00ab Le d\u00e9lai de confiance est pass\u00e9 \u00bb <\/i>pour Pascal Briand, qui a sonn\u00e9 le glas pour le gouvernement. Et renvoy\u00e9 S\u00e9gol\u00e8ne Royal sur le terrain\u2009: <i>\u00ab Quand je l&rsquo;entends dire sur France 2 que cet accord est donnant-donnant, <\/i>d\u00e9nonce-t-il, <i>il faut \u00eatre loin du monde du travail pour sortir des inepties pareilles. \u00bb<\/i> Pas davantage de sentiment \u00e0 l&rsquo;\u00e9gard de l&rsquo;ex\u00e9cutif pour le secr\u00e9taire g\u00e9n\u00e9ral de FO, Alain Barreau\u2009: <i>\u00ab Nous sommes en l\u00e9gitime d\u00e9fense et en r\u00e9sistance \u00bb. <\/i>R\u00e9sistance contre l&rsquo;aust\u00e9rit\u00e9. R\u00e9sistance contre la rigueur. <i>\u00ab Rejet et refus total de l&rsquo;accord sc\u00e9l\u00e9rat \u00ab\u00a0\u2009comp\u00e9titivit\u00e9-flexibilit\u00e9\u2009\u00a0\u00bb sign\u00e9 entre la CFDT, la CFTC et la CGC et les organisations patronales Medef-CGPME et UPA \u00bb, <\/i>promet FO. Dans les rangs, hier, il y avait aussi le Front de gauche. Bref, tous les d\u00e9\u00e7us de la politique de Fran\u00e7ois Hollande.<\/p>\n<p style=\"text-align: justify\"><b>800 manifestants \u00e0 Ch\u00e2tellerault<\/b><\/p>\n<p style=\"text-align: justify\">Les salari\u00e9s de la Coop Atlantique d&rsquo;Ingrandes, dont la fermeture est pr\u00e9vue en juillet 2014, \u00e9taient en t\u00eate de cort\u00e8ge, suivi de peu par la Fonderie du Poitou, pour manifester, hier matin \u00e0 Ch\u00e2tellerault. Les quelque 800 manifestants, actifs et retrait\u00e9s, salari\u00e9s du priv\u00e9 comme du public, syndicalistes de Force ouvri\u00e8re, CGT, Solidaire, mais aussi des membres du Front de gauche et du Parti communiste, ont march\u00e9 sur le boulevard Blossac, avant de remonter le boulevard Victor Hugo, en direction de la gare, sous les slogans \u00ab L&rsquo;ANI \u00e0 la poubelle \u00bb, \u00ab la guerre sociale est d\u00e9clar\u00e9e \u00bb ou encore \u00ab le changement c&rsquo;est maintenant \u00bb. <i>\u00ab Cet accord ne doit en aucun cas \u00eatre transpos\u00e9 dans la loi par le gouvernement. Ce serait un ch\u00e8que en blanc fait au patronat \u00bb, <\/i>a clam\u00e9 Philippe Lafa, le secr\u00e9taire de FO pour l&rsquo;h\u00f4pital de Ch\u00e2tellerault \u00e0 la tribune de l&rsquo;h\u00f4tel de ville. \u00ab <i>Un v\u00e9ritable recul social pour les salari\u00e9s et les g\u00e9n\u00e9rations futures \u00bb,<\/i> selon Alain Delaveau, secr\u00e9taire de l&rsquo;union locale CGT.<\/p>\n<p style=\"text-align: justify\"><em>Nouvelle R\u00e9publique, 6 mars 2013<\/em><\/p>\n<p style=\"text-align: justify\">\n","protected":false},"excerpt":{"rendered":"<p>NdPN : 1500 \u00e0 2000 personnes ont battu le pav\u00e9 poitevin. Ce qui n&rsquo;est pas trop mal&#8230; compte tenu du creux de mobilisation li\u00e9 \u00e0 la couleur du gouvernement, ses complices bureaucrates des centrales syndicales ayant frein\u00e9 des quatre fers les mobilisations depuis mai dernier. 300 tracts diffus\u00e9s par Pavillon Noir (FA 86). Grosse pr\u00e9sence &hellip; <a href=\"https:\/\/fa86.noblogs.org\/?p=8198\" class=\"more-link\">Continuer la lecture de <span class=\"screen-reader-text\">[Poitiers] Manif du 5 mars 2013 contre les accords de flexis\u00e9curit\u00e9<\/span> <span class=\"meta-nav\">&rarr;<\/span><\/a><\/p>\n","protected":false},"author":2691,"featured_media":0,"comment_status":"open","ping_status":"open","sticky":false,"template":"","format":"standard","meta":{"footnotes":""},"categories":[9],"tags":[],"class_list":["post-8198","post","type-post","status-publish","format-standard","hentry","category-la-rue-grogne"],"_links":{"self":[{"href":"https:\/\/fa86.noblogs.org\/index.php?rest_route=\/wp\/v2\/posts\/8198","targetHints":{"allow":["GET"]}}],"collection":[{"href":"https:\/\/fa86.noblogs.org\/index.php?rest_route=\/wp\/v2\/posts"}],"about":[{"href":"https:\/\/fa86.noblogs.org\/index.php?rest_route=\/wp\/v2\/types\/post"}],"author":[{"embeddable":true,"href":"https:\/\/fa86.noblogs.org\/index.php?rest_route=\/wp\/v2\/users\/2691"}],"replies":[{"embeddable":true,"href":"https:\/\/fa86.noblogs.org\/index.php?rest_route=%2Fwp%2Fv2%2Fcomments&post=8198"}],"version-history":[{"count":3,"href":"https:\/\/fa86.noblogs.org\/index.php?rest_route=\/wp\/v2\/posts\/8198\/revisions"}],"predecessor-version":[{"id":8200,"href":"https:\/\/fa86.noblogs.org\/index.php?rest_route=\/wp\/v2\/posts\/8198\/revisions\/8200"}],"wp:attachment":[{"href":"https:\/\/fa86.noblogs.org\/index.php?rest_route=%2Fwp%2Fv2%2Fmedia&parent=8198"}],"wp:term":[{"taxonomy":"category","embeddable":true,"href":"https:\/\/fa86.noblogs.org\/index.php?rest_route=%2Fwp%2Fv2%2Fcategories&post=8198"},{"taxonomy":"post_tag","embeddable":true,"href":"https:\/\/fa86.noblogs.org\/index.php?rest_route=%2Fwp%2Fv2%2Ftags&post=8198"}],"curies":[{"name":"wp","href":"https:\/\/api.w.org\/{rel}","templated":true}]}}