{"id":8206,"date":"2013-03-06T09:24:00","date_gmt":"2013-03-06T08:24:00","guid":{"rendered":"http:\/\/fa86.noblogs.org\/?p=8206"},"modified":"2013-03-06T09:32:05","modified_gmt":"2013-03-06T08:32:05","slug":"venezuela-lautocrate-chavez-est-mort","status":"publish","type":"post","link":"https:\/\/fa86.noblogs.org\/?p=8206","title":{"rendered":"[Venezuela] L&rsquo;autocrate Chavez est mort"},"content":{"rendered":"<p style=\"text-align: justify\"><strong>Venezuela &#8211; d\u00e9claration anarchiste sur la mort de Hugo Chavez<\/strong><\/p>\n<p style=\"text-align: justify\">Ni deuil, ni c\u00e9l\u00e9bration! L\u2019heure de l\u2019autonomie des luttes sociales est arriv\u00e9e!<\/p>\n<p style=\"text-align: justify\">Quand s\u2019additionnent une tr\u00e8s grave maladie, des soins m\u00e9dicaux conditionn\u00e9s \u00e0 des d\u00e9cisions politiques et un malade hallucin\u00e9 de pouvoir, on ne pouvait qu\u2019attendre que ce d\u00e9nouement: le caudillo est mort et un changement important dans la sc\u00e8ne politique v\u00e9n\u00e9zu\u00e9lienne est en marche.<\/p>\n<p style=\"text-align: justify\">En un instant, ce qui \u00e9tait la plus grande force du r\u00e9gime est devenu sa plus grande faiblesse : Chavez \u00e9tait tout et, en disparaissant, il ne reste qu\u2019a conjurer la fid\u00e9lit\u00e9 absolue \u00e0 son souvenir, avec l\u2019ob\u00e9issance \u00e0 ses dispositions pour sa succession. Ce qui met en \u00e9vidence la fragilit\u00e9 d\u2019un gouvernement qui voulut renforcer son suppos\u00e9 caract\u00e8re \u201csocialiste et populaire\u201d avec la pratique d\u2019un culte grotesque de la personnalit\u00e9, maintenant r\u00e9duit \u00e0 une ridicule invocation aux \u00e2mes du purgatoire. Le disparu a \u00e9t\u00e9 lui-m\u00eame l\u2019auteur principal de cette fin. Le secretisme qu\u2019entoura sa maladie \u00e9tait motiv\u00e9 par les m\u00eames ressorts de la centralisation extr\u00eame du pouvoir. Ce qui, par manque de coh\u00e9rence id\u00e9ologique interne, laisse ses suiveurs s\u2019affrontant entre eux-m\u00eames pour l\u2019h\u00e9ritage du commandement, avec un clair avantage pour les hauts bureaucrates (\u201crojo-rojitos\u201d) et la caste militaire, en pleines manouvres de n\u00e9gociation pour assurer l\u2019impunit\u00e9 de leurs corruptions.<\/p>\n<p style=\"text-align: justify\">En ce qui concerne les oppositions, celle de droite et la sociale-d\u00e9mocrate, la nouvelle situation les prend sans avoir d\u00e9pass\u00e9 leurs d\u00e9routes aux pr\u00e9sidentielles du 7-O et aux r\u00e9gionales du 16-D. \u00c9lections o\u00f9 elles s&rsquo;\u00e9taient compromises avec des illusions exag\u00e9r\u00e9es et avec l\u2019offre d\u2019un \u201cchavisme sifrino\u201d (chavisme de riches), promettant aux \u00e9lecteurs de maintenir et d\u2019\u00eatre efficaces dans l\u2019emploi des instruments du client\u00e9lisme qui avaient tant servi \u00e0 Chavez. Maintenant, cette opposition accommodante veut croire qu\u2019une fortuite m\u00e9tastase a enfin mis \u00e0 sa port\u00e9e l\u2019acc\u00e8s \u00e0 ce pouvoir politique duquel ses ambitions, erreurs, paresse et incomp\u00e9tence l\u2019a \u00e9loign\u00e9e pendant de longues ann\u00e9es. Un pouvoir qu\u2019elle exercerait avec une sottise et une ardeur pr\u00e9datrice similaires \u00e0 celles pratiqu\u00e9es par la \u00ab bolibourgeoisie \u00bb chaviste.<\/p>\n<p style=\"text-align: justify\">Face \u00e0 ces calculs mesquins et opportunistes, du Grand Pole Patriotique (\u201cGran Polo Patri\u00f3tico\u201d) et de l\u2019opposition de la Table d\u2019Unit\u00e9 D\u00e9mocratique (\u201cMesa de Unidad Democr\u00e1tica\u201d), nous nous trouvons devant la grave situation o\u00f9 se trouve ce pays: inflation emball\u00e9e, ch\u00f4mage grandissant et pr\u00e9carit\u00e9 dans le travail, d\u00e9valuation mon\u00e9taire, effrayante ins\u00e9curit\u00e9 personnelle, grave crise dans les services d\u2019eau et \u00e9lectricit\u00e9, \u00e9ducation et sant\u00e9, manque de logements, travaux publics obsol\u00e8tes ou en ex\u00e9cution brouillonne, attention d\u00e9magogique des besoins extr\u00eames des plus n\u00e9cessiteux, et un etcetera qui m\u00eame lointain n\u2019en est pas moins n\u00e9faste.<\/p>\n<p style=\"text-align: justify\">Mais ces probl\u00e8mes ne sont pas la principale pr\u00e9occupation des deux groupes en lutte pour la \u201cSilla de Miraflores\u201d (le fauteuil pr\u00e9sidentiel)\u00a0et le butin p\u00e9trolier. C\u2019est pourquoi notre r\u00e9ponse collective doit m\u00e9priser leur permanent chantage de nous demander un appui \u00e9lectoral en \u00e9change de solutions qui n\u2019arrivent jamais ou sont ridiculement incompl\u00e8tes. C\u2019est l\u2019heure de d\u00e9border ces oligarchies politiques pourries et de construire, depuis le bas, une vraie d\u00e9mocratie, avec \u00e9galit\u00e9, justice sociale et libert\u00e9. Il faut accro\u00eetre l\u2019indignation g\u00e9n\u00e9ralis\u00e9e devant la situation que nous p\u00e2tissons et la convertir en luttes sociales autonomes, larges et autogestionnaires, et dire aux politiciens du pouvoir que nous\u00a0n&rsquo;avons pas besoin d&rsquo;eux\u00a0comme interm\u00e9diaires ou comme gracieux donateurs de ce que d\u2019en bas et unis nous pouvons obtenir, sans \u201cmains blanches\u201d ou \u201cb\u00e9rets rouges\u201d.<\/p>\n<p style=\"text-align: justify\">Collectif Editeur d\u2019 EL LIBERTARIO \/\/ ellibertario@nodo50.org &#8211; @pelibertario<\/p>\n<p style=\"text-align: justify\"><a href=\"http:\/\/www.nodo50.org\/ellibertario\">www.nodo50.org\/ellibertario<\/a> &#8211; periodicoellibertario.blogspot.com<\/p>\n<p style=\"text-align: justify\">\u00a0<strong>Venezuela: l&rsquo;assassinat de Sabino Romero<\/strong><\/p>\n<p style=\"text-align: justify\">Dans la nuit du 03 mars 2013 sur la route de Chaktapa, a \u00e9t\u00e9 assassin\u00e9 dans la Montagne du Perij\u00e1 (\u00e9tat de Zulia), le \u00ab\u00a0cacique\u00a0\u00bb (chef indien) yukpa Sabino Romero, connu pour sa d\u00e9fense des droits du peuple yukpa.<\/p>\n<p style=\"text-align: justify\">Depuis le 13 novembre de 2003, date \u00e0 laquelle le pr\u00e9sident Hugo Chavez annon\u00e7a dans El Menito, Lagunillas, la multiplication par trois de l&rsquo;exploitation du charbon \u00e0 36 millions de tonnes annuelles dans les territoires habit\u00e9s par diff\u00e9rentes ethnies aborig\u00e8nes, Sabino Romero forma partie des communaut\u00e9s indig\u00e8nes qui se mobilis\u00e8rent pour refuser les cons\u00e9quences sur ses territoires de l&rsquo;expansion de la m\u00e9gaminerie dans la r\u00e9gion. La lutte de Sabino avait pour objectif l\u2019obtention de la d\u00e9marcation et titulariat des territoires indig\u00e8nes. Pour obtenir cela il r\u00e9alisa diff\u00e9rentes mobilisations, tant dans l&rsquo;\u00e9tat de Zulia comme \u00e0 Caracas, utilisant diff\u00e9rentes m\u00e9thodes de lutte, comme l&rsquo;action directe et l&rsquo;occupation de terres indig\u00e8nes aux mains des \u00e9leveurs de b\u00e9tail.<\/p>\n<p style=\"text-align: justify\">Les niveaux d&rsquo;autonomie de Sabino Romero dans sa lutte motiv\u00e8rent une strat\u00e9gie partag\u00e9e entre tous les facteurs de pouvoir r\u00e9gionaux et nationaux int\u00e9ress\u00e9s \u00e0 continuer l&rsquo;exploitation des terres indig\u00e8nes. En 2009, deux communaut\u00e9s, l\u2019une d&rsquo;elles avec Sabino Romero, occup\u00e8rent une ferme en Chaktapa, Zulia, pour d\u00e9noncer le blocage du processus de d\u00e9marcation. L&rsquo;ex\u00e9cutif national mis en place une strat\u00e9gie pour diviser les occupants, et dans un acte tr\u00e8s obscur, trois indig\u00e8nes furent assassin\u00e9s. Cela fut l&rsquo;excuse parfaite pour reprendre militairement la ferme et criminaliser Sabino Romero, qui resta 18 mois en prison accus\u00e9 d\u2019homicide pour ce fait&#8230; Pendant ce temps, les \u00e9leveurs de b\u00e9tail l&rsquo;accusaient d&rsquo;\u00eatre un voleur de b\u00e9tail et les moyens d&rsquo;information priv\u00e9s de la r\u00e9gion intensifiaient la guerre sale contre la lutte indig\u00e8ne, avec l&rsquo;appui de leurs alli\u00e9s \u00e0 Caracas: le ministre de l&rsquo;Int\u00e9rieur et de la Justice, Tareck El Aissami, et la ministre des peuples indig\u00e8nes, Nicia Maldonado. Et pendant que le chavisme autocratis\u00e9 faisait distraction sur la lutte indig\u00e8ne avec d\u00e9lations, excuses et spectacles m\u00e9diatiques chaque 12 octobre, d&rsquo;autres secteurs du chavisme isolaient Sabino Romero et les yukpas de la solidarit\u00e9 d\u2019autres mouvements sociaux et r\u00e9volutionnaires ind\u00e9pendants du contr\u00f4le de Miraflores, le Palais Pr\u00e9sidentiel. La strat\u00e9gie, depuis tous ces fronts, \u00e9tait r\u00e9alis\u00e9e par tous et pour chacun des b\u00e9n\u00e9ficiaires de l&rsquo;\u00e9conomie primaire exportatrice de min\u00e9raux et \u00e9nergie dans le pays.<\/p>\n<p style=\"text-align: justify\">L&rsquo;assassin\u00e2t d&rsquo;un militant yukpa est d\u00e9guis\u00e9 sous des versions officielles qui tentent de cacher les vrais responsables. Ces versions sont amplifi\u00e9es par le journal officiel Panorama, connu pour ses g\u00e9n\u00e9reux encarts publicitaires re\u00e7us par les corporations de l&rsquo;\u00c9tat PDVSA, Corpozulia y Carbozulia, et avalis\u00e9es par les organismes polici\u00e8rs et militaires, les m\u00eames qui ont harcel\u00e9 les communaut\u00e9s indig\u00e8nes de la Montagne du Perij\u00e1 en complicit\u00e9 avec les \u00e9leveurs de b\u00e9tail de la zone. Il est tr\u00e8s significatif que le plan d&rsquo;assassinat que Sabino avait d\u00e9nonc\u00e9 ait \u00e9t\u00e9 perp\u00e9tr\u00e9 maintenant que l&rsquo;\u00c9tat de Zulia est sous le contr\u00f4le politique des bolivariens. Comme dans le cas d&rsquo;autres militants sociaux assassin\u00e9s, les scandales m\u00e9diatiques officiels seront une carte blanche pour l&rsquo;impunit\u00e9.<\/p>\n<p style=\"text-align: justify\">La lutte de Sabino Romero affrontait, de fond, le mod\u00e8le de d\u00e9veloppement bass\u00e9 sur l&rsquo;extraction et commercialisation de ressources p\u00e9troli\u00e8res, de gaz et de min\u00e9raux sur le march\u00e9 mondial, r\u00f4le assign\u00e9 au Venezuela par la globalisation \u00e9conomique. Le capitalisme p\u00e9trolier \u00e9tatique laisse de c\u00f4t\u00e9 les cons\u00e9quences sur le milieu naturel, de m\u00eame que sur les communaut\u00e9s paysannes et indig\u00e8nes. La vraie cause de l&rsquo;arr\u00eat de la d\u00e9marcation et d\u00e9volution des terres indig\u00e8nes est que dans ces terres se trouvent les ressources min\u00e9rales pour \u00eatre export\u00e9es. C&rsquo;est pour cela que la r\u00e9sistance de Sabino \u00e9tait une r\u00e9sistance au mod\u00e8le extractif. C&rsquo;est pour cela qu&rsquo;il fallait le faire disparaitre, de n&rsquo;importe quelle mani\u00e8re.<\/p>\n<p style=\"text-align: justify\">C&rsquo;est pour cela qu&rsquo;il y a d\u00e9j\u00e0 13 yukpas morts, assassinats rest\u00e9s impunis jusqu&rsquo;\u00e0 aujourd&rsquo;hui. Et comme le d\u00e9montra le jugement contre les organisations qui apportaient leur appui \u00e0 cette lutte (Homoetnatura y Provea), Il fallait leur enlever tous les appuis possibles.<\/p>\n<p style=\"text-align: justify\">Depuis El Libertario, nous d\u00e9non\u00e7ons l&rsquo;assassinat de Sabino Romero et nous continuerons \u00e0 diffuser les luttes indig\u00e8nes et les luttes sociales avec des niveaux d&rsquo;autonomie. Sabino forme partie maintenant de la liste de combattants assassin\u00e9s pendant le gouvernement bolivarien pour d\u00e9fendre leurs droits, \u00e0 cot\u00e9 de Mija\u00edl Mart\u00ednez, Luis Hern\u00e1ndez, Richard Gallardo y Carlos Requena.<\/p>\n<p style=\"text-align: justify\">L&rsquo;unique polarisation sociale et politique que nous les anarchistes nous reconnaissons est celle qui existe entre ceux qui gouvernent et ceux qui ob\u00e9issent, entre puissants et faibles, patrons et travailleurs, enfin, entre victimes et bourreaux. C&rsquo;est pour cela que nous ne demanderons rien aux bourreaux. Nous n&rsquo;attendons rien de leur parodie de Justice, ni des larmes de crocodile des bureaucrates qui ont conduit Sabino \u00e0 la mort. Comme hier, aujourd&rsquo;hui et demain, nous continuerons \u00e0 \u00eatre mobilis\u00e9s avec tous ceux qui luttent dans le pays contre le pouvoir, jusqu\u2019au jour o\u00f9 le sang des n\u00f4tres pourra \u00eatre revendiqu\u00e9 publiquement.<\/p>\n<p style=\"text-align: justify\">Journal El Libertario &#8211; www.nodo50.org\/ellibertario &#8211;<\/p>\n<p style=\"text-align: justify\">htpp:\/\/periodicoellibertario.blogspot.com<\/p>\n<p style=\"text-align: justify\">04.03.13<\/p>\n<p style=\"text-align: justify\"><em>Mail, 6 mars 2013 (avec quelques corrections de PN)<\/em><\/p>\n<div style=\"text-align: justify\"><img loading=\"lazy\" decoding=\"async\" alt=\"http:\/\/juralib.noblogs.org\/files\/2013\/03\/501.jpg\" src=\"https:\/\/juralib.noblogs.org\/files\/2013\/03\/501.jpg\" width=\"600\" height=\"565\" \/>Avec Bachar El-Assad<\/div>\n<div style=\"text-align: justify\"><img loading=\"lazy\" decoding=\"async\" alt=\"http:\/\/juralib.noblogs.org\/files\/2013\/03\/511.jpg\" src=\"https:\/\/juralib.noblogs.org\/files\/2013\/03\/511.jpg\" width=\"600\" height=\"397\" \/>Avec Mouammar Kadhafi<\/div>\n<div style=\"text-align: justify\"><img loading=\"lazy\" decoding=\"async\" alt=\"http:\/\/juralib.noblogs.org\/files\/2013\/03\/521.jpg\" src=\"https:\/\/juralib.noblogs.org\/files\/2013\/03\/521.jpg\" width=\"600\" height=\"391\" \/>Avec Beno\u00eet XVI<\/div>\n<div style=\"text-align: justify\"><img loading=\"lazy\" decoding=\"async\" alt=\"http:\/\/juralib.noblogs.org\/files\/2013\/03\/531.jpg\" src=\"https:\/\/juralib.noblogs.org\/files\/2013\/03\/531.jpg\" width=\"600\" height=\"450\" \/>Avec Ra\u00fal Castro<\/div>\n<div style=\"text-align: justify\"><\/div>\n<p style=\"text-align: justify\"><em>Photos <a href=\"https:\/\/juralib.noblogs.org\/2013\/03\/06\/mort-aux-el-assad-et-a-tous-leurs-complices-chavez-est-mort-vive-la-liberte\/\" target=\"_blank\">compil\u00e9es sur le Jura Libertaire<\/a><\/em><\/p>\n","protected":false},"excerpt":{"rendered":"<p>Venezuela &#8211; d\u00e9claration anarchiste sur la mort de Hugo Chavez Ni deuil, ni c\u00e9l\u00e9bration! L\u2019heure de l\u2019autonomie des luttes sociales est arriv\u00e9e! Quand s\u2019additionnent une tr\u00e8s grave maladie, des soins m\u00e9dicaux conditionn\u00e9s \u00e0 des d\u00e9cisions politiques et un malade hallucin\u00e9 de pouvoir, on ne pouvait qu\u2019attendre que ce d\u00e9nouement: le caudillo est mort et un &hellip; <a href=\"https:\/\/fa86.noblogs.org\/?p=8206\" class=\"more-link\">Continuer la lecture de <span class=\"screen-reader-text\">[Venezuela] L&rsquo;autocrate Chavez est mort<\/span> <span class=\"meta-nav\">&rarr;<\/span><\/a><\/p>\n","protected":false},"author":2691,"featured_media":0,"comment_status":"open","ping_status":"open","sticky":false,"template":"","format":"standard","meta":{"footnotes":""},"categories":[11],"tags":[],"class_list":["post-8206","post","type-post","status-publish","format-standard","hentry","category-ni-patrie-ni-frontiere"],"_links":{"self":[{"href":"https:\/\/fa86.noblogs.org\/index.php?rest_route=\/wp\/v2\/posts\/8206","targetHints":{"allow":["GET"]}}],"collection":[{"href":"https:\/\/fa86.noblogs.org\/index.php?rest_route=\/wp\/v2\/posts"}],"about":[{"href":"https:\/\/fa86.noblogs.org\/index.php?rest_route=\/wp\/v2\/types\/post"}],"author":[{"embeddable":true,"href":"https:\/\/fa86.noblogs.org\/index.php?rest_route=\/wp\/v2\/users\/2691"}],"replies":[{"embeddable":true,"href":"https:\/\/fa86.noblogs.org\/index.php?rest_route=%2Fwp%2Fv2%2Fcomments&post=8206"}],"version-history":[{"count":6,"href":"https:\/\/fa86.noblogs.org\/index.php?rest_route=\/wp\/v2\/posts\/8206\/revisions"}],"predecessor-version":[{"id":8210,"href":"https:\/\/fa86.noblogs.org\/index.php?rest_route=\/wp\/v2\/posts\/8206\/revisions\/8210"}],"wp:attachment":[{"href":"https:\/\/fa86.noblogs.org\/index.php?rest_route=%2Fwp%2Fv2%2Fmedia&parent=8206"}],"wp:term":[{"taxonomy":"category","embeddable":true,"href":"https:\/\/fa86.noblogs.org\/index.php?rest_route=%2Fwp%2Fv2%2Fcategories&post=8206"},{"taxonomy":"post_tag","embeddable":true,"href":"https:\/\/fa86.noblogs.org\/index.php?rest_route=%2Fwp%2Fv2%2Ftags&post=8206"}],"curies":[{"name":"wp","href":"https:\/\/api.w.org\/{rel}","templated":true}]}}