{"id":8214,"date":"2013-03-07T09:34:49","date_gmt":"2013-03-07T08:34:49","guid":{"rendered":"http:\/\/fa86.noblogs.org\/?p=8214"},"modified":"2013-03-07T09:34:49","modified_gmt":"2013-03-07T08:34:49","slug":"poitiers-vitalis-reconduction-de-la-greve-de-55-minutes","status":"publish","type":"post","link":"https:\/\/fa86.noblogs.org\/?p=8214","title":{"rendered":"[Poitiers] Vitalis : reconduction de la gr\u00e8ve de 55 minutes"},"content":{"rendered":"<p style=\"text-align: justify\"><em><strong>NdPN<\/strong> : Non, tout ne va pas bien \u00e0 Vitalis : bravo aux camarades en gr\u00e8ve qui rel\u00e8vent la t\u00eate ! <\/em><\/p>\n<p style=\"text-align: justify\"><a href=\"\/Vienne\/Services\/Toutes-les-DMAs\/n\/Contenus\/DMAs\/2013\/03\/06\/Poitiers-Le-reseau-de-bus-perturbe-demain-matin-1360201\">86 &#8211;\u00a0 Poitiers Le r\u00e9seau de bus perturb\u00e9 demain matin<\/a><\/p>\n<p style=\"text-align: justify\">La gr\u00e8ve d&rsquo;une dur\u00e9e de 55 mn chaque jour se poursuit \u00e0 la soci\u00e9t\u00e9 de transports urbains de Poitiers. Elle a \u00e9t\u00e9 lanc\u00e9e lundi par l&rsquo;organisation syndicale Union Solidaires pour obtenir une revalorisation de la prime de l&rsquo;\u00e9quipe d\u00e9pannage de l&rsquo;atelier. La direction pr\u00e9cise que la circulation des bus pourra subir quelques perturbations de nouveau demain matin, entre 6 h 30 et 7 h 30.<\/p>\n<p style=\"text-align: justify\"><em>Nouvelle R\u00e9publique, 6 mars 2013<\/em><\/p>\n","protected":false},"excerpt":{"rendered":"<p>NdPN : Non, tout ne va pas bien \u00e0 Vitalis : bravo aux camarades en gr\u00e8ve qui rel\u00e8vent la t\u00eate ! 86 &#8211;\u00a0 Poitiers Le r\u00e9seau de bus perturb\u00e9 demain matin La gr\u00e8ve d&rsquo;une dur\u00e9e de 55 mn chaque jour se poursuit \u00e0 la soci\u00e9t\u00e9 de transports urbains de Poitiers. Elle a \u00e9t\u00e9 lanc\u00e9e lundi &hellip; <a href=\"https:\/\/fa86.noblogs.org\/?p=8214\" class=\"more-link\">Continuer la lecture de <span class=\"screen-reader-text\">[Poitiers] Vitalis : reconduction de la gr\u00e8ve de 55 minutes<\/span> <span class=\"meta-nav\">&rarr;<\/span><\/a><\/p>\n","protected":false},"author":2691,"featured_media":0,"comment_status":"open","ping_status":"open","sticky":false,"template":"","format":"standard","meta":{"footnotes":""},"categories":[9],"tags":[],"class_list":["post-8214","post","type-post","status-publish","format-standard","hentry","category-la-rue-grogne"],"_links":{"self":[{"href":"https:\/\/fa86.noblogs.org\/index.php?rest_route=\/wp\/v2\/posts\/8214","targetHints":{"allow":["GET"]}}],"collection":[{"href":"https:\/\/fa86.noblogs.org\/index.php?rest_route=\/wp\/v2\/posts"}],"about":[{"href":"https:\/\/fa86.noblogs.org\/index.php?rest_route=\/wp\/v2\/types\/post"}],"author":[{"embeddable":true,"href":"https:\/\/fa86.noblogs.org\/index.php?rest_route=\/wp\/v2\/users\/2691"}],"replies":[{"embeddable":true,"href":"https:\/\/fa86.noblogs.org\/index.php?rest_route=%2Fwp%2Fv2%2Fcomments&post=8214"}],"version-history":[{"count":2,"href":"https:\/\/fa86.noblogs.org\/index.php?rest_route=\/wp\/v2\/posts\/8214\/revisions"}],"predecessor-version":[{"id":8216,"href":"https:\/\/fa86.noblogs.org\/index.php?rest_route=\/wp\/v2\/posts\/8214\/revisions\/8216"}],"wp:attachment":[{"href":"https:\/\/fa86.noblogs.org\/index.php?rest_route=%2Fwp%2Fv2%2Fmedia&parent=8214"}],"wp:term":[{"taxonomy":"category","embeddable":true,"href":"https:\/\/fa86.noblogs.org\/index.php?rest_route=%2Fwp%2Fv2%2Fcategories&post=8214"},{"taxonomy":"post_tag","embeddable":true,"href":"https:\/\/fa86.noblogs.org\/index.php?rest_route=%2Fwp%2Fv2%2Ftags&post=8214"}],"curies":[{"name":"wp","href":"https:\/\/api.w.org\/{rel}","templated":true}]}}