{"id":822,"date":"2011-11-16T09:19:23","date_gmt":"2011-11-16T08:19:23","guid":{"rendered":"http:\/\/fa86.noblogs.org\/?p=822"},"modified":"2011-11-16T09:19:23","modified_gmt":"2011-11-16T08:19:23","slug":"poitiers-manif-detudiantes-en-orthophonie-contre-la-reforme-bertrand","status":"publish","type":"post","link":"https:\/\/fa86.noblogs.org\/?p=822","title":{"rendered":"[Poitiers] Manif d&rsquo;\u00e9tudiantEs en orthophonie contre la r\u00e9forme Bertrand"},"content":{"rendered":"<h2 style=\"text-align: justify\"><a href=\"http:\/\/www.lanouvellerepublique.fr\/vienne\/ACTUALITE\/Economie\/Social\/Les-etudiants-orthophonistes-manifestent-en-chantant\" target=\"_blank\">Les \u00e9tudiants orthophonistes manifestent en chantant<\/a><\/h2>\n<h3 style=\"text-align: justify\">Ils \u00e9taient 70 \u00e0 protester, hier place du Mar\u00e9chal-Leclerc \u00e0 Poitiers, contre la r\u00e9forme propos\u00e9e par Xavier Bertrand, ministre de la Sant\u00e9.<\/h3>\n<div style=\"text-align: justify\"><a title=\"Soixante-dix \u00e9tudiants en orthophonie ont manifest\u00e9 hier.\u00a0-\u00a0(dr)\" href=\"http:\/\/www.lanouvellerepublique.fr\/var\/plain_site\/storage\/images\/nouvelle-republique.fr\/actualite\/economie\/social\/les-etudiants-orthophonistes-manifestent-en-chantant\/112973934\/44970797-1-fre-FR\/112973934_reference.jpg\" target=\"_blank\"><img loading=\"lazy\" decoding=\"async\" src=\"http:\/\/www.lanouvellerepublique.fr\/var\/plain_site\/storage\/images\/nouvelle-republique.fr\/actualite\/economie\/social\/les-etudiants-orthophonistes-manifestent-en-chantant\/112973934\/44970797-1-fre-FR\/112973934_image_article_droite_width.jpg\" alt=\"Soixante-dix \u00e9tudiants en orthophonie ont manifest\u00e9 hier.\" width=\"490\" height=\"439\" \/> <\/a><\/p>\n<div>\u00a0<\/div>\n<p>Soixante-dix \u00e9tudiants en orthophonie ont manifest\u00e9 hier.\u00a0&#8211;\u00a0(dr)<\/p><\/div>\n<div>\n<div style=\"text-align: justify\"><a href=\"http:\/\/memorix.sdv.fr\/5c\/www.lanouvellerepublique.fr\/infoslocales\/economie_articles\/86\/1622505179\/Position1\/SDV_LNRCO\/default\/empty.gif\/5575556e55553744624b414142692f44\" target=\"_blank\"><img loading=\"lazy\" decoding=\"async\" src=\"http:\/\/memorix.sdv.fr\/5\/www.lanouvellerepublique.fr\/infoslocales\/economie_articles\/86\/1622505179\/Position1\/SDV_LNRCO\/default\/empty.gif\/5575556e55553744624b414142692f44?\" alt=\"\" width=\"1\" height=\"1\" border=\"0\" \/><\/a><\/div>\n<div style=\"text-align: justify\">\n<p>Ceux qui passaient hier, en fin d&rsquo;apr\u00e8s-midi, sur la place du Mar\u00e9chal-Leclerc \u00e0 Poitiers se sont arr\u00eat\u00e9s et ont applaudi la prestation. Visage grim\u00e9, portant un tee-shirt rouge, soixante-dix jeunes ont donn\u00e9 de la voix. Non, il ne s&rsquo;agit pas d&rsquo;une nouvelle chorale. Non, cette ritournelle ne sera pas diffus\u00e9e sur toutes les ondes. Les \u00e9tudiants en orthophonie manifestaient en chantant.<\/p>\n<p><strong>La cr\u00e9ation d&rsquo;un Master <\/strong><\/p>\n<p><em>\u00ab Nous protestons contre le projet avanc\u00e9 par le ministre de la Sant\u00e9,<\/em> explique Jeanne Roeltgen, pr\u00e9sidente de l&rsquo;Association pour les \u00e9tudiants en orthophonie de Poitiers. <em>Ce projet pr\u00e9voit une orthophonie \u00e0 deux vitesses. \u00bb<\/em> Actuellement, les \u00e9tudiants en orthophonie sont admis au centre de formation, rattach\u00e9 \u00e0 la facult\u00e9 de m\u00e9decine, sur concours. Leur cursus se d\u00e9roule sur 4 ans. <em>\u00ab Mais seul un niveau bac + 2 nous est reconnu,<\/em> pr\u00e9cise Jeanne. <em>Nous r\u00e9clamons depuis longtemps au gouvernement de cr\u00e9er un Master 2. Nous voulons approfondir nos connaissances et acc\u00e9der \u00e0 la recherche afin de permettre l&rsquo;\u00e9volution de nos pratiques. \u00bb<\/em><br \/>\nEt Xavier Bertrand acc\u00e8de \u00e0 leur demande. Pourtant les \u00e9tudiants sont en col\u00e8re. Ils n&rsquo;imaginaient pas une proposition conditionn\u00e9e : <em>\u00ab Il veut scinder notre profession,<\/em> s&rsquo;exclame Jeanne. <em>Il nous faudra passer une nouvelle s\u00e9lection au bout de nos quatre ann\u00e9es d&rsquo;\u00e9tudes pour entrer en Master 2. Notre concours d&rsquo;entr\u00e9e au centre de formation est d\u00e9j\u00e0 suffisamment exigeant. C&rsquo;est inadmissible. \u00bb<\/em><br \/>\nSelon les \u00e9tudiants, ceux qui ne pourront pas atteindre cette cinqui\u00e8me ann\u00e9e d&rsquo;\u00e9tude ne pourront plus soigner toutes les pathologies. Ceux qui l&rsquo;int\u00e9greront seront oblig\u00e9s de choisir une sp\u00e9cialit\u00e9. <em>\u00ab Ce syst\u00e8me provoquerait une baisse de l&rsquo;offre de soin de qualit\u00e9 et de proximit\u00e9 \u00bb<\/em>, s&#8217;emporte Jeanne. L&rsquo;attente est d\u00e9j\u00e0 longue pour les personnes souhaitant un rendez-vous : de 6 \u00e0 18 mois.<br \/>\nPendant 16 jours, les \u00e9tudiants des 16 villes accueillant un centre de formation en orthophonie vont se mobiliser. <em>\u00ab Et s&rsquo;il le faut nous irons tous manifester \u00e0 Paris. \u00bb<\/em> Une p\u00e9tition est \u00e0 signer sur www.mesopinions.com. Il faut taper \u00ab Pour un master en orthophonie \u00bb dans la barre de recherche.<\/p>\n<\/div>\n<p><em><!--infos auteur--><\/em><\/p>\n<p style=\"text-align: justify\"><em>Nouvelle R\u00e9publique, Magalie L\u00e9pinoux, 16 novembre 2011<\/em><\/p>\n<\/div>\n","protected":false},"excerpt":{"rendered":"<p>Les \u00e9tudiants orthophonistes manifestent en chantant Ils \u00e9taient 70 \u00e0 protester, hier place du Mar\u00e9chal-Leclerc \u00e0 Poitiers, contre la r\u00e9forme propos\u00e9e par Xavier Bertrand, ministre de la Sant\u00e9. \u00a0 Soixante-dix \u00e9tudiants en orthophonie ont manifest\u00e9 hier.\u00a0&#8211;\u00a0(dr) Ceux qui passaient hier, en fin d&rsquo;apr\u00e8s-midi, sur la place du Mar\u00e9chal-Leclerc \u00e0 Poitiers se sont arr\u00eat\u00e9s et ont &hellip; <a href=\"https:\/\/fa86.noblogs.org\/?p=822\" class=\"more-link\">Continuer la lecture de <span class=\"screen-reader-text\">[Poitiers] Manif d&rsquo;\u00e9tudiantEs en orthophonie contre la r\u00e9forme Bertrand<\/span> <span class=\"meta-nav\">&rarr;<\/span><\/a><\/p>\n","protected":false},"author":2691,"featured_media":0,"comment_status":"open","ping_status":"open","sticky":false,"template":"","format":"standard","meta":{"footnotes":""},"categories":[17,9],"tags":[],"class_list":["post-822","post","type-post","status-publish","format-standard","hentry","category-education-populaire","category-la-rue-grogne"],"_links":{"self":[{"href":"https:\/\/fa86.noblogs.org\/index.php?rest_route=\/wp\/v2\/posts\/822","targetHints":{"allow":["GET"]}}],"collection":[{"href":"https:\/\/fa86.noblogs.org\/index.php?rest_route=\/wp\/v2\/posts"}],"about":[{"href":"https:\/\/fa86.noblogs.org\/index.php?rest_route=\/wp\/v2\/types\/post"}],"author":[{"embeddable":true,"href":"https:\/\/fa86.noblogs.org\/index.php?rest_route=\/wp\/v2\/users\/2691"}],"replies":[{"embeddable":true,"href":"https:\/\/fa86.noblogs.org\/index.php?rest_route=%2Fwp%2Fv2%2Fcomments&post=822"}],"version-history":[{"count":1,"href":"https:\/\/fa86.noblogs.org\/index.php?rest_route=\/wp\/v2\/posts\/822\/revisions"}],"predecessor-version":[{"id":823,"href":"https:\/\/fa86.noblogs.org\/index.php?rest_route=\/wp\/v2\/posts\/822\/revisions\/823"}],"wp:attachment":[{"href":"https:\/\/fa86.noblogs.org\/index.php?rest_route=%2Fwp%2Fv2%2Fmedia&parent=822"}],"wp:term":[{"taxonomy":"category","embeddable":true,"href":"https:\/\/fa86.noblogs.org\/index.php?rest_route=%2Fwp%2Fv2%2Fcategories&post=822"},{"taxonomy":"post_tag","embeddable":true,"href":"https:\/\/fa86.noblogs.org\/index.php?rest_route=%2Fwp%2Fv2%2Ftags&post=822"}],"curies":[{"name":"wp","href":"https:\/\/api.w.org\/{rel}","templated":true}]}}