{"id":8223,"date":"2013-03-07T18:26:31","date_gmt":"2013-03-07T17:26:31","guid":{"rendered":"http:\/\/fa86.noblogs.org\/?p=8223"},"modified":"2013-03-07T18:28:07","modified_gmt":"2013-03-07T17:28:07","slug":"fa-tournee-de-meetings-sur-lautogestion-du-11-au-17-mars","status":"publish","type":"post","link":"https:\/\/fa86.noblogs.org\/?p=8223","title":{"rendered":"[FA] Tourn\u00e9e de meetings sur l\u2019autogestion du 11 au 17 mars"},"content":{"rendered":"<p style=\"text-align: justify\"><strong>Tourn\u00e9e de meetings sur l\u2019autogestion du 11 au 17 mars<\/strong><\/p>\n<p style=\"text-align: justify\">La F\u00e9d\u00e9ration Anarchiste organise d\u00e9but mars une tourn\u00e9e sur la diversit\u00e9 des r\u00e9ponses autogestionnaires \u00e0 la crise. Dans le prolongement de la mobilisation pour l\u2019autogestion en mai 2011, et de la Foire \u00e0 l\u2019Autogestion de juin 2012, nous souhaitons apporter notre contribution \u00e0 la popularisation des id\u00e9es et pratiques autogestionnaires. Cette semaine autogestionnaire s\u2019ouvrira par une projection-d\u00e9bat le lundi 11 mars au Chiendent \u00e0 Orl\u00e9ans autour du th\u00e8me \u00ab L\u2019autogestion, une id\u00e9e qui a fait le tour du monde \u00bb. On d\u00e9battra autour du th\u00e8me \u00ab\u00a0L\u2019autogestion, une r\u00e9ponse \u00e0 la crise ? \u00a0\u00bb le mercredi 13 mars au Biblio-caf\u00e9 \u00e0 Poitiers, puis le jeudi 14 mars \u00e0 la pizzeria Belfort \u00e0 Toulouse. Le Centre Ascaso-Durruti \u00e0 Montpellier nous accueillera le vendredi 15 mars pour un repas convivial suivi d\u2019un d\u00e9bat autour du th\u00e8me \u00ab Quelle \u00e9conomie libertaire ? \u00bb. Le samedi donnera lieu \u00e0 deux projections-d\u00e9bats \u00e0 Lyon et \u00e0 Laon. La semaine se conclura par un apr\u00e8s-midi de d\u00e9bat ouvert \u00e0 Merlieux le dimanche 17 mars autour de la diversit\u00e9 des pratiques autogestionnaires actuelles.<\/p>\n<p style=\"text-align: justify\"><strong>FACE A LA CRISE, NI AUSTERITE NI AUTORITE : AUTOGESTION !<\/strong><\/p>\n<p style=\"text-align: justify\"><strong>La crise, c\u2019est quoi ?<\/strong><\/p>\n<p style=\"text-align: justify\">La crise actuelle trouve son origine dans un m\u00e9canisme de sp\u00e9culations en cha\u00eene, les subprimes. Il est n\u00e9anmoins important de comprendre que cette crise n\u2019est pas conjoncturelle mais structurelle : c\u2019est le syst\u00e8me lui-m\u00eame qui d\u00e9raille. Le capitalisme est un syst\u00e8me instable, travers\u00e9 par des contradictions engendrant des crises. C\u2019est ainsi lui qui a cr\u00e9\u00e9 la dette, car il est bas\u00e9 de mani\u00e8re structurelle sur la sp\u00e9culation. Le capitalisme entre en crise quand il atteint un nouveau stade de d\u00e9veloppement, et pr\u00e9cis\u00e9ment depuis plusieurs d\u00e9cennies, une financiarisation accrue. C\u2019est-\u00e0-dire encore plus de place pour la finance, et encore moins pour la production r\u00e9elle (faute de rentabilit\u00e9 suffisante dans la sph\u00e8re productive depuis les ann\u00e9es 1970). En ce sens, le capitalisme c\u2019est la crise.<\/p>\n<p style=\"text-align: justify\"><strong>La crise, c\u2019est seulement \u00e9conomique ?<\/strong><\/p>\n<p style=\"text-align: justify\">La crise n\u2019est pas seulement \u00e9conomique, elle est aussi politique. Elle d\u00e9montre chaque jour un peu plus l\u2019incapacit\u00e9 des Etats \u00e0 apporter des r\u00e9ponses. Les Etats sont d\u00e9pendants du capital qui leur fournit des moyens d\u2019entretenir leur force, leurs polices, leurs arm\u00e9es : les Etats eux-m\u00eames sont endett\u00e9s. En retour, le capitalisme a besoin de la protection de l\u2019Etat, qui lui fournit des infrastructures (c\u2019est ainsi que nous avons vu les Etats venir au service des banques ou imposer de grands travaux) mais aussi les forces de r\u00e9pression, l\u2019appareil judiciaire et les politiques mon\u00e9taires ad hoc. Etat et capitalisme sont les deux faces d\u2019une m\u00eame pi\u00e8ce. Le syst\u00e8me se mord la queue. La crise est aussi une crise des Etats. Ou pour le dire autrement : le capitalisme est une politique.<\/p>\n<p style=\"text-align: justify\"><strong>Quelles r\u00e9ponses face \u00e0 la crise ?<\/strong><\/p>\n<p style=\"text-align: justify\">Dans la mesure o\u00f9 la crise est structurelle, ce n\u2019est pas un ph\u00e9nom\u00e8ne \u00e9ph\u00e9m\u00e8re. La crise va s\u2019approfondir. Etats et capitalistes veulent nous faire payer leur crise. Ils cherchent \u00e0 imposer l\u2019aust\u00e9rit\u00e9 aux populations. Cette logique est suicidaire et antisociale : elle ne r\u00e9sout pas le probl\u00e8me et en fait porter la charge sur les plus pauvres. D\u2019autres arrivent avec des r\u00e9ponses toutes faites : face \u00e0 la crise, il faut un Etat Fort. Ces solutions-l\u00e0 (protectionnisme, nationalisation) se battent pour revenir au capitalisme \u00e0 la papa, au patron bon p\u00e8re de famille, \u00e0 la r\u00e9industrialisation. Mais elles ne proposent aucune perspective face aux tendances actuelles, elles se bornent \u00e0 vouloir revenir en arri\u00e8re.<\/p>\n<p style=\"text-align: justify\"><strong>Face \u00e0 la crise, ni aust\u00e9rit\u00e9, ni autorit\u00e9 : autogestion !<\/strong><\/p>\n<p style=\"text-align: justify\">Comme la crise est \u00e0 la fois \u00e9conomique et politique, nous devons construire des r\u00e9ponses qui prennent en compte ce double aspect. Au plan \u00e9conomique, nous pouvons pr\u00e9parer et proposer des r\u00e9ponses sur le mode de l\u2019auto-organisation : n\u2019attendons pas que les r\u00e9ponses<br \/>\ntombent d\u2019en haut ! Au plan politique, ces r\u00e9seaux de solidarit\u00e9 concr\u00e8te nous donneront la l\u00e9gitimit\u00e9 pour critiquer les r\u00e9ponses \u00e9tatiques, mais aussi d\u00e9noncer l\u2019usage de la crise comme figure id\u00e9ologique et levier pour faire passer des politiques d\u2019aust\u00e9rit\u00e9.<\/p>\n<p style=\"text-align: justify\"><strong>L\u2019autogestion, c\u2019est quoi ?<\/strong><\/p>\n<p style=\"text-align: justify\">Cela signifie \u00ab g\u00e9rer soi-m\u00eame \u00bb. Autog\u00e9rer, cela veut donc dire s\u2019organiser pour que ce ne soit pas un chef qui d\u00e9cide pour les autres. Cela veut donc dire d\u00e9cider ensemble, entre individus \u00e9gaux. Mais d\u00e9cider de quoi ? Et bien d\u00e9cider de ce que l\u2019on fabrique, par exemple, de comment on va le fabriquer, le diffuser, dans quel but, de quelles fa\u00e7ons, etc. Le principe est que puisque c\u2019est nous qui consommons, puisque c\u2019est nous qui produisons, alors c\u2019est \u00e0 nous de d\u00e9cider ! Au-del\u00e0, cette reprise en main implique une remise en question radicale de la production et de la consommation. Le projet anarchiste s\u2019appuie sur ce principe, mais n\u2019est pas un programme politique \u00ab cl\u00e9 en main \u00bb : il faut s\u2019en saisir, le faire \u00e9voluer, l\u2019adapter, le perfectionner.<\/p>\n<p style=\"text-align: justify\"><strong>D\u00e8s maintenant, on fait quoi ?<\/strong><\/p>\n<p style=\"text-align: justify\">On peut faire plein de choses ! Tout d\u2019abord, ne plus accepter de subir le pouvoir, quel qu\u2019il soit. Refuser de l\u2019exercer pour commencer. L\u2019autogestion, \u00e7a s\u2019apprend : on nous a toujours appris \u00e0 subir les d\u00e9cisions des chefs, de dirigeant-e-s, il faut changer nos habitudes ! On peut aussi soutenir les projets autog\u00e9r\u00e9s qui existent d\u00e9j\u00e0 : certaines entreprises fonctionnent d\u00e9j\u00e0 de cette mani\u00e8re. Mais c\u2019est aussi le cas d\u2019associations, de collectifs, de groupements plus ou moins formels (certaines AMAP ou coop\u00e9ratives ouvri\u00e8res de production). Pour faire face \u00e0 la crise, on peut d\u00e9j\u00e0 tisser des r\u00e9seaux de solidarit\u00e9 concr\u00e8te : des bouffes collectives, des mutuelles de fraudeurs-ses, des collectifs de mal-log\u00e9-e-s&#8230; On peut utiliser l\u2019autogestion comme moyen de lutte face \u00e0 une bo\u00eete qui licencie ou un service public qu\u2019on supprime. On peut aussi impulser nous-m\u00eames de nouveaux projets, de nouvelles r\u00e9alisations qui appliquent l\u2019autogestion dans tous les domaines : clubs de sport, habitat, transports, \u00e9ducation, etc.<\/p>\n<p style=\"text-align: justify\"><strong>Mais apr\u00e8s, quelle perspective ?<\/strong><\/p>\n<p style=\"text-align: justify\">Le syst\u00e8me actuel n\u2019est pas \u00e0 sauver : il nous faut construire une r\u00e9elle alternative. Ici et maintenant, en nous basant sur la solidarit\u00e9, l\u2019entraide. Ici et maintenant ne signifie pas que nous abandonnons la perspective r\u00e9volutionnaire, \u00e0 la mani\u00e8re de ceux qui ont r\u00e9cup\u00e9r\u00e9 le terme \u00ab autogestion \u00bb pour pousser les travailleurs-ses \u00e0 participer \u00e0 leur propre exploitation. Au contraire, les anarchistes portent la perspective d\u2019un changement radical de soci\u00e9t\u00e9 : l\u2019autogestion g\u00e9n\u00e9ralis\u00e9e pourrait permettre \u00e0 la fois la r\u00e9appropriation des moyens de production et la participation directe aux d\u00e9cisions concernant ce que nous produisons, et plus largement notre mani\u00e8re<br \/>\nde vivre. Ici et maintenant signifie donc simplement qu\u2019il est possible de commencer \u00e0 avancer dans ce sens sans attendre, en diffusant les id\u00e9es et les pratiques autogestionnaires, en construisant nos projets, nos organisations et nos luttes de mani\u00e8re \u00e9galitaire et libertaire.<\/p>\n<p style=\"text-align: justify\"><strong>Faisons leur payer leur crise !<\/strong><\/p>\n<p style=\"text-align: justify\"><em>F\u00e9d\u00e9ration Anarchiste, 6 mars 2013<\/em><\/p>\n","protected":false},"excerpt":{"rendered":"<p>Tourn\u00e9e de meetings sur l\u2019autogestion du 11 au 17 mars La F\u00e9d\u00e9ration Anarchiste organise d\u00e9but mars une tourn\u00e9e sur la diversit\u00e9 des r\u00e9ponses autogestionnaires \u00e0 la crise. Dans le prolongement de la mobilisation pour l\u2019autogestion en mai 2011, et de la Foire \u00e0 l\u2019Autogestion de juin 2012, nous souhaitons apporter notre contribution \u00e0 la popularisation &hellip; <a href=\"https:\/\/fa86.noblogs.org\/?p=8223\" class=\"more-link\">Continuer la lecture de <span class=\"screen-reader-text\">[FA] Tourn\u00e9e de meetings sur l\u2019autogestion du 11 au 17 mars<\/span> <span class=\"meta-nav\">&rarr;<\/span><\/a><\/p>\n","protected":false},"author":2691,"featured_media":0,"comment_status":"open","ping_status":"open","sticky":false,"template":"","format":"standard","meta":{"footnotes":""},"categories":[27,4],"tags":[],"class_list":["post-8223","post","type-post","status-publish","format-standard","hentry","category-alternatives-en-actes","category-se-trouver"],"_links":{"self":[{"href":"https:\/\/fa86.noblogs.org\/index.php?rest_route=\/wp\/v2\/posts\/8223","targetHints":{"allow":["GET"]}}],"collection":[{"href":"https:\/\/fa86.noblogs.org\/index.php?rest_route=\/wp\/v2\/posts"}],"about":[{"href":"https:\/\/fa86.noblogs.org\/index.php?rest_route=\/wp\/v2\/types\/post"}],"author":[{"embeddable":true,"href":"https:\/\/fa86.noblogs.org\/index.php?rest_route=\/wp\/v2\/users\/2691"}],"replies":[{"embeddable":true,"href":"https:\/\/fa86.noblogs.org\/index.php?rest_route=%2Fwp%2Fv2%2Fcomments&post=8223"}],"version-history":[{"count":3,"href":"https:\/\/fa86.noblogs.org\/index.php?rest_route=\/wp\/v2\/posts\/8223\/revisions"}],"predecessor-version":[{"id":8225,"href":"https:\/\/fa86.noblogs.org\/index.php?rest_route=\/wp\/v2\/posts\/8223\/revisions\/8225"}],"wp:attachment":[{"href":"https:\/\/fa86.noblogs.org\/index.php?rest_route=%2Fwp%2Fv2%2Fmedia&parent=8223"}],"wp:term":[{"taxonomy":"category","embeddable":true,"href":"https:\/\/fa86.noblogs.org\/index.php?rest_route=%2Fwp%2Fv2%2Fcategories&post=8223"},{"taxonomy":"post_tag","embeddable":true,"href":"https:\/\/fa86.noblogs.org\/index.php?rest_route=%2Fwp%2Fv2%2Ftags&post=8223"}],"curies":[{"name":"wp","href":"https:\/\/api.w.org\/{rel}","templated":true}]}}