{"id":8238,"date":"2013-03-08T16:33:49","date_gmt":"2013-03-08T15:33:49","guid":{"rendered":"http:\/\/fa86.noblogs.org\/?p=8238"},"modified":"2013-03-08T16:33:49","modified_gmt":"2013-03-08T15:33:49","slug":"la-bussiere-86-le-droit-au-logement-parlons-en-why-not","status":"publish","type":"post","link":"https:\/\/fa86.noblogs.org\/?p=8238","title":{"rendered":"[La Bussi\u00e8re &#8211; 86] Le droit au logement parlons-en, why not ?"},"content":{"rendered":"<p style=\"text-align: justify\"><strong>Le droit au logement parlons-en, why not ?<\/strong><\/p>\n<p style=\"text-align: justify\"><strong>Le droit au logement non aux expulsions !<\/strong><\/p>\n<p style=\"text-align: justify\">Voil\u00e0 plus d&rsquo;un an, le 9 f\u00e9vrier 2012, nous avons cr\u00e9\u00e9 le <span style=\"font-family: Bookman-BoldItalic\">Droit au logement 86<\/span><span style=\"font-family: Bookman-MediumItalic\">. <\/span>Il ne s\u2019agissait pas pour nous d\u2019une \u00e9ni\u00e8me association mais de combler un vide. En effet, bien qu\u2019il y ait des associations de locataires, d\u2019aide aux personnes sans abri, de soutien aux personnes en situation irr\u00e9guli\u00e8re\u2026 il n\u2019y a pas sur Poitiers d\u2019association qui agisse aussi transversalement sur le logement que pouvait le faire un DAL. Un autre int\u00e9r\u00eat du DAL c&rsquo;\u00e9tait ses m\u00e9thodes offensives (utilisation d\u2019ultimatums, r\u00e9quisitions, lobbying\u2026) qui nous semblaient pouvoir \u00eatre efficaces dans le rapport de forces actuel. Enfin un dernier int\u00e9r\u00eat de cette association c&rsquo;est que <span style=\"font-family: Bookman-BoldItalic\">le logement est un droit. <\/span>Ce qui donne une orientation particuli\u00e8re \u00e0 la lutte puisque non seulement les revendications sont l\u00e9gitimes mais elles sont l\u00e9gales. Les actions du DAL86 se sont orient\u00e9es prioritairement sur l&rsquo;h\u00e9bergement d\u2019urgence (y compris celui des personnes en situation irr\u00e9guli\u00e8re), un peu sur les probl\u00e8mes locatifs y compris le logement indigne et sur le logement social. Aujourd&rsquo;hui, nous avons conscience d&rsquo;\u00eatre, pour le DAL86 c&rsquo;est-\u00e0-dire le DAL de la Vienne, trop centr\u00e9s sur la r\u00e9gion de Poitiers. Aussi, en venant ici \u00e0 la Bussi\u00e8re, nous souhaiterions en vous rencontrant et en \u00e9changeant avec vous nous ouvrir sur les probl\u00e8mes concernant le logement \u00ab hors Poitiers \u00bb.<\/p>\n<p style=\"text-align: justify\"><strong>Venez en discuter avec des militants du DAL 86 Jeudi 14 mars \u00e0 19 h au pub le \u00ab Why not \u00bb \u00e0 La Bussi\u00e8re<\/strong><\/p>\n<p style=\"text-align: justify\"><em>DAL86<\/em><\/p>\n<p style=\"text-align: justify\"><em>www.dal86.fr \u2013 dal86@free.fr \u2013 06 52 93 54 44 \/ 05 49 88 94 56<\/em><\/p>\n<p style=\"text-align: justify\"><em>Permanences : tous les samedis matin de 11h \u00e0 12h et tous les mardis soir de 17h \u00e0 18h Maison de la Solidarit\u00e9 22 rue du Pigeon Blanc Poitiers<\/em><\/p>\n<p style=\"text-align: justify\">Organis\u00e9 par l\u2019association Acratie et L\u2019Epine noire, journal poitevin de contre-information<\/p>\n<p style=\"text-align: justify\"><em>Mail, 8 mars 2013<\/em><\/p>\n","protected":false},"excerpt":{"rendered":"<p>Le droit au logement parlons-en, why not ? Le droit au logement non aux expulsions ! Voil\u00e0 plus d&rsquo;un an, le 9 f\u00e9vrier 2012, nous avons cr\u00e9\u00e9 le Droit au logement 86. Il ne s\u2019agissait pas pour nous d\u2019une \u00e9ni\u00e8me association mais de combler un vide. En effet, bien qu\u2019il y ait des associations de &hellip; <a href=\"https:\/\/fa86.noblogs.org\/?p=8238\" class=\"more-link\">Continuer la lecture de <span class=\"screen-reader-text\">[La Bussi\u00e8re &#8211; 86] Le droit au logement parlons-en, why not ?<\/span> <span class=\"meta-nav\">&rarr;<\/span><\/a><\/p>\n","protected":false},"author":2691,"featured_media":0,"comment_status":"open","ping_status":"open","sticky":false,"template":"","format":"standard","meta":{"footnotes":""},"categories":[4,29],"tags":[],"class_list":["post-8238","post","type-post","status-publish","format-standard","hentry","category-se-trouver","category-un-toit-pour-tou-te-s"],"_links":{"self":[{"href":"https:\/\/fa86.noblogs.org\/index.php?rest_route=\/wp\/v2\/posts\/8238","targetHints":{"allow":["GET"]}}],"collection":[{"href":"https:\/\/fa86.noblogs.org\/index.php?rest_route=\/wp\/v2\/posts"}],"about":[{"href":"https:\/\/fa86.noblogs.org\/index.php?rest_route=\/wp\/v2\/types\/post"}],"author":[{"embeddable":true,"href":"https:\/\/fa86.noblogs.org\/index.php?rest_route=\/wp\/v2\/users\/2691"}],"replies":[{"embeddable":true,"href":"https:\/\/fa86.noblogs.org\/index.php?rest_route=%2Fwp%2Fv2%2Fcomments&post=8238"}],"version-history":[{"count":2,"href":"https:\/\/fa86.noblogs.org\/index.php?rest_route=\/wp\/v2\/posts\/8238\/revisions"}],"predecessor-version":[{"id":8240,"href":"https:\/\/fa86.noblogs.org\/index.php?rest_route=\/wp\/v2\/posts\/8238\/revisions\/8240"}],"wp:attachment":[{"href":"https:\/\/fa86.noblogs.org\/index.php?rest_route=%2Fwp%2Fv2%2Fmedia&parent=8238"}],"wp:term":[{"taxonomy":"category","embeddable":true,"href":"https:\/\/fa86.noblogs.org\/index.php?rest_route=%2Fwp%2Fv2%2Fcategories&post=8238"},{"taxonomy":"post_tag","embeddable":true,"href":"https:\/\/fa86.noblogs.org\/index.php?rest_route=%2Fwp%2Fv2%2Ftags&post=8238"}],"curies":[{"name":"wp","href":"https:\/\/api.w.org\/{rel}","templated":true}]}}