{"id":8252,"date":"2013-03-09T08:46:33","date_gmt":"2013-03-09T07:46:33","guid":{"rendered":"http:\/\/fa86.noblogs.org\/?p=8252"},"modified":"2013-03-09T08:46:33","modified_gmt":"2013-03-09T07:46:33","slug":"dal-86-pour-un-centre-dhebergement-dans-lex-lycee-des-feuillants","status":"publish","type":"post","link":"https:\/\/fa86.noblogs.org\/?p=8252","title":{"rendered":"[DAL 86] Pour un centre d\u2019h\u00e9bergement dans l\u2019ex-Lyc\u00e9e des Feuillants"},"content":{"rendered":"<p style=\"text-align: justify\"><a href=\"http:\/\/dal86.fr\/2013\/03\/09\/pour-un-centre-dhebergement-dans-lex-lycee-des-feuillants-2\/\" target=\"_blank\"><strong>Pour un centre d\u2019h\u00e9bergement dans l\u2019ex-Lyc\u00e9e des Feuillants<\/strong><\/a><\/p>\n<p style=\"text-align: justify\">Suite \u00e0 l\u2019article <a href=\"http:\/\/www.lanouvellerepublique.fr\/Vienne\/Actualite\/24-Heures\/n\/Contenus\/Articles\/2013\/03\/08\/La-cite-judiciaire-rattrapee-par-la-justice-1361680\" target=\"_blank\">La cit\u00e9 judiciaire rattrap\u00e9e par la justice NR 08\/03\/2013<\/a> rappelons que la situation de nombreuses familles et personnes est dramatique sur Poitiers. En ce moment le Dal86 soutient plus d\u2019une dizaine de familles \u2014 soit une cinquantaine de personnes <b>dont <\/b><i><b>quand m\u00eame<\/b><\/i><b> la moiti\u00e9 d\u2019enfants<\/b> -, et une dizaine de personnes seules qui n\u2019ont pas de logement et qui sont dans la gal\u00e8re.<\/p>\n<p style=\"text-align: justify\">Sauf en p\u00e9riode de \u201cplan grand froid\u201d le 115 n\u2019a pas de place. Et quand il y en a, l\u2019h\u00e9bergement n\u2019est pas continu comme la loi y oblige. Ce sont plut\u00f4t les femmes et les enfants qui sont prioritaires. Alors, rappelons-le, que l\u2019h\u00e9bergement d\u2019urgence est un DROIT FONDAMENTAL en France, alors que la Convention internationale des droits de l\u2019enfant impose de prendre en compte \u201cl\u2019int\u00e9r\u00eat sup\u00e9rieur de l\u2019enfant\u201d, les p\u00e8res de familles sont h\u00e9berg\u00e9s au mieux par p\u00e9riodes : deux trois jours puis \u00e0 la rue pendant une semaine, puis deux trois jours et ainsi de suite.<\/p>\n<p style=\"text-align: justify\"><b>Exigeons que la pr\u00e9fecture et les autorit\u00e9s respectent les lois qu\u2019elles se sont donn\u00e9es elles-m\u00eames.<\/b><\/p>\n<p style=\"text-align: justify\">Exigeons donc, qu\u2019au lieu de dissuader les gens d\u2019exercer leurs droits, qu\u2019au lieu d\u2019\u00eatre au service des propri\u00e9taires immobiliers, les autorit\u00e9s, pr\u00e9fecture, mairie, Conseil g\u00e9n\u00e9ral\u2026 respectent la loi et mettent en place un <b>v\u00e9ritable service d\u2019h\u00e9bergement et de logement<\/b>. En fait, tout ce qui est prescrit par la loi du 25 mars 2009 et qui n\u2019existe pas sur Poitiers : Un accueil <b>inconditionnel<\/b> et <b>p\u00e9renne<\/b> car<em> \u00ab <\/em><em><i>Ce dispositif fonctionne sans interruption et peut \u00eatre saisi par toute personne, organisme ou collectivit\u00e9<\/i><\/em><em> \u00bb \u00ab <\/em><em><i>toute personne accueillie dans une structure d\u2019h\u00e9bergement d\u2019urgence doit pouvoir [\u2026] y demeurer, d\u00e8s lors qu\u2019elle le souhaite \u00bb<\/i><\/em><em>\u00a0 ; <\/em>un accueil<em> \u00ab\u00a0 <\/em><em><i>conforme \u00e0 la <\/i><\/em><em><i><b>dignit\u00e9<\/b><\/i><\/em><em> <\/em><em><i>de la personne humaine<\/i><\/em><em> \u00bb ;<\/em> des<em> \u00ab <\/em><em><i><b>prestations<\/b><\/i><\/em><em> <\/em><em><i>assurant le g\u00eete, le couvert et l\u2019hygi\u00e8ne, une premi\u00e8re \u00e9valuation m\u00e9dicale, psychique et sociale<\/i><\/em><em> \u00bb ; <\/em>une premi\u00e8re <b>orientation<\/b> <em>\u00ab <\/em><em><i>vers tout professionnel ou toute structure susceptibles de lui apporter l\u2019aide justifi\u00e9e par son \u00e9tat, notamment un centre d\u2019h\u00e9bergement et de r\u00e9insertion sociale, un h\u00e9bergement de stabilisation, une pension de famille, un logement-foyer, un \u00e9tablissement pour personnes \u00e2g\u00e9es d\u00e9pendantes, un lit halte soins sant\u00e9 ou un service hospitalier<\/i><\/em><em> \u00bb ; <\/em>un <b>accompagnement personnalis\u00e9<\/b> digne de ce nom :<em> \u00ab <\/em><em><i>Toute personne accueillie dans une structure d\u2019h\u00e9bergement d\u2019urgence doit pouvoir y b\u00e9n\u00e9ficier d\u2019un accompagnement personnalis\u00e9<\/i><\/em><em> \u00bb ; <\/em>une <b>seconde orientation<\/b><em> \u00ab <\/em><em><i>vers une structure d\u2019h\u00e9bergement stable ou de soins, ou vers un logement, adapt\u00e9s \u00e0 sa situation<\/i><\/em><em> \u00bb . <\/em><b>Le but ultime est bien de vivre dans un logement stable<\/b> car le seul h\u00e9bergement n\u2019est pas une fin en soi puisqu\u2019il s\u2019agit d\u2019aider<em> \u00ab <\/em><em><i>les personnes et les familles qui connaissent de graves difficult\u00e9s, notamment \u00e9conomiques, familiales, de logement, de sant\u00e9 ou d\u2019insertion<\/i><\/em><em> \u00bb<\/em> \u00e0<em> \u00ab <\/em><em><i>acc\u00e9der ou \u00e0 recouvrer leur autonomie personnelle et sociale<\/i><\/em><em> \u00bb.<\/em><\/p>\n<p style=\"text-align: justify\" align=\"CENTER\"><b>L\u2019ex-Lyc\u00e9e des Feuillants, en particulier les parties gard\u00e9es par la Mairie qui contiennent l\u2019ancien internat, serait un lieu bien adapt\u00e9 pour h\u00e9berger les gens qui sont dans le besoin.<\/b><\/p>\n<p style=\"text-align: justify\" align=\"CENTER\"><b>M\u00eame pas besoin que le maire exerce son pouvoir de r\u00e9quisition puisque \u00e7a lui appartient. Il suffirait qu\u2019il pr\u00eate les lieux \u00e0 la pr\u00e9fecture pour qu\u2019elle respecte la loi en h\u00e9bergeant les gens qui le n\u00e9cessitent. Il pourrait m\u00eame les lui donner comme il a donn\u00e9 le reste de la b\u00e2tisse au minist\u00e8re de la justice.<\/b><\/p>\n<p style=\"text-align: justify\" align=\"RIGHT\">DAL86 <strong><a href=\"http:\/\/www.dal86.fr\/\">www.dal86.fr<\/a><\/strong> \u2013 <strong><a href=\"mailto:dal86@free.fr\" target=\"_blank\">dal86@free.fr<\/a><\/strong> <strong>\u2013 06 52 93 54 44 \/ 05 49 88 94 56<\/strong><\/p>\n<p style=\"text-align: justify\"><em>Permanences : tous les samedis matin de 11h \u00e0 12h et tous les mardis soirs de 17h \u00e0 18h Maison de la Solidarit\u00e9 22 rue du Pigeon Blanc Poitiers<\/em><\/p>\n<p style=\"text-align: justify\"><em>Vu sur DAL 86, 9 mars 2013<\/em><\/p>\n","protected":false},"excerpt":{"rendered":"<p>Pour un centre d\u2019h\u00e9bergement dans l\u2019ex-Lyc\u00e9e des Feuillants Suite \u00e0 l\u2019article La cit\u00e9 judiciaire rattrap\u00e9e par la justice NR 08\/03\/2013 rappelons que la situation de nombreuses familles et personnes est dramatique sur Poitiers. En ce moment le Dal86 soutient plus d\u2019une dizaine de familles \u2014 soit une cinquantaine de personnes dont quand m\u00eame la moiti\u00e9 &hellip; <a href=\"https:\/\/fa86.noblogs.org\/?p=8252\" class=\"more-link\">Continuer la lecture de <span class=\"screen-reader-text\">[DAL 86] Pour un centre d\u2019h\u00e9bergement dans l\u2019ex-Lyc\u00e9e des Feuillants<\/span> <span class=\"meta-nav\">&rarr;<\/span><\/a><\/p>\n","protected":false},"author":2691,"featured_media":0,"comment_status":"open","ping_status":"open","sticky":false,"template":"","format":"standard","meta":{"footnotes":""},"categories":[29],"tags":[],"class_list":["post-8252","post","type-post","status-publish","format-standard","hentry","category-un-toit-pour-tou-te-s"],"_links":{"self":[{"href":"https:\/\/fa86.noblogs.org\/index.php?rest_route=\/wp\/v2\/posts\/8252","targetHints":{"allow":["GET"]}}],"collection":[{"href":"https:\/\/fa86.noblogs.org\/index.php?rest_route=\/wp\/v2\/posts"}],"about":[{"href":"https:\/\/fa86.noblogs.org\/index.php?rest_route=\/wp\/v2\/types\/post"}],"author":[{"embeddable":true,"href":"https:\/\/fa86.noblogs.org\/index.php?rest_route=\/wp\/v2\/users\/2691"}],"replies":[{"embeddable":true,"href":"https:\/\/fa86.noblogs.org\/index.php?rest_route=%2Fwp%2Fv2%2Fcomments&post=8252"}],"version-history":[{"count":2,"href":"https:\/\/fa86.noblogs.org\/index.php?rest_route=\/wp\/v2\/posts\/8252\/revisions"}],"predecessor-version":[{"id":8254,"href":"https:\/\/fa86.noblogs.org\/index.php?rest_route=\/wp\/v2\/posts\/8252\/revisions\/8254"}],"wp:attachment":[{"href":"https:\/\/fa86.noblogs.org\/index.php?rest_route=%2Fwp%2Fv2%2Fmedia&parent=8252"}],"wp:term":[{"taxonomy":"category","embeddable":true,"href":"https:\/\/fa86.noblogs.org\/index.php?rest_route=%2Fwp%2Fv2%2Fcategories&post=8252"},{"taxonomy":"post_tag","embeddable":true,"href":"https:\/\/fa86.noblogs.org\/index.php?rest_route=%2Fwp%2Fv2%2Ftags&post=8252"}],"curies":[{"name":"wp","href":"https:\/\/api.w.org\/{rel}","templated":true}]}}