{"id":8255,"date":"2013-03-09T09:21:57","date_gmt":"2013-03-09T08:21:57","guid":{"rendered":"http:\/\/fa86.noblogs.org\/?p=8255"},"modified":"2013-03-09T14:38:42","modified_gmt":"2013-03-09T13:38:42","slug":"86-quand-les-institutions-surfent-sur-la-journee-de-la-femme","status":"publish","type":"post","link":"https:\/\/fa86.noblogs.org\/?p=8255","title":{"rendered":"[86] Quand les institutions surfent sur la journ\u00e9e de la femme"},"content":{"rendered":"<p style=\"text-align: justify\">Nos ch\u00e8res institutions n&rsquo;en ratent d\u00e9cid\u00e9ment pas une quand il s&rsquo;agit de faire les louanges de la LGV Tours-Bordeaux, ou plus g\u00e9n\u00e9ralement de l&rsquo;esclavage salarial. Relay\u00e9es comme il se doit par notre ch\u00e8re presse locale (pour changer). Deux articles de la Nouvelle R\u00e9publique \u00e9voquent ainsi deux \u00e9v\u00e9nements m\u00e9diatiques surfant sur \u00ab\u00a0la journ\u00e9e de la femme\u00a0\u00bb, avec des femmes&#8230; de pouvoir.<\/p>\n<p style=\"text-align: justify\">L&rsquo;un avec la nouvelle pr\u00e9f\u00e8te de la Vienne, rencontrant la responsable de la comm de Lisea (filiale de Vinci), <a href=\"http:\/\/www.lanouvellerepublique.fr\/Vienne\/Actualite\/Economie-social\/n\/Contenus\/Articles\/2013\/03\/09\/Les-femmes-du-chantier-de-la-LGV-a-l-honneur-1363998\" target=\"_blank\">vantant les m\u00e9rites de la mixit\u00e9 pour construire la LGV Vinci<\/a>. Apr\u00e8s <a href=\"https:\/\/fa86.noblogs.org\/?p=7603\" target=\"_blank\">l&rsquo;argument de l&#8217;emploi<\/a>, et les <a href=\"https:\/\/fa86.noblogs.org\/?p=8094\" target=\"_blank\">enfants handicap\u00e9s<\/a>, la promotion des femmes ! L&rsquo;Etat et Vinci ne reculent devant rienpour imposer leur chantier en forme de d\u00e9sastre social et \u00e9cologique.<\/p>\n<p style=\"text-align: justify\">L&rsquo;autre d&rsquo;une eurod\u00e9put\u00e9e \u00ab\u00a0socialiste\u00a0\u00bb, qui propose une \u00ab\u00a0carte professionnelle europ\u00e9enne\u00a0\u00bb, non sans une vibrante tirade : <a href=\"http:\/\/www.lanouvellerepublique.fr\/Vienne\/Actualite\/Education\/n\/Contenus\/Articles\/2013\/03\/09\/La-jeunesse-est-l-avenir-de-l-Europe-1363257\" target=\"_blank\"><em>\u00ab aujourd&rsquo;hui, c&rsquo;est la journ\u00e9e des femmes. Le po\u00e8te dit que la femme est l&rsquo;avenir de l&rsquo;homme, moi je rajoute que la jeunesse est l&rsquo;avenir de l&rsquo;Europe \u00bb<\/em><\/a><\/p>\n<p style=\"text-align: justify\">PS : Rien \u00e0 voir, mais hier a eu lieu \u00e0 Paris une manif \u00e0 l&rsquo;occasion de la journ\u00e9e de la femme.\u00a0La F\u00e9d\u00e9ration Anarchiste avait appel\u00e9 \u00e0 constituer un cort\u00e8ge libertaire, pour d\u00e9fendre l&rsquo;autonomie des luttes antipatriarcales, contre les r\u00e9cup\u00e9rations institutionnelles. Le service d&rsquo;ordre du PCF, sans doute pour f\u00eater \u00e0 son humble mesure les 60 ans du regrett\u00e9 Staline, a gaz\u00e9 le cort\u00e8ge anarchiste au d\u00e9part de la manif (\u00e0 Stalingrad, \u00e7a ne s&rsquo;invente pas). Compagnons et compagnes ont \u00e9t\u00e9 vis\u00e9-e-s\u00a0: il faut bien d\u00e9fendre la parit\u00e9&#8230; un communiqu\u00e9 f\u00e9d\u00e9ral suivra bient\u00f4t.<\/p>\n<p style=\"text-align: justify\"><em>Pavillon Noir, 9 mars 2013<\/em><\/p>\n","protected":false},"excerpt":{"rendered":"<p>Nos ch\u00e8res institutions n&rsquo;en ratent d\u00e9cid\u00e9ment pas une quand il s&rsquo;agit de faire les louanges de la LGV Tours-Bordeaux, ou plus g\u00e9n\u00e9ralement de l&rsquo;esclavage salarial. Relay\u00e9es comme il se doit par notre ch\u00e8re presse locale (pour changer). Deux articles de la Nouvelle R\u00e9publique \u00e9voquent ainsi deux \u00e9v\u00e9nements m\u00e9diatiques surfant sur \u00ab\u00a0la journ\u00e9e de la femme\u00a0\u00bb, &hellip; <a href=\"https:\/\/fa86.noblogs.org\/?p=8255\" class=\"more-link\">Continuer la lecture de <span class=\"screen-reader-text\">[86] Quand les institutions surfent sur la journ\u00e9e de la femme<\/span> <span class=\"meta-nav\">&rarr;<\/span><\/a><\/p>\n","protected":false},"author":2691,"featured_media":0,"comment_status":"open","ping_status":"open","sticky":false,"template":"","format":"standard","meta":{"footnotes":""},"categories":[21,8,9,7,14],"tags":[],"class_list":["post-8255","post","type-post","status-publish","format-standard","hentry","category-desinformation-bourgeoise","category-ecrits","category-la-rue-grogne","category-propagande-marchande","category-questions-de-genres"],"_links":{"self":[{"href":"https:\/\/fa86.noblogs.org\/index.php?rest_route=\/wp\/v2\/posts\/8255","targetHints":{"allow":["GET"]}}],"collection":[{"href":"https:\/\/fa86.noblogs.org\/index.php?rest_route=\/wp\/v2\/posts"}],"about":[{"href":"https:\/\/fa86.noblogs.org\/index.php?rest_route=\/wp\/v2\/types\/post"}],"author":[{"embeddable":true,"href":"https:\/\/fa86.noblogs.org\/index.php?rest_route=\/wp\/v2\/users\/2691"}],"replies":[{"embeddable":true,"href":"https:\/\/fa86.noblogs.org\/index.php?rest_route=%2Fwp%2Fv2%2Fcomments&post=8255"}],"version-history":[{"count":3,"href":"https:\/\/fa86.noblogs.org\/index.php?rest_route=\/wp\/v2\/posts\/8255\/revisions"}],"predecessor-version":[{"id":8257,"href":"https:\/\/fa86.noblogs.org\/index.php?rest_route=\/wp\/v2\/posts\/8255\/revisions\/8257"}],"wp:attachment":[{"href":"https:\/\/fa86.noblogs.org\/index.php?rest_route=%2Fwp%2Fv2%2Fmedia&parent=8255"}],"wp:term":[{"taxonomy":"category","embeddable":true,"href":"https:\/\/fa86.noblogs.org\/index.php?rest_route=%2Fwp%2Fv2%2Fcategories&post=8255"},{"taxonomy":"post_tag","embeddable":true,"href":"https:\/\/fa86.noblogs.org\/index.php?rest_route=%2Fwp%2Fv2%2Ftags&post=8255"}],"curies":[{"name":"wp","href":"https:\/\/api.w.org\/{rel}","templated":true}]}}