{"id":8264,"date":"2013-03-10T10:32:14","date_gmt":"2013-03-10T09:32:14","guid":{"rendered":"http:\/\/fa86.noblogs.org\/?p=8264"},"modified":"2013-03-11T08:49:25","modified_gmt":"2013-03-11T07:49:25","slug":"sillars-86-mobilisation-de-parents-deleves-pour-le-maintien-dune-classe","status":"publish","type":"post","link":"https:\/\/fa86.noblogs.org\/?p=8264","title":{"rendered":"[Sillars &#8211; 86] Mobilisation de parents d&rsquo;\u00e9l\u00e8ves pour le maintien d&rsquo;une classe"},"content":{"rendered":"<p style=\"text-align: justify\"><a href=\"http:\/\/www.lanouvellerepublique.fr\/Vienne\/Actualite\/Education\/n\/Contenus\/Articles\/2013\/03\/10\/Menace-de-fermeture-de-classes-1364727\" target=\"_blank\"><strong>Menace de fermeture de classes<\/strong><\/a><\/p>\n<p style=\"text-align: justify\">Depuis vendredi apr\u00e8s-midi, c&rsquo;est le branle-bas de combat au sein de l&rsquo;association de parents d&rsquo;\u00e9l\u00e8ves de Sillars. Une enseignante a \u00e9t\u00e9 alert\u00e9e par un repr\u00e9sentant syndical du fait que la future carte scolaire (actuellement en n\u00e9gociation \u00e0 l&rsquo;acad\u00e9mie) pr\u00e9voyait la fermeture de l&rsquo;une des trois classes de Sillars.<\/p>\n<div id=\"text\" style=\"text-align: justify\">\n<p>Selon Karen Garcia, secr\u00e9taire de l&rsquo;APE, ce serait la classe de cycle 3 (CE2\/CM1\/CM2) qui serait vis\u00e9e. \u00ab<i> Nous ne comprenons pas le principe de cette d\u00e9cision. L&rsquo;effectif actuel de l&rsquo;\u00e9cole est de 54 \u00e9l\u00e8ves, plus 4 enfants de 2 \u00e0 3 ans. L&rsquo;an prochain, il se maintient \u00e0 54 \u00e9l\u00e8ves, plus 7 enfants de moins de 3 ans. De surcro\u00eet, pour des raisons de superficie de locaux, il est impossible dans le b\u00e2timent actuel de l&rsquo;\u00e9cole d&rsquo;am\u00e9nager des classes pouvant accueillir 32 enfants. Une telle d\u00e9cision va tuer l&rsquo;\u00e9cole \u00bb<\/i>, d\u00e9plore cette maman, l&rsquo;une des sept assistantes maternelles de la commune.<\/p>\n<p><b>Riposter avant le 18 mars<\/b><\/p>\n<p>L&rsquo;association entend donc riposter au plus vite \u00e0 ce projet, car le temps presse\u2009: le conseil d&rsquo;\u00e9cole se r\u00e9unit mardi, le groupe de travail jeudi pour une prise de d\u00e9cision effective le 18 mars prochain, dans le cadre des n\u00e9gociations paritaires se tenant \u00e0 Poitiers. Jointe au t\u00e9l\u00e9phone, Maryvonne Tavilien, maire de Sillars, avoue n&rsquo;avoir pas \u00e9t\u00e9 inform\u00e9e officiellement\u2009: \u00ab<i> Je n&rsquo;ai pas r\u00e9ussi \u00e0 joindre l&rsquo;inspecteur d&rsquo;acad\u00e9mie vendredi. Je vais me pencher d\u00e8s lundi sur la question <\/i>\u00bb. Si l&rsquo;annonce se v\u00e9rifie, elle d\u00e9clare partager les inqui\u00e9tudes des parents d&rsquo;\u00e9l\u00e8ves.<\/p>\n<p><b>Millac et Adriers aussi sur la sellette<\/b><\/p>\n<p>L&rsquo;information communiqu\u00e9e aux parents de Sillars concernerait \u00e9galement et une nouvelle fois le r\u00e9seau d&rsquo;\u00e9coles du Val-de-Gartempe. Sauv\u00e9e in extremis l&rsquo;an pass\u00e9, l&rsquo;\u00e9cole \u00e0 classe unique de Millac, dans le canton de l&rsquo;Isle-Joudain (avec son effectif de 18 \u00e9l\u00e8ves) serait \u00e9galement menac\u00e9e de fermeture. L&rsquo;effectif de l&rsquo;\u00e9cole d&rsquo;Adriers serait par ailleurs jug\u00e9 trop faible pour rester sans modification.<\/p>\n<p><b>Une r\u00e9union des parents d&rsquo;\u00e9l\u00e8ves \u00e0 l&rsquo;\u00e9cole de Sillars est pr\u00e9vue demain \u00e0 20\u2009h\u200930.<\/b><\/p>\n<p><em>St\u00e9phane Delannoy, Nouvelle R\u00e9publique, 10 mars 2013<\/em><\/p>\n<p><strong>Mise \u00e0 jour 11 mars 2013 :<\/strong><\/p>\n<p><a href=\"http:\/\/www.lanouvellerepublique.fr\/Vienne\/Services\/Toutes-les-DMAs\/n\/Contenus\/DMAs\/2013\/03\/10\/Blanzay-Champniers-les-parents-d-eleves-se-mobilisent-contre-la-fermeture-d-une-classe-1365022\" target=\"_blank\"><strong>Blanzay &#8211; Champniers : les parents d&rsquo;\u00e9l\u00e8ves se mobilisent contre la fermeture d&rsquo;une classe<\/strong><\/a><\/p>\n<p>Les parents d&rsquo;\u00e9l\u00e8ves du rassemblement p\u00e9dagogique intercommunal de Blanzay et Champniers, dans le canton de Civray, se mobilisent contre la fermeture d&rsquo;une classe qui figure dans le projet de carte scolaire en discussion pour la rentr\u00e9e de septembre 2013. Ils sont intervenus, hier soir, pendant un bal \u00e0 la salle des f\u00eates de Champniers o\u00f9 se trouvaient environ 80 personnes pour faire signer une p\u00e9tition. Ils appellent par ailleurs \u00e0 un rassemblement devant l&rsquo;\u00e9cole de Blanzay, mardi 12 mars, \u00e0 15 h 30.<\/p>\n<p><em>Nouvelle R\u00e9publique, 10 mars 2013<\/em><\/p>\n<\/div>\n","protected":false},"excerpt":{"rendered":"<p>Menace de fermeture de classes Depuis vendredi apr\u00e8s-midi, c&rsquo;est le branle-bas de combat au sein de l&rsquo;association de parents d&rsquo;\u00e9l\u00e8ves de Sillars. Une enseignante a \u00e9t\u00e9 alert\u00e9e par un repr\u00e9sentant syndical du fait que la future carte scolaire (actuellement en n\u00e9gociation \u00e0 l&rsquo;acad\u00e9mie) pr\u00e9voyait la fermeture de l&rsquo;une des trois classes de Sillars. Selon Karen &hellip; <a href=\"https:\/\/fa86.noblogs.org\/?p=8264\" class=\"more-link\">Continuer la lecture de <span class=\"screen-reader-text\">[Sillars &#8211; 86] Mobilisation de parents d&rsquo;\u00e9l\u00e8ves pour le maintien d&rsquo;une classe<\/span> <span class=\"meta-nav\">&rarr;<\/span><\/a><\/p>\n","protected":false},"author":2691,"featured_media":0,"comment_status":"open","ping_status":"open","sticky":false,"template":"","format":"standard","meta":{"footnotes":""},"categories":[17,9],"tags":[],"class_list":["post-8264","post","type-post","status-publish","format-standard","hentry","category-education-populaire","category-la-rue-grogne"],"_links":{"self":[{"href":"https:\/\/fa86.noblogs.org\/index.php?rest_route=\/wp\/v2\/posts\/8264","targetHints":{"allow":["GET"]}}],"collection":[{"href":"https:\/\/fa86.noblogs.org\/index.php?rest_route=\/wp\/v2\/posts"}],"about":[{"href":"https:\/\/fa86.noblogs.org\/index.php?rest_route=\/wp\/v2\/types\/post"}],"author":[{"embeddable":true,"href":"https:\/\/fa86.noblogs.org\/index.php?rest_route=\/wp\/v2\/users\/2691"}],"replies":[{"embeddable":true,"href":"https:\/\/fa86.noblogs.org\/index.php?rest_route=%2Fwp%2Fv2%2Fcomments&post=8264"}],"version-history":[{"count":3,"href":"https:\/\/fa86.noblogs.org\/index.php?rest_route=\/wp\/v2\/posts\/8264\/revisions"}],"predecessor-version":[{"id":8266,"href":"https:\/\/fa86.noblogs.org\/index.php?rest_route=\/wp\/v2\/posts\/8264\/revisions\/8266"}],"wp:attachment":[{"href":"https:\/\/fa86.noblogs.org\/index.php?rest_route=%2Fwp%2Fv2%2Fmedia&parent=8264"}],"wp:term":[{"taxonomy":"category","embeddable":true,"href":"https:\/\/fa86.noblogs.org\/index.php?rest_route=%2Fwp%2Fv2%2Fcategories&post=8264"},{"taxonomy":"post_tag","embeddable":true,"href":"https:\/\/fa86.noblogs.org\/index.php?rest_route=%2Fwp%2Fv2%2Ftags&post=8264"}],"curies":[{"name":"wp","href":"https:\/\/api.w.org\/{rel}","templated":true}]}}