{"id":8277,"date":"2013-03-12T09:24:11","date_gmt":"2013-03-12T08:24:11","guid":{"rendered":"http:\/\/fa86.noblogs.org\/?p=8277"},"modified":"2013-03-12T09:24:11","modified_gmt":"2013-03-12T08:24:11","slug":"86-mobilisations-contre-les-suppressions-de-classes","status":"publish","type":"post","link":"https:\/\/fa86.noblogs.org\/?p=8277","title":{"rendered":"[86] Mobilisations contre les suppressions de classes"},"content":{"rendered":"<p style=\"text-align: justify\"><a href=\"http:\/\/www.lanouvellerepublique.fr\/Vienne\/communes\/Adriers\/n\/Contenus\/Articles\/2013\/03\/12\/Mobilisation-contre-la-fermeture-d-une-classe-1366616\" target=\"_blank\"><strong>Adriers : Mobilisation contre la fermeture d&rsquo;une classe<\/strong><\/a><\/p>\n<p style=\"text-align: justify\">En apprenant vendredi soir qu&rsquo;une classe de l&rsquo;\u00e9cole communale Fran\u00e7ois-Albert pourrait \u00eatre ferm\u00e9e en septembre prochain, Philippe Rose, le maire d&rsquo;Adriers, avait du mal \u00e0 cacher sa col\u00e8re. \u00ab <i>Je suis surpris et \u00e9c\u0153ur\u00e9 par cette d\u00e9cision inattendue et d\u00e9sastreuse pour notre village. L&rsquo;an dernier, nous avons d\u00e9j\u00e0 d\u00fb nous battre pour conserver cette classe que l&rsquo;Inspection d&rsquo;acad\u00e9mie souhaite fermer depuis plusieurs ann\u00e9es et cela malgr\u00e9 des effectifs suffisants. <\/i>\u00bb Le maire rappelait \u00ab <i>qu&rsquo;en juin dernier l&rsquo;administration en maintenant la troisi\u00e8me classe avait laiss\u00e9 entendre que nous serions tranquilles pendant plusieurs ann\u00e9es. Si on ne veut plus d&rsquo;\u00e9cole en milieu rural il faut nous le dir<\/i>e \u00bb.<\/p>\n<p style=\"text-align: justify\">Quant aux parents d&rsquo;\u00e9l\u00e8ves, ils n&rsquo;ont pas tard\u00e9 pour exprimer leur m\u00e9contentement en bloquant, d\u00e8s 8\u2009h lundi (hier), l&rsquo;acc\u00e8s \u00e0 l&rsquo;\u00e9cole. \u00ab <i>L&rsquo;an dernier l&rsquo;administration nous disait qu&rsquo;il fallait 50 \u00e9l\u00e8ves pour maintenir les trois classes. Gr\u00e2ce \u00e0 la mobilisation de tous, 56 enfants sont actuellement inscrits \u00e0 l&rsquo;\u00e9cole, sept vont la quitter en septembre prochain pour rentrer en sixi\u00e8me et plusieurs inscriptions sont en cours. Des nouvelles familles qui vont venir habiter et travailler \u00e0 Adriers et dans sa r\u00e9gion se sont renseign\u00e9es sur l&rsquo;\u00e9cole <\/i>\u00bb, soulignait Katia Robuchon, pr\u00e9sidente de l&rsquo;APE.<\/p>\n<p style=\"text-align: justify\"><b>Rendez-vous demand\u00e9 au recteur<\/b><\/p>\n<p style=\"text-align: justify\"><i>\u00ab Nous ne voulons pas de deux classes \u00e0 5 cours. \u00c9tant tr\u00e8s attach\u00e9s \u00e0 notre \u00e9cole, il n&rsquo;est pas question que nous scolarisons nos enfants dans une \u00e9cole impos\u00e9e par l&rsquo;administration, sinon beaucoup d&rsquo;entre nous emm\u00e8neront leurs enfants \u00e0 Bussi\u00e8re-Poitevine, commune de Haute-Vienne situ\u00e9e \u00e0 quelques kilom\u00e8tres d&rsquo;Adriers <\/i>\u00bb, d\u00e9clarait une maman, tr\u00e8s en col\u00e8re. Apr\u00e8s avoir lib\u00e9r\u00e9 \u00e0 9\u2009h l&rsquo;acc\u00e8s de l&rsquo;\u00e9cole, les parents d&rsquo;\u00e9l\u00e8ves et les \u00e9lus ont sollicit\u00e9 un rendez-vous \u00ab <i>rapide <\/i>\u00bb aupr\u00e8s du recteur d&rsquo;acad\u00e9mie.<\/p>\n<p style=\"text-align: justify\">En apprenant vendredi soir qu&rsquo;une classe de l&rsquo;\u00e9cole communale Fran\u00e7ois-Albert pourrait \u00eatre ferm\u00e9e en septembre prochain, Philippe Rose, le maire d&rsquo;Adriers, avait du mal \u00e0 cacher sa col\u00e8re. \u00ab <i>Je suis surpris et \u00e9c\u0153ur\u00e9 par cette d\u00e9cision inattendue et d\u00e9sastreuse pour notre village. L&rsquo;an dernier, nous avons d\u00e9j\u00e0 d\u00fb nous battre pour conserver cette classe que l&rsquo;Inspection d&rsquo;acad\u00e9mie souhaite fermer depuis plusieurs ann\u00e9es et cela malgr\u00e9 des effectifs suffisants. <\/i>\u00bb Le maire rappelait \u00ab <i>qu&rsquo;en juin dernier l&rsquo;administration en maintenant la troisi\u00e8me classe avait laiss\u00e9 entendre que nous serions tranquilles pendant plusieurs ann\u00e9es. Si on ne veut plus d&rsquo;\u00e9cole en milieu rural il faut nous le dir<\/i>e \u00bb.<\/p>\n<p style=\"text-align: justify\">Quant aux parents d&rsquo;\u00e9l\u00e8ves, ils n&rsquo;ont pas tard\u00e9 pour exprimer leur m\u00e9contentement en bloquant, d\u00e8s 8\u2009h lundi (hier), l&rsquo;acc\u00e8s \u00e0 l&rsquo;\u00e9cole. \u00ab <i>L&rsquo;an dernier l&rsquo;administration nous disait qu&rsquo;il fallait 50 \u00e9l\u00e8ves pour maintenir les trois classes. Gr\u00e2ce \u00e0 la mobilisation de tous, 56 enfants sont actuellement inscrits \u00e0 l&rsquo;\u00e9cole, sept vont la quitter en septembre prochain pour rentrer en sixi\u00e8me et plusieurs inscriptions sont en cours. Des nouvelles familles qui vont venir habiter et travailler \u00e0 Adriers et dans sa r\u00e9gion se sont renseign\u00e9es sur l&rsquo;\u00e9cole <\/i>\u00bb, soulignait Katia Robuchon, pr\u00e9sidente de l&rsquo;APE.<\/p>\n<p style=\"text-align: justify\"><b>Rendez-vous demand\u00e9 au recteur<\/b><\/p>\n<p style=\"text-align: justify\"><i>\u00ab Nous ne voulons pas de deux classes \u00e0 5 cours. \u00c9tant tr\u00e8s attach\u00e9s \u00e0 notre \u00e9cole, il n&rsquo;est pas question que nous scolarisons nos enfants dans une \u00e9cole impos\u00e9e par l&rsquo;administration, sinon beaucoup d&rsquo;entre nous emm\u00e8neront leurs enfants \u00e0 Bussi\u00e8re-Poitevine, commune de Haute-Vienne situ\u00e9e \u00e0 quelques kilom\u00e8tres d&rsquo;Adriers <\/i>\u00bb, d\u00e9clarait une maman, tr\u00e8s en col\u00e8re. Apr\u00e8s avoir lib\u00e9r\u00e9 \u00e0 9\u2009h l&rsquo;acc\u00e8s de l&rsquo;\u00e9cole, les parents d&rsquo;\u00e9l\u00e8ves et les \u00e9lus ont sollicit\u00e9 un rendez-vous \u00ab <i>rapide <\/i>\u00bb aupr\u00e8s du recteur d&rsquo;acad\u00e9mie.<\/p>\n<p style=\"text-align: justify\"><em>Nouvelle R\u00e9publique, 12 mars 2013<\/em><\/p>\n<p style=\"text-align: justify\"><a href=\"http:\/\/www.lanouvellerepublique.fr\/Vienne\/Actualite\/Education\/n\/Contenus\/Articles\/2013\/03\/12\/Carte-scolaire-J-en-ai-marre-tous-les-ans-c-est-pareil-1366599\" target=\"_blank\"><strong>Millac : Carte scolaire : \u00a0\u00bb J&rsquo;en ai marre tous les ans, c&rsquo;est pareil \u00ab\u00a0<\/strong><\/a><\/p>\n<p style=\"text-align: justify\">Maire de Millac, Dani\u00e8le Meytraud trouve \u00e9puisant de devoir se battre chaque ann\u00e9e contre la fermeture annonc\u00e9e de l\u2019\u00e9cole du village. Interview.<\/p>\n<p style=\"text-align: justify\"><b>Le projet de carte scolaire 2013 va \u00eatre d\u00e9voil\u00e9 lundi prochain te l&rsquo;\u00e9cole de Millac serait \u00e0 nouveau sur la sellette\u2026<\/b><\/p>\n<p style=\"text-align: justify\"><b>Dani\u00e8le Meytraud\u2009:<\/b> \u00ab Pour l&rsquo;instant, on est dans le flou artistique. J&rsquo;ai appris cela par la directrice de l&rsquo;\u00e9cole qui a \u00e9t\u00e9 alert\u00e9 par un syndicat. Ce soir<i> (NDLR\u2009: hier)<\/i>, je vais \u00e0 une r\u00e9union \u00e0 Sillars avec d&rsquo;autres \u00e9lus. \u00bb<\/p>\n<p style=\"text-align: justify\"><b>La menace avait d\u00e9j\u00e0 plan\u00e9 sur l&rsquo;\u00e9cole.<\/b><\/p>\n<p style=\"text-align: justify\">\u00ab Une nouvelle fois, on se retrouve concern\u00e9 et j&rsquo;en ai marre. Tous les ans, c&rsquo;est pareil. \u00c7a devient d\u00e9primant. Pourtant, on essaie de faire du mieux possible, notamment en r\u00e9novant les locaux. Je le r\u00e9p\u00e8te, c&rsquo;est \u00e9puisant. \u00bb<\/p>\n<p style=\"text-align: justify\"><b>Quelle sera la situation de l&rsquo;effectif de l&rsquo;\u00e9cole \u00e0 la rentr\u00e9e prochaine\u2009?<\/b><\/p>\n<p style=\"text-align: justify\">\u00ab Nous avons actuellement vingt-trois \u00e9l\u00e8ves, r\u00e9partis en deux classes\u2009: les petits dans une, les CE1, CE2, CM1 et CM2 dans l&rsquo;autre. A la rentr\u00e9e, cinq vont partir et trois arriver, ce qui fera vingt \u00e9l\u00e8ves en tout. C&rsquo;est vrai, ce n&rsquo;est pas beaucoup mais je l&rsquo;ai d\u00e9j\u00e0 dit \u00e0 l&rsquo;inspecteur d&rsquo;acad\u00e9mie, on ne peut quand m\u00eame pas tous les mettre dans la m\u00eame classe car le rythme de travail n&rsquo;est pas identique. Chez nous, les instituteurs peuvent d&rsquo;adapter aux probl\u00e8mes particuliers de chaque enfant mais \u00e7a co\u00fbte sans doute trop cher \u00e0 l&rsquo;\u00c9ducation nationale. \u00bb<\/p>\n<p style=\"text-align: justify\"><b>\u00c7a vous surprend\u2009?<\/b><\/p>\n<p style=\"text-align: justify\">\u00ab Je suis d&rsquo;autant plus surprise qu&rsquo;apr\u00e8s le changement de gouvernement, des cr\u00e9ations de postes ont \u00e9t\u00e9 envisag\u00e9es. Pour une fois, je pensais qu&rsquo;on allait \u00eatre tranquille cette ann\u00e9e. On tente de maintenir un village assez vivant et voil\u00e0\u2026 Il faut savoir qu&rsquo;\u00e0 Millac, on accueille aussi les enfants d&rsquo;Asni\u00e8res-sous-Blour et Luchapt o\u00f9 il n&rsquo;y a plus d&rsquo;\u00e9cole. Si on doit fermer, il faudra aller \u00e0 l&rsquo;Isle-Jourdain. \u00bb<\/p>\n<p style=\"text-align: justify\"><b>Que pouvez-vous faire\u2009?<\/b><\/p>\n<p style=\"text-align: justify\">\u00ab On fera comme l&rsquo;ann\u00e9e derni\u00e8re, on montera manifester \u00e0 Poitiers. A Millac, c&rsquo;est une situation qu&rsquo;on vit tr\u00e8s mal. Avoir des enfants dans un village, c&rsquo;est la vie. Je discute souvent avec des \u00e9lus et des habitants d&rsquo;Asni\u00e8res et de Luchapt et ils sont affirmatifs\u2009: depuis que les \u00e9coles sont ferm\u00e9es, c&rsquo;est triste de ne plus voir d&rsquo;enfants. \u00bb<\/p>\n<p style=\"text-align: justify\"><em>Recueilli par Jean-Fran\u00e7ois Rullier, Nouvelle R\u00e9publique, 12 mars 2013<\/em><\/p>\n","protected":false},"excerpt":{"rendered":"<p>Adriers : Mobilisation contre la fermeture d&rsquo;une classe En apprenant vendredi soir qu&rsquo;une classe de l&rsquo;\u00e9cole communale Fran\u00e7ois-Albert pourrait \u00eatre ferm\u00e9e en septembre prochain, Philippe Rose, le maire d&rsquo;Adriers, avait du mal \u00e0 cacher sa col\u00e8re. \u00ab Je suis surpris et \u00e9c\u0153ur\u00e9 par cette d\u00e9cision inattendue et d\u00e9sastreuse pour notre village. L&rsquo;an dernier, nous avons &hellip; <a href=\"https:\/\/fa86.noblogs.org\/?p=8277\" class=\"more-link\">Continuer la lecture de <span class=\"screen-reader-text\">[86] Mobilisations contre les suppressions de classes<\/span> <span class=\"meta-nav\">&rarr;<\/span><\/a><\/p>\n","protected":false},"author":2691,"featured_media":0,"comment_status":"open","ping_status":"open","sticky":false,"template":"","format":"standard","meta":{"footnotes":""},"categories":[17,9],"tags":[],"class_list":["post-8277","post","type-post","status-publish","format-standard","hentry","category-education-populaire","category-la-rue-grogne"],"_links":{"self":[{"href":"https:\/\/fa86.noblogs.org\/index.php?rest_route=\/wp\/v2\/posts\/8277","targetHints":{"allow":["GET"]}}],"collection":[{"href":"https:\/\/fa86.noblogs.org\/index.php?rest_route=\/wp\/v2\/posts"}],"about":[{"href":"https:\/\/fa86.noblogs.org\/index.php?rest_route=\/wp\/v2\/types\/post"}],"author":[{"embeddable":true,"href":"https:\/\/fa86.noblogs.org\/index.php?rest_route=\/wp\/v2\/users\/2691"}],"replies":[{"embeddable":true,"href":"https:\/\/fa86.noblogs.org\/index.php?rest_route=%2Fwp%2Fv2%2Fcomments&post=8277"}],"version-history":[{"count":1,"href":"https:\/\/fa86.noblogs.org\/index.php?rest_route=\/wp\/v2\/posts\/8277\/revisions"}],"predecessor-version":[{"id":8278,"href":"https:\/\/fa86.noblogs.org\/index.php?rest_route=\/wp\/v2\/posts\/8277\/revisions\/8278"}],"wp:attachment":[{"href":"https:\/\/fa86.noblogs.org\/index.php?rest_route=%2Fwp%2Fv2%2Fmedia&parent=8277"}],"wp:term":[{"taxonomy":"category","embeddable":true,"href":"https:\/\/fa86.noblogs.org\/index.php?rest_route=%2Fwp%2Fv2%2Fcategories&post=8277"},{"taxonomy":"post_tag","embeddable":true,"href":"https:\/\/fa86.noblogs.org\/index.php?rest_route=%2Fwp%2Fv2%2Ftags&post=8277"}],"curies":[{"name":"wp","href":"https:\/\/api.w.org\/{rel}","templated":true}]}}