{"id":8287,"date":"2013-03-12T18:51:51","date_gmt":"2013-03-12T17:51:51","guid":{"rendered":"http:\/\/fa86.noblogs.org\/?p=8287"},"modified":"2013-03-12T18:51:51","modified_gmt":"2013-03-12T17:51:51","slug":"lhommaize-86-une-initiative-contre-la-lgv-et-son-monde-capitaliste-et-autoritaire","status":"publish","type":"post","link":"https:\/\/fa86.noblogs.org\/?p=8287","title":{"rendered":"[Lhommaiz\u00e9 &#8211; 86] Une initiative contre la LGV et son monde (capitaliste et autoritaire)"},"content":{"rendered":"<p style=\"text-align: justify\"><a href=\"https:\/\/grenoble.indymedia.org\/2013-03-11-Une-initiative-contre-la-LGV-et\" target=\"_blank\"><strong>Une initiative contre la LGV et son monde (capitaliste et autoritaire)<\/strong><\/a><\/p>\n<p style=\"text-align: justify\">Dans la soir\u00e9e du 26 novembre 2013, \u00e0 quelques un-e-s, nous nous sommes rendu-e-s \u00e0 une r\u00e9union publique organis\u00e9e par RFF \u00e0 Lhommaiz\u00e9 (86) pour affirmer notre opposition aux projets de LGV et notamment celui entre Limoges et Poitiers. Nous avons distribu\u00e9 un tract (dont le texte est visible ci-dessous), qui a eu l\u2019air de faire plaisir aux personnes qui venaient assister \u00e0 la r\u00e9union. Seul-e-s deux personnes, par ailleurs employ\u00e9-e-s par la centrale nucl\u00e9aire de Civaux (86), sont venues nous le rendre car elles n\u2019appr\u00e9ciaient pas que nous mettions en lumi\u00e8re la logique commune au Nucl\u00e9aire et au saccage des terres au nom du d\u00e9sir de ces gros porcs de bourges de se d\u00e9placer toujours plus vite (toutes nos excuses aux cochons). En ce qui nous concerne, notre d\u00e9sir serait plut\u00f4t de voir fleurir moult collectifs, comit\u00e9s, assembl\u00e9es citoyennes ou pas et qu\u2019on puisse se f\u00e9d\u00e9rer pour lutter contre l\u2019actuelle vague d\u2019am\u00e9nagement du territoire qui nous fait face. Nous souhaitons adresser toutes nos amiti\u00e9s aux copains et aux copines NO TAV du Val Susa qui se battent contre un projet de ligne TGV (TAV en italien) entre Torino et Lyon et aux camarades basques qui luttent contre un projet de LGV entre Bordeaux et l\u2019Espagne.<\/p>\n<p style=\"text-align: justify\"><i>COPAIN (COllectif Poitevin Pour l\u2019Arr\u00eat Imm\u00e9diat du Nucl\u00e9aire) copain[chez]riseup[point]net<\/i><\/p>\n<p style=\"text-align: justify\">[fra] <strong>NOUS NE VOULONS PAS DU TGV, NI ICI NI AILLEURS.<\/strong><\/p>\n<p style=\"text-align: justify\">Nous ne venons pas pour d\u00e9battre avec RFF. Nous n\u2019avons rien \u00e0 dire \u00e0 ces gens-l\u00e0. Leurs r\u00e9unions, enqu\u00eates publiques et autres concertations ne sont que le vernis d\u00e9mocratique pour venir saccager des territoires et imposer leurs projets mortif\u00e8res.<\/p>\n<p style=\"text-align: justify\">Quelle mobilit\u00e9 le TGV nous offre-t-il \u00e0 nous qui ne pouvons pas nous l\u2019offrir ? Souhaitons-nous seulement nous d\u00e9placer dans ces wagons o\u00f9 l\u2019on cr\u00e8ve de trouille de s\u2019adresser la parole ? Non ce n\u2019est pas notre id\u00e9e du voyage.<\/p>\n<p style=\"text-align: justify\">On nous a tant vant\u00e9 la vitesse qui soi-disant annon\u00e7ait le progr\u00e8s. Le progr\u00e8s technique certainement, mais le progr\u00e8s social certainement pas. Cette religion de l\u2019imm\u00e9diatet\u00e9 imprime un rythme \u00e0 nos vies, nous fait courir toujours plus vite vers nulle part.<\/p>\n<p style=\"text-align: justify\">Les professionnel-le-s de la politique nous promettent que leurs foutus projets d\u2019am\u00e9nagement capitaliste du territoire cr\u00e9eront tout plein d\u2019emplois toujours plus pr\u00e9caires et mal pay\u00e9s. Chouette&#8230;<\/p>\n<p style=\"text-align: justify\">Alors qu\u2019on aimerait nous voir culpabiliser de ne pas aimer un travail qui n\u2019a aucun sens ou de ne pas chercher en vain un emploi qui n\u2019existe pas et dont l\u2019\u00e9conomie n\u2019a m\u00eame pas besoin, nous cherchons le moyen de nous r\u00e9approprier nos existences.<\/p>\n<p style=\"text-align: justify\">Nous pensons que cette r\u00e9appropriation passe par la n\u00e9cessaire r\u00e9sistance \u00e0 tous ces projets qui cherchent \u00e0 nous am\u00e9nager nous tout autant que nos lieux de vie.<\/p>\n<p style=\"text-align: justify\">Au Larzac, \u00e0 Plogoff, et bient\u00f4t \u00e0 Notre-Dame-des-Landes, l\u2019histoire nous enseigne\u00a0 que face \u00e0 une population d\u00e9termin\u00e9e, les puissant-e-s font parfois marche arri\u00e8re. Comme l\u2019a \u00e9crit Bertolt Brecht, \u00ab celui qui combat peut perdre, mais celui qui ne combat pas a d\u00e9j\u00e0 perdu \u00bb.<\/p>\n<p style=\"text-align: justify\"><em>Vu sur Indymedia Grenoble, 11 mars 2013<\/em><\/p>\n","protected":false},"excerpt":{"rendered":"<p>Une initiative contre la LGV et son monde (capitaliste et autoritaire) Dans la soir\u00e9e du 26 novembre 2013, \u00e0 quelques un-e-s, nous nous sommes rendu-e-s \u00e0 une r\u00e9union publique organis\u00e9e par RFF \u00e0 Lhommaiz\u00e9 (86) pour affirmer notre opposition aux projets de LGV et notamment celui entre Limoges et Poitiers. Nous avons distribu\u00e9 un tract &hellip; <a href=\"https:\/\/fa86.noblogs.org\/?p=8287\" class=\"more-link\">Continuer la lecture de <span class=\"screen-reader-text\">[Lhommaiz\u00e9 &#8211; 86] Une initiative contre la LGV et son monde (capitaliste et autoritaire)<\/span> <span class=\"meta-nav\">&rarr;<\/span><\/a><\/p>\n","protected":false},"author":2691,"featured_media":0,"comment_status":"open","ping_status":"open","sticky":false,"template":"","format":"standard","meta":{"footnotes":""},"categories":[18,12,7],"tags":[],"class_list":["post-8287","post","type-post","status-publish","format-standard","hentry","category-decroissance-libertaire","category-okupa-y-resiste","category-propagande-marchande"],"_links":{"self":[{"href":"https:\/\/fa86.noblogs.org\/index.php?rest_route=\/wp\/v2\/posts\/8287","targetHints":{"allow":["GET"]}}],"collection":[{"href":"https:\/\/fa86.noblogs.org\/index.php?rest_route=\/wp\/v2\/posts"}],"about":[{"href":"https:\/\/fa86.noblogs.org\/index.php?rest_route=\/wp\/v2\/types\/post"}],"author":[{"embeddable":true,"href":"https:\/\/fa86.noblogs.org\/index.php?rest_route=\/wp\/v2\/users\/2691"}],"replies":[{"embeddable":true,"href":"https:\/\/fa86.noblogs.org\/index.php?rest_route=%2Fwp%2Fv2%2Fcomments&post=8287"}],"version-history":[{"count":2,"href":"https:\/\/fa86.noblogs.org\/index.php?rest_route=\/wp\/v2\/posts\/8287\/revisions"}],"predecessor-version":[{"id":8289,"href":"https:\/\/fa86.noblogs.org\/index.php?rest_route=\/wp\/v2\/posts\/8287\/revisions\/8289"}],"wp:attachment":[{"href":"https:\/\/fa86.noblogs.org\/index.php?rest_route=%2Fwp%2Fv2%2Fmedia&parent=8287"}],"wp:term":[{"taxonomy":"category","embeddable":true,"href":"https:\/\/fa86.noblogs.org\/index.php?rest_route=%2Fwp%2Fv2%2Fcategories&post=8287"},{"taxonomy":"post_tag","embeddable":true,"href":"https:\/\/fa86.noblogs.org\/index.php?rest_route=%2Fwp%2Fv2%2Ftags&post=8287"}],"curies":[{"name":"wp","href":"https:\/\/api.w.org\/{rel}","templated":true}]}}